{"id":312044,"date":"2023-04-17T01:00:12","date_gmt":"2023-04-16T23:00:12","guid":{"rendered":"https:\/\/www.focolare.org\/dialop-dialogo-entre-cristianos-y-la-izquierda-europea-en-busqueda-de-un-cambio-real\/"},"modified":"2024-05-15T20:53:46","modified_gmt":"2024-05-15T18:53:46","slug":"dialop-dialogo-entre-cristianos-y-la-izquierda-europea-en-busqueda-de-un-cambio-real","status":"publish","type":"post","link":"https:\/\/www.focolare.org\/es\/dialop-dialogo-entre-cristianos-y-la-izquierda-europea-en-busqueda-de-un-cambio-real\/","title":{"rendered":"DIALOP: di\u00e1logo entre cristianos y la izquierda europea en b\u00fasqueda de un cambio real."},"content":{"rendered":"<p><em>Desde hace casi diez a\u00f1os se est\u00e1 realizando un proyecto de di\u00e1logo entre socialistas\/marxistas y cristianos europeos que lleva el nombre de DIALOP. Nos hemos encontrado con algunos de los protagonistas de este di\u00e1logo hace pocos d\u00edas, mientras visitaban el Centro Internacional de los Focolares en Rocca di Papa (Italia)<\/em>  \u201cPienso que con la elecci\u00f3n del Papa Francisco la situaci\u00f3n ha cambiado completa y sustancialmente. No s\u00f3lo para la Iglesia Cat\u00f3lica, sino tambi\u00e9n para todas las fuerzas filos\u00f3ficas y culturales que se sienten en oposici\u00f3n al <img alt=\"\" alt=\"\" loading=\"lazy\" decoding=\"async\" class=\"alignleft wp-image-255461\" src=\"https:\/\/www.focolare.org\/wp-content\/uploads\/2023\/04\/DIALOP-Walter-366x340.png\" alt=\"\" width=\"332\" height=\"308\" \/>neoliberalismo.\u00a0 Porque lo que ense\u00f1a el Papa \u2013dir\u00eda\u2013 es una forma de unir, que es contraria al consumismo individual. Ello lleva al Papa y a los sectores de la Iglesia que lo siguen a una posici\u00f3n cercana a la posici\u00f3n de la izquierda, que trata de enfatizar los <em>valores colectivos comunes\u201d<\/em>. As\u00ed se expresa Walter Baier uno de los exponentes de DIALOP, un proyecto de di\u00e1logo entre socialistas\/marxistas y cristianos, que comprende intelectuales, acad\u00e9micos, pol\u00edticos, activistas y estudiantes de distintos pa\u00edses europeos.\u00a0 \u201cCreemos que el di\u00e1logo es la forma mejor para realizar un verdadero cambio y trabajamos para transformar el mundo en un lugar mejor en donde vivir\u201d, dicen.  La experiencia de DIALOP tuvo su comienzo durante la audiencia privada que el Papa Francisco les concedi\u00f3 a dos pol\u00edticos de izquierda: Alexis Tsipras de Grecia y Walter Baier de Austria, junto con Franz Kronreif del Movimiento de los Focolares, el 18 de septiembre de 2014. En esa ocasi\u00f3n la conversaci\u00f3n se centr\u00f3 en la crisis ambiental y en la crisis social mundial. Terminando la audiencia, el Papa Francisco los invit\u00f3 a lanzar un di\u00e1logo transversal, capaz de involucrar a los estratos m\u00e1s amplios de la sociedad y sobre todo de los j\u00f3venes.  \u201cRepresento el partido de la Izquierda Europea desde hace tres meses \u2013se presenta Baier\u2013. Soy un principiante. El Partido de la Izquierda Europea ahora est\u00e1 compuesto por 35 partidos provenientes de 27 pa\u00edses europeos. Los pa\u00edses pertenecen a la Uni\u00f3n Europea y dir\u00eda que nuestra comprensi\u00f3n de Europa deber\u00eda ser realmente mucho m\u00e1s amplia que mirar s\u00f3lo a la parte privilegiada de Europa, por as\u00ed decir. Tomamos en serio el paneurope\u00edsmo, que tenemos que comprender, es decir Europa no s\u00f3lo es distinta, sino que tambi\u00e9n est\u00e1 herida por profundas divisiones sociales y econ\u00f3micas.\u00a0 Y una de las exigencias fundamentales de la izquierda tendr\u00eda que ser la de realizarlo. Alcanzar un tenor de vida digno en todas partes en Europa para nuestra familia. Algo que hemos aprendido tambi\u00e9n por estar juntos, con nuestros hermanos cristianos en di\u00e1logo, es el consenso diferenciado y el disenso calificado que constituyen realmente un m\u00e9todo muy pero muy \u00fatil\u201d.  <img alt=\"\" alt=\"\" loading=\"lazy\" decoding=\"async\" class=\"alignright size-large wp-image-255462\" src=\"https:\/\/www.focolare.org\/wp-content\/uploads\/2023\/04\/DIALOP-Cornelia-347x340.png\" alt=\"\" width=\"347\" height=\"340\" \/>Cornelia Hildebrandt, perteneciente a \u00a0<a href=\"https:\/\/www.transform-network.net\/\"><em>Trasform! <\/em><em>Europe<\/em><\/a><em>,<\/em> no duda frente a las guerras que est\u00e1n realiz\u00e1ndose hoy: \u201cLa afirmaci\u00f3n del Papa Francisco de que toda guerra es un fracaso de la pol\u00edtica es compartida por nosotros de izquierda. En estos tiempos ricos de conflictos, pensamos que el di\u00e1logo no es solamente una necesidad urgente, sino tambi\u00e9n un imperativo categ\u00f3rico. Se requiere toda nuestra fuerza para imponer una paz sustentable contra la destrucci\u00f3n del ambiente, las condiciones de vida de las personas contra la barbarie\u201d.  Dialogar significa acoger al otro en la propia casa. Es ser el anfitri\u00f3n del invitado. No es s\u00f3lo un instrumento, sino tambi\u00e9n un encuentro constante, un recorrido de experiencia intelectual y espiritual compartida, en la cual la particularidad de las diferentes partes intervinientes no desaparece, sino que se despliega y se desarrolla m\u00e1s claramente. Con estos encuentros, los opuestos se vuelven complementarios. Y justamente Hilodebrandt explica el concepto del consenso diferenciado y del disenso calificado: \u201cAdoptamos y adaptamos un m\u00e9todo que se utiliza en el ecumenismo entre las Iglesias cristianas. Las afirmaciones de base formuladas de un modo incoherente por la sociedad y el mundo tienen que formar una s\u00f3lida base. Para que los intervinientes puedan hablar y actuar juntos, las declaraciones de base tienen que hacer expl\u00edcita referencia a textos originales para ser compatibles con las respectivas tradiciones de la Iglesia Cat\u00f3lica y de la izquierda de <em>Transform! Europe<\/em> y otros. Adem\u00e1s hay que formular preguntas con precisi\u00f3n. A partir de all\u00ed se puede empezar una b\u00fasqueda de declaraciones claras comunes, que reflejen la propia tradici\u00f3n y se enriquezcan\u201d.  <img alt=\"\" alt=\"\" loading=\"lazy\" decoding=\"async\" class=\"alignleft size-large wp-image-255463\" src=\"https:\/\/www.focolare.org\/wp-content\/uploads\/2023\/04\/DIALOP-Angelina-330x340.png\" alt=\"\" width=\"330\" height=\"340\" \/>Angelina Giannopoulou es una joven griega de <em>Tranform! Europe<\/em>, que con decidida vehemencia cuenta su propia experiencia de camino en Dialop y hace hincapi\u00e9 en la importancia de la presencia juvenil, para el presente y el futuro de esta realidad. \u00a0Adem\u00e1s presenta tambi\u00e9n el \u00a0<a href=\"https:\/\/www.focolare.org\/es\/2023\/02\/15\/proyecto-dialogue-para-poner-en-practica-el-arte-del-dialogoitaliano-progetto-dialogue-praticare-larte-del-dialogo\/\" target=\"_blank\" rel=\"noopener\">\u201cProyecto DialogUE\u201d<\/a>, en colaboraci\u00f3n con la Comunidad Europea y un consorcio de 14 Organizaciones de la sociedad civil, que tendr\u00e1 un sitio importante en la Jornada Mundial de la Juventud en Lisboa con una jornada dedicada a la comunicaci\u00f3n y contar\u00e1 con la participaci\u00f3n de pol\u00edticos, expertos y j\u00f3venes. Seguir\u00e1n en momentos diferentes otros simposios sobre la ecolog\u00eda y las pol\u00edticas sociales.  \u201cNo podemos adaptarnos a la situaci\u00f3n en la que nos encontramos hoy en Europa y en el mundo, pienso que \u00e9sa es la vocaci\u00f3n m\u00e1s fuerte de Dialop\u201d concluye Walter Baier. <\/p>\n<p style=\"text-align: right;\"><em>Carlos Mana<\/em><\/p>\n<p> Para m\u00e1s informaciones y poder acceder al \u201cDIALOP Position Paper\u201d puede visitarse la p\u00e1gina web de Dialop (<a href=\"https:\/\/dialop.eu\/\">https:\/\/dialop.eu\/<\/a>).<\/p>\n","protected":false},"excerpt":{"rendered":"<p>Desde hace casi diez a\u00f1os se est\u00e1 realizando un proyecto de di\u00e1logo entre socialistas\/marxistas y cristianos europeos que lleva el nombre de DIALOP. Nos hemos encontrado con algunos de los protagonistas de este di\u00e1logo hace pocos d\u00edas, mientras visitaban el Centro Internacional de los Focolares en Rocca di Papa (Italia)<\/p>\n","protected":false},"author":34,"featured_media":0,"comment_status":"open","ping_status":"open","sticky":false,"template":"","format":"standard","meta":{"give_campaign_id":0,"_seopress_robots_primary_cat":"","_seopress_titles_title":"","_seopress_titles_desc":"","_seopress_robots_index":"","_et_pb_use_builder":"","_et_pb_old_content":"","_et_gb_content_width":"","footnotes":""},"categories":[46],"tags":[],"class_list":["post-312044","post","type-post","status-publish","format-standard","hentry","category-sin-categorizar"],"_links":{"self":[{"href":"https:\/\/www.focolare.org\/es\/wp-json\/wp\/v2\/posts\/312044","targetHints":{"allow":["GET"]}}],"collection":[{"href":"https:\/\/www.focolare.org\/es\/wp-json\/wp\/v2\/posts"}],"about":[{"href":"https:\/\/www.focolare.org\/es\/wp-json\/wp\/v2\/types\/post"}],"author":[{"embeddable":true,"href":"https:\/\/www.focolare.org\/es\/wp-json\/wp\/v2\/users\/34"}],"replies":[{"embeddable":true,"href":"https:\/\/www.focolare.org\/es\/wp-json\/wp\/v2\/comments?post=312044"}],"version-history":[{"count":0,"href":"https:\/\/www.focolare.org\/es\/wp-json\/wp\/v2\/posts\/312044\/revisions"}],"wp:attachment":[{"href":"https:\/\/www.focolare.org\/es\/wp-json\/wp\/v2\/media?parent=312044"}],"wp:term":[{"taxonomy":"category","embeddable":true,"href":"https:\/\/www.focolare.org\/es\/wp-json\/wp\/v2\/categories?post=312044"},{"taxonomy":"post_tag","embeddable":true,"href":"https:\/\/www.focolare.org\/es\/wp-json\/wp\/v2\/tags?post=312044"}],"curies":[{"name":"wp","href":"https:\/\/api.w.org\/{rel}","templated":true}]}}