{"id":312060,"date":"2023-05-12T05:00:21","date_gmt":"2023-05-12T03:00:21","guid":{"rendered":"https:\/\/www.focolare.org\/los-focolares-en-el-pacifico-una-sola-familia\/"},"modified":"2024-05-15T20:53:49","modified_gmt":"2024-05-15T18:53:49","slug":"los-focolares-en-el-pacifico-una-sola-familia","status":"publish","type":"post","link":"https:\/\/www.focolare.org\/es\/los-focolares-en-el-pacifico-una-sola-familia\/","title":{"rendered":"Los Focolares en el Pac\u00edfico, una sola familia"},"content":{"rendered":"<p><em>Las islas Fiyi han sido la tercera etapa del viaje por Asia y Ocean\u00eda de Margaret Karram y Jes\u00fas Mor\u00e1n, presidenta y copresidente del Movimiento de los Focolares. En esta regi\u00f3n del Pac\u00edfico, la espiritualidad de la unidad se ha difundido desde finales de los a\u00f1os sesenta.<\/em> <\/p>\n<p style=\"font-weight: 400;\">Aunque llegaron a las Islas Fiyi el pasado 3 de mayo 2023, hay que decir que la etapa del viaje de Margaret Karram y Jes\u00fas Mor\u00e1n en Ocean\u00eda no comenz\u00f3 oficialmente hasta dos d\u00edas despu\u00e9s, con la ceremonia del \u00abSevusevu\u00bb, a la que asistieron m\u00e1s de 200 personas, entre la cuales representantes de la Iglesia local. Esto marc\u00f3 su entrada y la de la delegaci\u00f3n del Centro que los acompa\u00f1aba en la comunidad eclesial y social fiyiana.<\/p>\n<p style=\"font-weight: 400;\"><strong>Sevusevu: el don de la acogida<\/strong><\/p>\n<p> <img loading=\"lazy\" decoding=\"async\" class=\"wp-image-256310 alignright\" src=\"https:\/\/www.focolare.org\/wp-content\/uploads\/2023\/05\/sevusevu_4-453x340.jpeg\" alt=\"Isole Fiji_cerimonia del \u201cSevusevu\u201d\" width=\"350\" height=\"263\" \/> <\/p>\n<p style=\"font-weight: 400;\">Con la ceremonia del \u00abSevusevu\u00bb \u2012que significa \u00abregalo\u00bb\u2012 se da la bienvenida a quien llega al archipi\u00e9lago y desde ese momento deja de ser visitante para convertirse en parte de la comunidad y miembro, con todos los derechos y privilegios de pisar suelo fiyiano. La presidenta y el copresidente de los Focolares recibieron preciosas guirnaldas y la ra\u00edz de Kava, un derivado de la planta de la pimienta, con un significado ancestral. Los dos \u00abcandidatos\u00bb fueron presentados a la comunidad por los \u00abheraldos\u00bb, que hablaron en su nombre. A continuaci\u00f3n bebieron de una vez la bebida elaborada con Kava y recibieron el \u00abTabua\u00bb, un diente de ballena con significado sagrado: es el objeto m\u00e1s preciado de la cultura fiyiana, que se les ofrece como signo de la m\u00e1s alta estima y honor.<\/p>\n<p style=\"font-weight: 400;\"><strong>Las tradiciones en el Pac\u00edfico: ra\u00edces del presente y del futuro de los pueblos <\/strong><\/p>\n<p style=\"font-weight: 400;\">Desde el principio, se capta que las tradiciones en el Pac\u00edfico son elementos vitales y actuales; no est\u00e1n relegadas a un pasado que nada tiene que ver con la vida cotidiana de la gente, sino que constituyen la base de su estilo de vida.\u00a0 Respeto, acogida, reciprocidad, solidaridad social, un v\u00ednculo muy profundo y antiguo con la naturaleza, son los valores que las tradiciones siguen transmitiendo.<\/p>\n<p style=\"font-weight: 400;\">\u00abMargaret Karram, Jes\u00fas Mor\u00e1n y la delegaci\u00f3n de los Focolares llegaron en un momento particular de la vida de las islas Fiyi\u00bb, explica Peter Emberson, fiyiano, consultor multilateral y analista pol\u00edtico del gobierno de Fiyi y de las Naciones Unidas, que creci\u00f3 en el Movimiento desde muy joven. \u00abEl gobierno actual es m\u00e1s abierto y democr\u00e1tico, y veo la visita de Margaret Karram y de Jes\u00fas Mor\u00e1n como parte de este proceso de renovaci\u00f3n social y pol\u00edtica. Hay dos preguntas que aqu\u00ed en el Pac\u00edfico siempre hacemos a una delegaci\u00f3n oficial que desembarca en las costas de nuestras islas: \u00ab\u00bfDe d\u00f3nde vienen?\u00bb y \u00ab\u00bfPor qu\u00e9 han venido?\u00bb. En el \u00abSevusevu\u00bb Margaret tom\u00f3 la palabra ante el pueblo fiyiano y ofreci\u00f3 su compromiso y el del Movimiento de los Focolares para construir la unidad tambi\u00e9n aqu\u00ed. Es una respuesta de identidad, que dice mucho de la contribuci\u00f3n que el Movimiento puede aportar a nuestro pa\u00eds. Y esto genera confianza\u00bb.<\/p>\n<p style=\"font-weight: 400;\"><strong>Una regi\u00f3n demasiado poco conocida a\u00fan<\/strong><\/p>\n<p> <img loading=\"lazy\" decoding=\"async\" class=\"wp-image-256299 alignleft\" src=\"https:\/\/www.focolare.org\/wp-content\/uploads\/2023\/05\/fiore--255x340.jpg\" alt=\"Isole Fiji\" width=\"231\" height=\"308\" \/> <\/p>\n<p style=\"font-weight: 400;\">Ocean\u00eda es un continente poco conocido y aunque, en sentido territorial, es el mayor del globo, en t\u00e9rminos de masa terrestre es el m\u00e1s peque\u00f1o. Adem\u00e1s de Australia y Nueva Zelanda, comprende la regi\u00f3n del Pac\u00edfico, formada por 26 Estados nacionales y territorios. Los principales grupos \u00e9tnicos son melanesios, micronesios y polinesios. En total, el \u00e1rea del Pac\u00edfico tiene una poblaci\u00f3n de 16 millones de personas y, en los \u00faltimos 100 a\u00f1os, las islas Fiyi (casi un mill\u00f3n de habitantes), se han convertido en el coraz\u00f3n pol\u00edtico y econ\u00f3mico de la regi\u00f3n, con un panorama religioso variado. El cristianismo es la fe m\u00e1s practicada, seguida del hinduismo y el islam. El catolicismo lleg\u00f3 en el siglo XIX y hoy los fieles son algo m\u00e1s de 82.000.<\/p>\n<p style=\"font-weight: 400;\">El padre Soane Fotutata, secretario de la Conferencia Episcopal del Pac\u00edfico (CEPAC), durante una cena en el focolar, aclar\u00f3 los desaf\u00edos sociales, pero tambi\u00e9n eclesiales, de este vasto territorio en el que la Iglesia cat\u00f3lica est\u00e1 presente con 14 di\u00f3cesis.\u00a0 Explic\u00f3 que la crisis ecol\u00f3gica es una amenaza existencial para las personas y las comunidades. Esta se manifiesta con la subida del nivel del mar, la acidificaci\u00f3n de los oc\u00e9anos, las sequ\u00edas, inundaciones y fen\u00f3menos meteorol\u00f3gicos extremos cada vez m\u00e1s frecuentes. Adem\u00e1s, hay plagas sociales como la migraci\u00f3n econ\u00f3mica y clim\u00e1tica que est\u00e1 despoblando muchas islas, la prostituci\u00f3n, el alcoholismo y la pobreza, a las que tambi\u00e9n la Iglesia local intenta dar respuesta.<\/p>\n<p style=\"font-weight: 400;\"><strong>2022: la llegada de los focolares a Suva<\/strong><\/p>\n<p style=\"font-weight: 400;\">En este contexto eclesial se abrieron hace un a\u00f1o los focolares femenino y masculino en Suva, la capital de las Islas Fiyi. Su presencia, de hecho, est\u00e1 vinculada tambi\u00e9n a un proyecto sostenido por <em>Missio Escocia<\/em> y <em>Missio Australia<\/em>, para colaborar en la pastoral diocesana de los j\u00f3venes confirmandos y los posconfirmados, con un programa que pretende apoyar la transmisi\u00f3n de las riquezas culturales entre las generaciones. \u00abA nuestra llegada \u2013cuentan Lourdes Rank, de Brasil, y Stephen Hall, de Nueva Zelanda\u2013 el arzobispo nos pidi\u00f3 que ante todo estuvi\u00e9ramos al servicio de la Iglesia y que nos insert\u00e1ramos en sus actividades y proyectos. Nos implicamos en la catequesis, con los j\u00f3venes y en la vida de nuestras parroquias. Este enfoque result\u00f3 muy positivo: ahora formamos parte realmente de la vida eclesial y hemos empezado a entablar relaciones con diversos sacerdotes, religiosos y laicos\u00bb.<\/p>\n<p style=\"font-weight: 400;\">A este prop\u00f3sito, el vicario general de la archidi\u00f3cesis de Suva, monse\u00f1or Sulio Turagakacivi, expres\u00f3 su gratitud por el servicio que los focolares prestan en la Iglesia local. Agradeci\u00e9ndole, Margaret Karram dijo: \u00abPodemos aprender de la Iglesia de aqu\u00ed c\u00f3mo vivir el proceso sinodal y c\u00f3mo mantener la frescura del encuentro del Evangelio con la cultura y la sociedad locales\u00bb.<\/p>\n<p style=\"font-weight: 400;\"><strong>En Futuna la primera semilla de la espiritualidad de la unidad<\/strong><\/p>\n<p style=\"font-weight: 400;\">Pero la primera semilla de la espiritualidad de la unidad en el Pac\u00edfico fue plantada a finales de los a\u00f1os sesenta por sor Anna Scarpone, misionera marista en la isla de Futuna. El primer focolar del Pac\u00edfico se abri\u00f3 despu\u00e9s en Numea (Nueva Caledonia) desde 1992 a 2008, acompa\u00f1ando el nacimiento y crecimiento de una vibrante comunidad local. Hoy, los focolares de las islas Fiyi son la \u00abcasa\u00bb de todas las comunidades del Movimiento en la regi\u00f3n del Pac\u00edfico, que est\u00e1n presentes\u2013adem\u00e1s que en Nueva Caledonia y Fiyi\u2013 tambi\u00e9n en Kiribati, Wallis y Futuna, con algunas personas que conocen la espiritualidad tambi\u00e9n en Pap\u00faa Nueva Guinea, Samoa y Vanuatu.<\/p>\n<p style=\"font-weight: 400;\"><strong>Juntos por primera vez <\/strong><\/p>\n<p> <img loading=\"lazy\" decoding=\"async\" class=\"size-medium wp-image-256286 alignright\" src=\"https:\/\/www.focolare.org\/wp-content\/uploads\/2023\/05\/comunita-255x340.jpeg\" alt=\"Isole Fiji-Margaret Karram e Jes\u00fas Mor\u00e1n con alcuni membri della comunit\u00e0 dei Focolari\" width=\"255\" height=\"340\" \/> <\/p>\n<p style=\"font-weight: 400;\">Con ocasi\u00f3n de la visita de Margaret Karram y Jes\u00fas Mor\u00e1n, las comunidades se reunieron en Suva durante algunos d\u00edas; fue su primer encuentro en uno de los pa\u00edses del Pac\u00edfico. Muchos gestos, como la acogida y la estima rec\u00edproca, expresan la mayor conciencia por parte de todos de la importancia de estos d\u00edas. Reunirse como familia de los Focolares no significa, para estos pueblos, tener solo una comuni\u00f3n espiritual, sino contribuir a la vida cotidiana \u2012 que implica cocinar, preparar la liturgia de la misa, cantar y bailar \u2012 ofreciendo cada uno su propio \u00abdon\u00bb humano y cultural que se encuentra con el del otro.<\/p>\n<p style=\"font-weight: 400;\">Tambi\u00e9n aqu\u00ed, Margaret Karram y Jes\u00fas Mor\u00e1n se reunieron con los focolarinos y las focolarinas durante una ma\u00f1ana de profunda comuni\u00f3n y, adem\u00e1s, pudieron vivir distintos momentos con la comunidad, como las comidas, la misa y muchas ocasiones de simple di\u00e1logo. El intercambio de experiencias les permiti\u00f3 conocer los retos y el compromiso del Movimiento en el Pac\u00edfico. En Nueva Caledonia, la comunidad est\u00e1 comprometida en el servicio a la Iglesia y, a nivel social, en la creaci\u00f3n de espacios de unidad entre los diferentes componentes \u00e9tnicos que componen el pueblo. En Futuna y Kiribati, la Palabra de Vida ocupa un lugar central, generando experiencias de perd\u00f3n y reconciliaci\u00f3n en las familias y proyectos sociales al servicio de las mujeres y de los necesitados. En Fiyi, la comunidad est\u00e1 creciendo y comparte con los focolarinos un compromiso al servicio de la Iglesia.<\/p>\n<p style=\"font-weight: 400;\"><strong>Run4Unity en las Fiyi: caminar juntos<\/strong><\/p>\n<p style=\"font-weight: 400;\">El 6 de mayo fue el d\u00eda del Run4Unity y Margaret Karram dio el pistoletazo de salida a la carrera mundial de relevos desde el Pac\u00edfico, donde se encuentra el primer amanecer del mundo. Junto con los Chicos por la Unidad presentes, ella y Jes\u00fas plantaron dos \u00e1rboles t\u00edpicos de las islas Fiyi: \u00abel \u00e1rbol nativo de s\u00e1ndalo y el citrus, que se necesitan mutuamente para crecer\u00bb, explic\u00f3. \u00abEl s\u00e1ndalo tiene la fragancia y el citrus, que es un c\u00edtrico, le aporta todos los nutrientes que necesita. Es un ejemplo maravilloso de cuidado mutuo en la naturaleza. Esto es lo que los isle\u00f1os del Pac\u00edfico quieren decirnos a todos: la \u00fanica manera de compartir nuestro valioso don, la unidad, es caminar juntos, cuid\u00e1ndonos unos a otros. As\u00ed podemos transformar nuestro mundo\u00bb.<\/p>\n<p style=\"font-weight: 400;\">Un mensaje que recuerda la principal caracter\u00edstica, quiz\u00e1s, de estas islas: la vida comunitaria, como se puso de manifiesto en la tarde y noche del 7 de mayo en el encuentro de Margaret Karram y Jes\u00fas Mor\u00e1n con la comunidad de los focolare. \u00abHe venido aqu\u00ed para estar cerca de ustedes y compartir su vida al menos durante unos d\u00edas \u2012dijo Margaret a todos\u2012; lo que encontr\u00e9 aqu\u00ed es muy parecido a lo que siento en mi coraz\u00f3n y a la cultura de la que procedo, que fomenta el respeto por las personas, el lenguaje de los dem\u00e1s y el sentido de familia. Ustedes tambi\u00e9n son pocos, pero no se preocupen: lo importante es vivir el Evangelio y llevar la unidad a quienes encontramos. Lo que han compartido estos d\u00edas me ha conmovido mucho: con su amor, hospitalidad y acogida nos han dado a Jes\u00fas. Pero escuch\u00e1ndolos, he comprendido que la perla m\u00e1s valiosa que poseemos es Jes\u00fas Abandonado por quien lo hemos dejado todo y que es el secreto para amar a todos\u00bb.<\/p>\n<p style=\"font-weight: 400;\">\u00abLas experiencias de perd\u00f3n que han compartido me han impactado profundamente \u2012continu\u00f3 Jes\u00fas\u2012 y significan que est\u00e1n viviendo el Evangelio, porque el perd\u00f3n es la mayor novedad que contiene. El perd\u00f3n no es humano, solo Jes\u00fas en nosotros puede perdonar, y ustedes lo han contado con una pureza \u00fanica\u00bb.<\/p>\n<p style=\"font-weight: 400;\">A la pregunta sobre qu\u00e9 espera para el futuro del Movimiento en Ocean\u00eda, Margaret Karram respondi\u00f3 diciendo que es lo mismo que espera de todo el Movimiento en el mundo, o sea, que se convierta cada vez m\u00e1s en una familia no encerrada en s\u00ed misma, sino abierta, que dialogue para realizar la oraci\u00f3n de Jes\u00fas al Padre, como so\u00f1aba Chiara Lubich.<\/p>\n<p style=\"font-weight: 400;\">Tomando de nuevo la palabra al final, a\u00f1adi\u00f3: \u00abQuisiera decir todav\u00eda que, para contribuir a realizar la unidad, cada pa\u00eds, cada cultura o continente no tiene que perder su propia identidad. Debemos seguir siendo nosotros mismos. Esto ser\u00eda un gran regalo para todo el Movimiento y tambi\u00e9n para el mundo: ser nosotros mismos, con nuestras riquezas y contradicciones, y vivir el carisma de la unidad sin eliminar lo que somos\u00bb. Los aplausos que siguieron expresaban la gratitud de las personas por haberse sentido comprendidas.<\/p>\n<p style=\"font-weight: 400;\">Todo hab\u00eda comenzado con la ceremonia del \u00abSevusevu\u00bb, y esta visita no pod\u00eda terminar sino con la misma solemnidad. La ceremonia de despedida, \u00ab<em>I-Tatau<\/em>\u00ab, parece as\u00ed cerrar un c\u00edrculo: en lengua fiyiana, los heraldos que hablan en nombre de Margaret y Jes\u00fas dan las gracias a la comunidad y piden, en su nombre, permiso para despedirse; a su vez, el que habla en nombre de la comunidad fiyiana les concede el permiso y les desea un buen viaje con la esperanza de volver a verse.<\/p>\n<p style=\"font-weight: 400;\">La velada-concierto que las comunidades del Pac\u00edfico prepararon fue una extraordinaria \u00abexposici\u00f3n\u00bb de las expresiones art\u00edsticas de los pueblos presentes, donde las danzas y las canciones hablaban de su profunda conexi\u00f3n con la tierra y la naturaleza, del orgullo de sus tradiciones y del deseo de compartirlas.<\/p>\n<p style=\"font-weight: 400;\">Pero lo que quedar\u00e1 grabado en la mente de todos, as\u00ed creemos, es el saludo que se intercambiaron las comunidades de Nueva Caledonia y Fiyi: sentados unos frente a otros, entonaron cada una su canci\u00f3n de despedida, se saludaban con la mano mir\u00e1ndose a los ojos, como quien se despide de un hermano de sangre.<\/p>\n<p style=\"font-weight: 400;\">\u00abTe aseguramos que seremos una sola familia \u2012le dijeron a Margaret Karram\u2012 y, a pesar de nuestras debilidades, haremos todo lo posible por mantener a Jes\u00fas en medio en Ocean\u00eda\u00bb.<\/p>\n<p style=\"font-weight: 400; text-align: right;\"><em>Stefania Tanesini<\/em><\/p>\n<div class=\"et_pb_slider et_pb_slider_fullwidth_off et_pb_gallery_post_type\">\n\t\t\t\t<div class=\"et_pb_slides\">\n\t\t\t\t\t\n\t\t\t\t<\/div>\n\t\t\t<\/div>\n<p style=\"font-weight: 400;\">\n","protected":false},"excerpt":{"rendered":"<p>Las islas Fiyi han sido la tercera etapa del viaje por Asia y Ocean\u00eda de Margaret Karram y Jes\u00fas Mor\u00e1n, presidenta y copresidente del Movimiento de los Focolares. En esta regi\u00f3n del Pac\u00edfico, la espiritualidad de la unidad se ha difundido desde finales de los a\u00f1os sesenta.<\/p>\n","protected":false},"author":27,"featured_media":0,"comment_status":"open","ping_status":"open","sticky":false,"template":"","format":"standard","meta":{"give_campaign_id":0,"_seopress_robots_primary_cat":"","_seopress_titles_title":"","_seopress_titles_desc":"","_seopress_robots_index":"","_et_pb_use_builder":"","_et_pb_old_content":"","_et_gb_content_width":"","footnotes":""},"categories":[46],"tags":[],"class_list":["post-312060","post","type-post","status-publish","format-standard","hentry","category-sin-categorizar"],"_links":{"self":[{"href":"https:\/\/www.focolare.org\/es\/wp-json\/wp\/v2\/posts\/312060","targetHints":{"allow":["GET"]}}],"collection":[{"href":"https:\/\/www.focolare.org\/es\/wp-json\/wp\/v2\/posts"}],"about":[{"href":"https:\/\/www.focolare.org\/es\/wp-json\/wp\/v2\/types\/post"}],"author":[{"embeddable":true,"href":"https:\/\/www.focolare.org\/es\/wp-json\/wp\/v2\/users\/27"}],"replies":[{"embeddable":true,"href":"https:\/\/www.focolare.org\/es\/wp-json\/wp\/v2\/comments?post=312060"}],"version-history":[{"count":0,"href":"https:\/\/www.focolare.org\/es\/wp-json\/wp\/v2\/posts\/312060\/revisions"}],"wp:attachment":[{"href":"https:\/\/www.focolare.org\/es\/wp-json\/wp\/v2\/media?parent=312060"}],"wp:term":[{"taxonomy":"category","embeddable":true,"href":"https:\/\/www.focolare.org\/es\/wp-json\/wp\/v2\/categories?post=312060"},{"taxonomy":"post_tag","embeddable":true,"href":"https:\/\/www.focolare.org\/es\/wp-json\/wp\/v2\/tags?post=312060"}],"curies":[{"name":"wp","href":"https:\/\/api.w.org\/{rel}","templated":true}]}}