{"id":312064,"date":"2023-05-19T01:00:01","date_gmt":"2023-05-18T23:00:01","guid":{"rendered":"https:\/\/www.focolare.org\/evangelio-vivido-amense-cordialmente-con-amor-fraterno-estimando-a-los-otros-como-mas-dignos-rm-1210\/"},"modified":"2024-05-15T20:53:49","modified_gmt":"2024-05-15T18:53:49","slug":"evangelio-vivido-amense-cordialmente-con-amor-fraterno-estimando-a-los-otros-como-mas-dignos-rm-1210","status":"publish","type":"post","link":"https:\/\/www.focolare.org\/es\/evangelio-vivido-amense-cordialmente-con-amor-fraterno-estimando-a-los-otros-como-mas-dignos-rm-1210\/","title":{"rendered":"Evangelio vivido: \u201c\u00c1mense cordialmente con amor fraterno, estimando a los otros como m\u00e1s dignos\u201d (Rm 12,10)"},"content":{"rendered":"<p><em>En estas palabras de san Pablo, la fraternidad es una llamada al bien, a la vida que nace del bautismo y esta consanguinidad en el amor nos permite mirar la existencia del otro como un don precioso para nosotros.<\/em>  <strong>La nota<\/strong> Estaba en el tercer a\u00f1o del bachillerato cient\u00edfico y ten\u00eda un examen importante de f\u00edsica. Empec\u00e9 a estudiar mucho, segura de que al d\u00eda siguiente me iban a interrogar (de toda la clase solo faltaba yo para tener la nota al final del cuatrimestre). Poco despu\u00e9s viene mi hermanita a pedir ayuda con su estudio. Al principio me resisto, pero inmediatamente despu\u00e9s me viene a la mente lo que recomienda san Pablo: alegrarse con los que se gozan, llorar con los que lloran. Entonces comenc\u00e9 a estudiar con mi hermana. Le tom\u00f3 toda la tarde sentirse lista y luego solo pude abrir mi libro de f\u00edsica. Al d\u00eda siguiente fui a la escuela con el coraz\u00f3n un poco acelerado, pero convencida de que Dios intervendr\u00eda de alguna manera. El profesor entra y comienza a interrogar a otros compa\u00f1eros. Al final de la lecci\u00f3n le pregunto por qu\u00e9 no me ha llamado. Mira el registro y me dice: \u201cPero ya tienes la nota y es una buena nota\u201d. Sab\u00eda muy bien que nunca me hab\u00eda interrogado, probablemente la hab\u00eda puesto por alguna participaci\u00f3n m\u00eda en clase. (S.T. \u2013 Italia)  <strong>C\u00f3mo afrontar la jornada<\/strong> Un hombre en silla de ruedas mendigaba en los carritos del supermercado. Al salir me acerqu\u00e9 y, tras intercambiar unas palabras con \u00e9l, lo invit\u00e9 a elegir lo que necesitaba de mis compras. Feliz, tom\u00f3 algo e inmediatamente comenz\u00f3 a comer. Al despedirme, sent\u00ed una alegr\u00eda dentro de m\u00ed que luego me ayud\u00f3 a enfrentar los desaf\u00edos de un d\u00eda que comenz\u00f3 pesado. De ese simple hecho me di cuenta que hacer un acto de amor concreto es un buen comienzo del d\u00eda. Empec\u00e9 a hacer esto, superando muchos h\u00e1bitos y sorprendiendo no solo a mi esposo, sino sobre todo a los hijos que no toman en cuenta lo que reciben porque creen que le es debido. Una tarde, la noticia de la grave enfermedad de un t\u00edo hab\u00eda creado un gran silencio entre toda la familia. Nuestro hijo mayor, que est\u00e1 en la universidad, pregunt\u00f3 qu\u00e9 pod\u00edamos hacer por \u00e9l. Mi hija menor respondi\u00f3: \u201cTenemos que hacer como una madre que pone amor en todo lo que hace. Esto nos ayudar\u00e1 a descubrir qu\u00e9 necesita el t\u00edo\u201d. (L.D.F. \u2013 Hungr\u00eda)  <strong>Adele<\/strong> \u201cBipolaridad\u201d \u2026 Nunca imagin\u00e9 que Adele, mi querida compa\u00f1era de colegio, tuviera una enfermedad tan seria. Fue su madre quien me lo explic\u00f3. Despu\u00e9s de un per\u00edodo en el hospital, en ciertos d\u00edas, cuando su centro parec\u00eda inestable, ella misma no entend\u00eda lo que le estaba pasando. Los medicamentos ten\u00edan que encontrar un efecto equilibrado y llev\u00f3 tiempo. Pero no cambi\u00e9 mi afecto y estima por ella. Me asombr\u00e9 el d\u00eda que me pidi\u00f3 que rezara el rosario. Parec\u00eda que en la oraci\u00f3n su concentraci\u00f3n era perfecta. A partir de ese d\u00eda empezamos a leer libros sobre espiritualidad, o historias que tuvieran un contenido positivo. La impresi\u00f3n fue que mi amiga entend\u00eda todo m\u00e1s profundamente que yo. Cuando habl\u00e1bamos de ciertos temas, ve\u00eda en ella un altruismo sin l\u00edmites. Juntas nos unimos a un grupo de voluntarios para los pobres. Adele volvi\u00f3 a la vida, con equilibrio y coraje. Sab\u00eda c\u00f3mo estar cerca de los necesitados m\u00e1s que nadie. La experiencia con ella me puso en evidencia que la verdadera realizaci\u00f3n de la persona est\u00e1 en la caridad. (P.A.M \u2013 Italia) <\/p>\n<p style=\"text-align: right;\"><em>Maria Grazia Berretta<\/em><\/p>\n<p> <em>(Tomado de Il Vangelo del Giorno, Citt\u00e0 Nuova, a\u00f1o IX \u2013 n. 1\u00b0 mayo-junio 2023)<\/em>  &nbsp;  &nbsp;  <strong>\u00a0<\/strong>  &nbsp;<\/p>\n","protected":false},"excerpt":{"rendered":"<p>In these words of St Paul, fraternity is a call to goodness, to the life that is born from baptism, and this kinship in love allows us to see the other\u2019s existence as a precious gift for us.<\/p>\n","protected":false},"author":33,"featured_media":0,"comment_status":"open","ping_status":"open","sticky":false,"template":"","format":"standard","meta":{"give_campaign_id":0,"_seopress_robots_primary_cat":"","_seopress_titles_title":"","_seopress_titles_desc":"","_seopress_robots_index":"","_et_pb_use_builder":"","_et_pb_old_content":"","_et_gb_content_width":"","footnotes":""},"categories":[46],"tags":[],"class_list":["post-312064","post","type-post","status-publish","format-standard","hentry","category-sin-categorizar"],"_links":{"self":[{"href":"https:\/\/www.focolare.org\/es\/wp-json\/wp\/v2\/posts\/312064","targetHints":{"allow":["GET"]}}],"collection":[{"href":"https:\/\/www.focolare.org\/es\/wp-json\/wp\/v2\/posts"}],"about":[{"href":"https:\/\/www.focolare.org\/es\/wp-json\/wp\/v2\/types\/post"}],"author":[{"embeddable":true,"href":"https:\/\/www.focolare.org\/es\/wp-json\/wp\/v2\/users\/33"}],"replies":[{"embeddable":true,"href":"https:\/\/www.focolare.org\/es\/wp-json\/wp\/v2\/comments?post=312064"}],"version-history":[{"count":0,"href":"https:\/\/www.focolare.org\/es\/wp-json\/wp\/v2\/posts\/312064\/revisions"}],"wp:attachment":[{"href":"https:\/\/www.focolare.org\/es\/wp-json\/wp\/v2\/media?parent=312064"}],"wp:term":[{"taxonomy":"category","embeddable":true,"href":"https:\/\/www.focolare.org\/es\/wp-json\/wp\/v2\/categories?post=312064"},{"taxonomy":"post_tag","embeddable":true,"href":"https:\/\/www.focolare.org\/es\/wp-json\/wp\/v2\/tags?post=312064"}],"curies":[{"name":"wp","href":"https:\/\/api.w.org\/{rel}","templated":true}]}}