{"id":312068,"date":"2023-05-19T13:21:10","date_gmt":"2023-05-19T11:21:10","guid":{"rendered":"https:\/\/www.focolare.org\/emergencia-por-las-inundaciones-en-emilia-romana-y-le-marche-italia\/"},"modified":"2024-05-15T20:53:50","modified_gmt":"2024-05-15T18:53:50","slug":"emergencia-por-las-inundaciones-en-emilia-romana-y-le-marche-italia","status":"publish","type":"post","link":"https:\/\/www.focolare.org\/es\/emergencia-por-las-inundaciones-en-emilia-romana-y-le-marche-italia\/","title":{"rendered":"Emergencia por las inundaciones en Emilia-Roma\u00f1a y Le Marche (Italia)"},"content":{"rendered":"<p><strong>La Coordinaci\u00f3n de Emergencias del Movimiento de los Focolares<\/strong> ha lanzado una campa\u00f1a extraordinaria de recogida de fondos para apoyar a la poblaci\u00f3n de Emilia-Roma\u00f1a y Le Marche, dos regiones del centro-norte de Italia afectadas por graves inundaciones, a trav\u00e9s de las organizaciones sin fines de lucro Acci\u00f3n por un Mundo Unido (AMU) y Acci\u00f3n por las Familias Nuevas (AFN).  Los aportes realizados ser\u00e1n gestionados conjuntamente por AMU y AFN para iniciar acciones de reconstrucci\u00f3n (muchas personas han sufrido da\u00f1os a las viviendas; a los autom\u00f3viles, esenciales para el transporte y las actividades laborales; tambi\u00e9n ha habido grandes da\u00f1os en la ganader\u00eda y los cultivos).  Puede donar en l\u00ednea en:  AMU:<a href=\"https:\/\/www.amu-it.eu\/sostienici\/come-donare\/\" target=\"_blank\" rel=\"noopener\"><strong>\u00a0www.amu-it.eu\/dona-online-3\/<\/strong><\/a> AFN:\u00a0<a href=\"https:\/\/afnonlus.org\/#donaora\"><strong>www.afnonlus.org\/dona\/<\/strong><\/a>  o por transferencia bancaria a las siguientes cuentas:  Azione per un Mondo Unito ONLUS (AMU) IBAN: IT 58 S 05018 03200 000011204344 presso Banca Popolare Etica C\u00f3digo SWIFT\/BIC: ETICIT22XXX  Azione per Famiglie Nuove ONLUS (AFN) IBAN: IT 92 J 05018 03200 000016978561 presso Banca Popolare Etica C\u00f3digo SWIFT\/BIC: ETICIT22XXX  <strong>Motivo: Emergencia por inundaciones en Emilia-Roma\u00f1a y Le Marche<\/strong>  En muchos pa\u00edses de la UE y en otros pa\u00edses del mundo existen ventajas fiscales para este tipo de donaciones, seg\u00fan las distintas normativas locales. Los contribuyentes italianos podr\u00e1n obtener deducciones y desgravaciones de sus ingresos, seg\u00fan la normativa para entidades sin fines de lucro.  &nbsp;<\/p>\n","protected":false},"excerpt":{"rendered":"<p>La Coordinaci\u00f3n de Emergencias del Movimiento de los Focolares ha lanzado una campa\u00f1a extraordinaria de recogida de fondos para apoyar a la poblaci\u00f3n de Emilia-Roma\u00f1a y Le Marche, dos regiones del centro-norte de Italia afectadas por graves inundaciones, a trav\u00e9s de las organizaciones sin fines de lucro Acci\u00f3n por un Mundo Unido (AMU) y Acci\u00f3n por las Familias Nuevas (AFN).<\/p>\n","protected":false},"author":34,"featured_media":0,"comment_status":"open","ping_status":"open","sticky":false,"template":"","format":"standard","meta":{"give_campaign_id":0,"_seopress_robots_primary_cat":"","_seopress_titles_title":"","_seopress_titles_desc":"","_seopress_robots_index":"","_et_pb_use_builder":"","_et_pb_old_content":"","_et_gb_content_width":"","footnotes":""},"categories":[46],"tags":[],"class_list":["post-312068","post","type-post","status-publish","format-standard","hentry","category-sin-categorizar"],"_links":{"self":[{"href":"https:\/\/www.focolare.org\/es\/wp-json\/wp\/v2\/posts\/312068","targetHints":{"allow":["GET"]}}],"collection":[{"href":"https:\/\/www.focolare.org\/es\/wp-json\/wp\/v2\/posts"}],"about":[{"href":"https:\/\/www.focolare.org\/es\/wp-json\/wp\/v2\/types\/post"}],"author":[{"embeddable":true,"href":"https:\/\/www.focolare.org\/es\/wp-json\/wp\/v2\/users\/34"}],"replies":[{"embeddable":true,"href":"https:\/\/www.focolare.org\/es\/wp-json\/wp\/v2\/comments?post=312068"}],"version-history":[{"count":0,"href":"https:\/\/www.focolare.org\/es\/wp-json\/wp\/v2\/posts\/312068\/revisions"}],"wp:attachment":[{"href":"https:\/\/www.focolare.org\/es\/wp-json\/wp\/v2\/media?parent=312068"}],"wp:term":[{"taxonomy":"category","embeddable":true,"href":"https:\/\/www.focolare.org\/es\/wp-json\/wp\/v2\/categories?post=312068"},{"taxonomy":"post_tag","embeddable":true,"href":"https:\/\/www.focolare.org\/es\/wp-json\/wp\/v2\/tags?post=312068"}],"curies":[{"name":"wp","href":"https:\/\/api.w.org\/{rel}","templated":true}]}}