{"id":312084,"date":"2023-06-08T16:18:57","date_gmt":"2023-06-08T14:18:57","guid":{"rendered":"https:\/\/www.focolare.org\/en-oracion-por-la-salud-del-papa-francisco\/"},"modified":"2024-05-15T20:53:53","modified_gmt":"2024-05-15T18:53:53","slug":"en-oracion-por-la-salud-del-papa-francisco","status":"publish","type":"post","link":"https:\/\/www.focolare.org\/es\/en-oracion-por-la-salud-del-papa-francisco\/","title":{"rendered":"En oraci\u00f3n por la salud del Papa Francisco"},"content":{"rendered":"<p><em>Como es de conocimiento p\u00fablico, ayer 7 de junio, el Papa Francisco fue sometido a una intervenci\u00f3n quir\u00fargica en el Policl\u00ednico Gemelli de Roma. El Pont\u00edfice se encuentra \u00aben buen estado general\u00bb y est\u00e1 sereno. Agradece por los mensajes de cercan\u00eda que le llegan de todo el mundo y pide que sigamos rezando por \u00e9l. <\/em><em>Tambi\u00e9n Margaret Karram le hizo llegar las oraciones y el afecto suyo y de todo el Movimiento de los Focolares.<\/em>  &nbsp; <\/p>\n<blockquote>\n<p style=\"text-align: right; padding-left: 80px;\"><span style=\"font-size: 18px;\">Rocca di Papa, 08 de junio de 2023<\/span><\/p>\n<p style=\"padding-left: 80px;\"><span style=\"font-size: 18px;\">Santidad, querido Papa Francisco:<\/span><\/p>\n<p style=\"padding-left: 80px;\"><span style=\"font-size: 18px;\">Seguimos con trepidaci\u00f3n las noticias sobre la intervenci\u00f3n quir\u00fargica a la que fue sometido ayer y nos alegramos de las recientes y reconfortantes novedades sobre su estado de salud.<\/span><\/p>\n<p style=\"padding-left: 80px;\"><span style=\"font-size: 18px;\">Unidos a toda la Iglesia, lo acompa\u00f1amos con nuestras oraciones y ofrecimientos, tambi\u00e9n de las comunidades del Movimiento en el mundo. Le aseguramos que seguiremos apoy\u00e1ndolo, pidiendo al Padre su total recuperaci\u00f3n, para que pueda continuar su tan valioso ministerio.<\/span><\/p>\n<p style=\"padding-left: 80px;\"><span style=\"font-size: 18px;\">Reciba mi m\u00e1s afectuoso saludo y el del Movimiento de los Focolares.<\/span><\/p>\n<p style=\"padding-left: 80px;\"><span style=\"font-size: 18px;\">Filialmente,<\/span><\/p>\n<p style=\"text-align: right; padding-left: 80px;\"><span style=\"font-size: 18px;\"><em>Margaret Karram<\/em><\/span><\/p>\n<\/blockquote>\n","protected":false},"excerpt":{"rendered":"<p>Como es de conocimiento p\u00fablico, ayer 7 de junio, el Papa Francisco fue sometido a una intervenci\u00f3n quir\u00fargica en el Policl\u00ednico Gemelli de Roma. El Pont\u00edfice se encuentra \u00aben buen estado general\u00bb y est\u00e1 sereno. Agradece por los mensajes de cercan\u00eda que le llegan de todo el mundo y pide que sigamos rezando por \u00e9l.<br \/>\nTambi\u00e9n Margaret Karram le hizo llegar las oraciones y el afecto suyo y de todo el Movimiento de los Focolares.<\/p>\n","protected":false},"author":34,"featured_media":0,"comment_status":"open","ping_status":"open","sticky":false,"template":"","format":"standard","meta":{"give_campaign_id":0,"_seopress_robots_primary_cat":"","_seopress_titles_title":"","_seopress_titles_desc":"","_seopress_robots_index":"","_et_pb_use_builder":"","_et_pb_old_content":"","_et_gb_content_width":"","footnotes":""},"categories":[46],"tags":[],"class_list":["post-312084","post","type-post","status-publish","format-standard","hentry","category-sin-categorizar"],"_links":{"self":[{"href":"https:\/\/www.focolare.org\/es\/wp-json\/wp\/v2\/posts\/312084","targetHints":{"allow":["GET"]}}],"collection":[{"href":"https:\/\/www.focolare.org\/es\/wp-json\/wp\/v2\/posts"}],"about":[{"href":"https:\/\/www.focolare.org\/es\/wp-json\/wp\/v2\/types\/post"}],"author":[{"embeddable":true,"href":"https:\/\/www.focolare.org\/es\/wp-json\/wp\/v2\/users\/34"}],"replies":[{"embeddable":true,"href":"https:\/\/www.focolare.org\/es\/wp-json\/wp\/v2\/comments?post=312084"}],"version-history":[{"count":0,"href":"https:\/\/www.focolare.org\/es\/wp-json\/wp\/v2\/posts\/312084\/revisions"}],"wp:attachment":[{"href":"https:\/\/www.focolare.org\/es\/wp-json\/wp\/v2\/media?parent=312084"}],"wp:term":[{"taxonomy":"category","embeddable":true,"href":"https:\/\/www.focolare.org\/es\/wp-json\/wp\/v2\/categories?post=312084"},{"taxonomy":"post_tag","embeddable":true,"href":"https:\/\/www.focolare.org\/es\/wp-json\/wp\/v2\/tags?post=312084"}],"curies":[{"name":"wp","href":"https:\/\/api.w.org\/{rel}","templated":true}]}}