{"id":312088,"date":"2023-06-16T07:15:55","date_gmt":"2023-06-16T05:15:55","guid":{"rendered":"https:\/\/www.focolare.org\/evangelio-vivido-vivan-en-paz-y-el-dios-del-amor-y-de-la-paz-estara-con-ustedes-2-corintios-13-11\/"},"modified":"2024-05-15T20:53:53","modified_gmt":"2024-05-15T18:53:53","slug":"evangelio-vivido-vivan-en-paz-y-el-dios-del-amor-y-de-la-paz-estara-con-ustedes-2-corintios-13-11","status":"publish","type":"post","link":"https:\/\/www.focolare.org\/es\/evangelio-vivido-vivan-en-paz-y-el-dios-del-amor-y-de-la-paz-estara-con-ustedes-2-corintios-13-11\/","title":{"rendered":"Evangelio vivido: \u201cVivan en paz y el Dios del amor y de la paz estar\u00e1 con ustedes\u201d (2 Corintios\u00a013, 11)"},"content":{"rendered":"<p><em>Dejar que Dios habite en nosotros: \u00e9ste es el punto de partida para custodiar y dar testimonio con alegr\u00eda del valor inestimable de la unidad y de la paz, en la caridad y en la verdad; para enriquecerse y ser semillas de bien y de hermandad para el mundo.<\/em>  <strong>Sin medir el odio<\/strong> Vivo en una peque\u00f1a ciudad de Ucrania, en el l\u00edmite con Eslovaquia. Aqu\u00ed no llegan bombas, pero s\u00ed llegan sus tremendas consecuencias: gente desplazada, con sus carencias; la necesidad de linternas, velas, medicamentos, abrigo\u2026 Una gran oscuridad ha invadido nuestra tierra.\u00a0 Las noticias de los que traicionan, de los que se enriquecen en estas dram\u00e1ticas situaciones, o de los que se aprovechan de los dem\u00e1s, los chacales\u2026 est\u00e1n a la orden del d\u00eda. Cuando el mal triunfa, no tiene reglas, ni l\u00edmites. Pero a pesar de todo, tambi\u00e9n vemos otra cosa: gente que se siente part\u00edcipe del dolor de los dem\u00e1s y busca soluciones. Se percibe la necesidad del calor de la familia, de la protecci\u00f3n y la solidaridad. Asisto a esta paradoja de una guerra del mal y del triunfo del bien. Nos contamos la historia de Chiara Lubich y de sus primeras seguidoras; ellas tambi\u00e9n empezaron durante una guerra y no midieron el odio que hab\u00eda, sino que encendieron el bien y luego lo esparcieron por todas partes. Realmente las fuerzas del mal no prevalecer\u00e1n. Nuestra gratitud es una verdadera oraci\u00f3n que se levanta hasta el cielo como un canto de alabanza a Dios que es Amor. (S.P. \u2013 Ucrania)  <strong>Una cadena de amor<\/strong> En la sala de espera de mi negocio, entre las clientes, el intercambio de noticias es una costumbre, y como desde hac\u00eda tiempo no ve\u00eda a una anciana, la se\u00f1ora Adela, que peri\u00f3dicamente ven\u00eda a vernos, pregunt\u00e9 por ella a una de las se\u00f1oras. De esa manera me enter\u00e9 de que Adela estaba gravemente enferma. Impulsada por el deseo de volver a verla, un d\u00eda decid\u00ed ir a visitarla. Encontr\u00e9 a la se\u00f1ora Adela sola y sin parientes, en un estado de completo abandono y enseguida lanc\u00e9 un pedido de ayuda, buscando a alguien que pudiera hacerle compa\u00f1\u00eda. Muy pronto tres clientes respondieron y se comprometieron positivamente. Naci\u00f3 as\u00ed una hermosa competencia hasta que el hijo de una de ellas hizo de todo para que pudiera ingresar en una casa que le ofrec\u00eda asistencia y atenci\u00f3n m\u00e9dica. Yo tambi\u00e9n me ofrec\u00ed para prestar mis servicios como peluquera, no s\u00f3lo para Adela sino tambi\u00e9n para todas las que lo quisieran. La historia de Adela me demostr\u00f3 que es suficiente empezar con actos concretos de caridad; la cadena del amor se pone en marcha con mayor velocidad y eficazmente. (F.d.R. \u2013 Italia)  <strong>Una escuela de solidaridad<\/strong> En el desierto, en las afueras de la ciudad de Egipto en donde me encuentro, viven 1000 personas enfermas de lepra. Hasta hace algunos a\u00f1os nadie sab\u00eda de esa colonia. Fuimos para verificar la situaci\u00f3n y descubrimos que carec\u00edan de todo. Ni siquiera los m\u00e9dicos iban a verlos. Acord\u00e9 la acci\u00f3n con la Caritas, abrimos nuestro grupo a otros j\u00f3venes cristianos y musulmanes con los que vamos all\u00ed en los d\u00edas libres del trabajo. Dos de nosotros, estudiantes de medicina, se ocupan de la asistencia m\u00e9dica, para lo cual se informaron sobre los nuevos m\u00e9todos de tratamiento de la lepra. Otros pusieron a disposici\u00f3n su tiempo para pintar las casas y hacerlas m\u00e1s habitables. Un joven periodista public\u00f3 algunos art\u00edculos en varios peri\u00f3dicos y revistas con la finalidad de informar y sensibilizar al problema a la mayor cantidad de personas posible. Sobre todo nos dimos cuenta de que los enfermos de esa colonia necesitan que alguien los escuche, ya que eso es casi m\u00e1s importante que los medicamentos. Esta experiencia ha sido para cada uno de nosotros un verdadero aprendizaje: nos ha hecho entender que cada uno de nosotros puede dar su aporte en funci\u00f3n de los dem\u00e1s. (H.F.S.- Egipto) <\/p>\n<p style=\"text-align: right;\"><em>A cargo de Maria Grazia Berretta<\/em><\/p>\n<p> <em>(extra\u00eddo de \u00a0Il Vangelo del Giorno, Citt\u00e0 Nuova, a\u00f1o IX \u2013 n\u00famero 1, mayo-junio de 2023)<\/em><\/p>\n","protected":false},"excerpt":{"rendered":"<p>Dejar que Dios habite en nosotros: \u00e9ste es el punto de partida para custodiar y dar testimonio con alegr\u00eda del valor inestimable de la unidad y de la paz, en la caridad y en la verdad; para enriquecerse y ser semillas de bien y de hermandad para el mundo.<\/p>\n","protected":false},"author":33,"featured_media":0,"comment_status":"open","ping_status":"open","sticky":false,"template":"","format":"standard","meta":{"give_campaign_id":0,"_seopress_robots_primary_cat":"","_seopress_titles_title":"","_seopress_titles_desc":"","_seopress_robots_index":"","_et_pb_use_builder":"","_et_pb_old_content":"","_et_gb_content_width":"","footnotes":""},"categories":[46],"tags":[],"class_list":["post-312088","post","type-post","status-publish","format-standard","hentry","category-sin-categorizar"],"_links":{"self":[{"href":"https:\/\/www.focolare.org\/es\/wp-json\/wp\/v2\/posts\/312088","targetHints":{"allow":["GET"]}}],"collection":[{"href":"https:\/\/www.focolare.org\/es\/wp-json\/wp\/v2\/posts"}],"about":[{"href":"https:\/\/www.focolare.org\/es\/wp-json\/wp\/v2\/types\/post"}],"author":[{"embeddable":true,"href":"https:\/\/www.focolare.org\/es\/wp-json\/wp\/v2\/users\/33"}],"replies":[{"embeddable":true,"href":"https:\/\/www.focolare.org\/es\/wp-json\/wp\/v2\/comments?post=312088"}],"version-history":[{"count":0,"href":"https:\/\/www.focolare.org\/es\/wp-json\/wp\/v2\/posts\/312088\/revisions"}],"wp:attachment":[{"href":"https:\/\/www.focolare.org\/es\/wp-json\/wp\/v2\/media?parent=312088"}],"wp:term":[{"taxonomy":"category","embeddable":true,"href":"https:\/\/www.focolare.org\/es\/wp-json\/wp\/v2\/categories?post=312088"},{"taxonomy":"post_tag","embeddable":true,"href":"https:\/\/www.focolare.org\/es\/wp-json\/wp\/v2\/tags?post=312088"}],"curies":[{"name":"wp","href":"https:\/\/api.w.org\/{rel}","templated":true}]}}