{"id":312106,"date":"2023-07-11T06:30:07","date_gmt":"2023-07-11T04:30:07","guid":{"rendered":"https:\/\/www.focolare.org\/movidos-por-el-espiritu-entrevista-con-mons-pierbattista-pizzaballa\/"},"modified":"2024-05-15T20:53:56","modified_gmt":"2024-05-15T18:53:56","slug":"movidos-por-el-espiritu-entrevista-con-mons-pierbattista-pizzaballa","status":"publish","type":"post","link":"https:\/\/www.focolare.org\/es\/movidos-por-el-espiritu-entrevista-con-mons-pierbattista-pizzaballa\/","title":{"rendered":"Movidos por el Esp\u00edritu: entrevista con Mons. Pierbattista Pizzaballa"},"content":{"rendered":"<p><em>El domingo 9 de julio de 2023, el papa Francisco nombr\u00f3 a 21 nuevos cardenales de la Santa Iglesia Romana, como de costumbre para sorpresa de los interesados. Entre ellos se encuentra el arzobispo Pierbattista Pizzaballa, patriarca latino de Jerusal\u00e9n. Al felicitar a Su Beatitud por este nombramiento, compartimos con alegr\u00eda una entrevista con \u00e9l, realizada hace exactamente un a\u00f1o en Tierra Santa.<\/em>  <strong>Mira el video<\/strong>\u00a0(activar los subt\u00edtulos en espa\u00f1ol)  https:\/\/youtu.be\/JFjWb1-y0ug<\/p>\n","protected":false},"excerpt":{"rendered":"<p>El domingo 9 de julio de 2023, el papa Francisco nombr\u00f3 a 21 nuevos cardenales de la Santa Iglesia Romana, como de costumbre para sorpresa de los interesados. Entre ellos se encuentra el arzobispo Pierbattista Pizzaballa, patriarca latino de Jerusal\u00e9n. Al felicitar a Su Beatitud por este nombramiento, compartimos con alegr\u00eda una entrevista con \u00e9l, realizada hace exactamente un a\u00f1o en Tierra Santa.<\/p>\n","protected":false},"author":34,"featured_media":0,"comment_status":"open","ping_status":"open","sticky":false,"template":"","format":"standard","meta":{"give_campaign_id":0,"_seopress_robots_primary_cat":"","_seopress_titles_title":"","_seopress_titles_desc":"","_seopress_robots_index":"","_et_pb_use_builder":"","_et_pb_old_content":"","_et_gb_content_width":"","footnotes":""},"categories":[46],"tags":[],"class_list":["post-312106","post","type-post","status-publish","format-standard","hentry","category-sin-categorizar"],"_links":{"self":[{"href":"https:\/\/www.focolare.org\/es\/wp-json\/wp\/v2\/posts\/312106","targetHints":{"allow":["GET"]}}],"collection":[{"href":"https:\/\/www.focolare.org\/es\/wp-json\/wp\/v2\/posts"}],"about":[{"href":"https:\/\/www.focolare.org\/es\/wp-json\/wp\/v2\/types\/post"}],"author":[{"embeddable":true,"href":"https:\/\/www.focolare.org\/es\/wp-json\/wp\/v2\/users\/34"}],"replies":[{"embeddable":true,"href":"https:\/\/www.focolare.org\/es\/wp-json\/wp\/v2\/comments?post=312106"}],"version-history":[{"count":0,"href":"https:\/\/www.focolare.org\/es\/wp-json\/wp\/v2\/posts\/312106\/revisions"}],"wp:attachment":[{"href":"https:\/\/www.focolare.org\/es\/wp-json\/wp\/v2\/media?parent=312106"}],"wp:term":[{"taxonomy":"category","embeddable":true,"href":"https:\/\/www.focolare.org\/es\/wp-json\/wp\/v2\/categories?post=312106"},{"taxonomy":"post_tag","embeddable":true,"href":"https:\/\/www.focolare.org\/es\/wp-json\/wp\/v2\/tags?post=312106"}],"curies":[{"name":"wp","href":"https:\/\/api.w.org\/{rel}","templated":true}]}}