{"id":312128,"date":"2023-08-18T14:00:19","date_gmt":"2023-08-18T12:00:19","guid":{"rendered":"https:\/\/www.focolare.org\/gen-verde-un-viaje-bajo-el-signo-del-encuentro-en-tierra-lusitana\/"},"modified":"2024-05-15T20:54:00","modified_gmt":"2024-05-15T18:54:00","slug":"gen-verde-un-viaje-bajo-el-signo-del-encuentro-en-tierra-lusitana","status":"publish","type":"post","link":"https:\/\/www.focolare.org\/es\/gen-verde-un-viaje-bajo-el-signo-del-encuentro-en-tierra-lusitana\/","title":{"rendered":"Gen Verde: un viaje bajo el signo del encuentro en tierra lusitana"},"content":{"rendered":"<p><em>Dos intensas semanas de gira para el Gen Verde en Portugal, desde finales de julio a comienzos de agosto de 2023, del norte al sur del pa\u00eds. Talleres art\u00edsticos y conciertos, y la ayuda de much\u00edsimos j\u00f3venes, han dado como resultado la transformaci\u00f3n de la m\u00fasica en instrumento de testimonio y encuentro con el otro. <\/em>  Empezaron su viaje por Braga (Portugal) para dirigirse hacia el sur del pa\u00eds, a Algarve, y concluir su recorrido en Lisboa, en el clima de fiesta y algarab\u00eda de una Jornada Mundial de la Juventud cuyo hermoso recuerdo a\u00fan se mantiene muy vivo. \u00c9se ha sido el recorrido que desde el 23 de julio hasta el 4 de agosto realiz\u00f3 el <a href=\"http:\/\/genverde.it\/\" target=\"_blank\" rel=\"noopener\">Gen Verde international Performing Arts Group<\/a>, el grupo musical femenino nacido en 1966 por una inspiraci\u00f3n de Chiara Lubich, Fundadora del Movimiento de los Focolares.  Una gira intensa, bajo el signo del encuentro y de la amistad, y en la que, tras haber sembrado en palabras y notas, se recogi\u00f3 mucho en t\u00e9rmi<img alt=\"\" alt=\"\" loading=\"lazy\" decoding=\"async\" class=\"alignleft wp-image-258191\" src=\"https:\/\/www.focolare.org\/wp-content\/uploads\/2023\/08\/Gen-Verde-in-concert_Braga-2023-1-510x340.jpg\" alt=\"\" width=\"360\" height=\"240\" \/>nos de experiencia viva.\u00a0 Un ejemplo de ello es el \u00a0<a href=\"https:\/\/www.genverde.it\/in-concert\/gen-verde-in-concert\/\" target=\"_blank\" rel=\"noopener\"><strong>Start Now Workshop Project<\/strong><\/a>, proyecto musical y art\u00edstico pensado para educar a la paz y al di\u00e1logo desarrollado por el Gen Verde que en Braga cont\u00f3 con la participaci\u00f3n de un \u00a0bell\u00edsimo grupo de j\u00f3venes provenientes de Espa\u00f1a y Portugal y con la especial colaboraci\u00f3n del <strong>Projeto Homem Braga<\/strong>, especializado en el tratamiento, la prevenci\u00f3n, la reducci\u00f3n de da\u00f1os y \u00a0la reinserci\u00f3n de personas con dependencias. \u201cNosotros generalmente tenemos algo de miedo cuando invitamos a gente de afuera para que conozcan a los usuarios de nuestro centro \u2013dice uno de los educadores de la sede del <em>Projeto Homem Braga<\/em> despu\u00e9s del encuentro con las artistas\u2013 porque no queremos interferir en su proceso de recuperaci\u00f3n.\u00a0 Hoy les agradecemos porque han difundido mucha alegr\u00eda en todos nosotros\u201d.  \u201cHemos descubierto que la m\u00fasica, la danza, el arte realmente pueden ayudarnos a superar muchas barreras, como la ling\u00fc\u00edstica y la cultural \u2013dice un muchacho espa\u00f1ol que particip\u00f3 en el taller\u2013. \u00a0A veces es dif\u00edcil remar\u00a0 en la misma direcci\u00f3n, se requiere paciencia porque no vamos todos al mismo ritmo, pero algo que llevamos con nosotros es la alegr\u00eda que se transmite, m\u00e1s all\u00e1 de las dificultades. El amor hace que superemos cualquier conflicto\u201d.  Con las notas del <a href=\"https:\/\/youtu.be\/7hsza1S_lrA\" target=\"_blank\" rel=\"noopener\"><strong>Girl On A Mission (Magnificat)<\/strong><\/a>, el trozo musical compuesto por el Gen Verde para la Jornada Mundial de la Juventud de Lisboa, el grupo se traslad\u00f3 a Faro \u00a0(Algarve- Portugal) en donde particip\u00f3 en las Jornadas de las di\u00f3cesis que precedieron a la JMJ, concluyendo con un concierto en el <em>Estadio Algarve<\/em> el 31 de julio; el viaje sigui\u00f3 hacia la capital portuguesa para otra edici\u00f3n del <strong>\u00abStart Now\u00bb<\/strong> del que participaron alrededor de 100 j\u00f3venes que el 2 de agosto, para la conclusi\u00f3n, se exhibieron con las artistas en el escenario del <em>Audit\u00f3rio da Faculdade de Medicina Dent\u00e1ria <\/em>de Lisboa repleto de p\u00fablico: \u201cHa sido muy gratificante participar en una actividad como \u00e9sta \u2013dice una chica portuguesa\u2013 porque podemos aprender a conocer a otros. Hemos comprendido que es importante tanto decir nuestra opini\u00f3n como perder esa idea en el trabajo de equipo, cuando es necesario. La palabra que sintetiza todo lo que hemos aprendido es humildad, para dar al otro la posibilidad de expresarse\u201d.\u00a0 Hay que a superar los retos como \u201cel de saber escuchar, acoger las ideas de los dem\u00e1s, aprender a interactuar; dejar de lado la timidez y crear algo bello, pero juntos\u201d \u2013dice otra chica\u2013. Marita Alvarez (Argentina), cantante del Gen Verde, nos cuenta: \u201chemos encontrado a muchos j\u00f3venes que en varios pa\u00edses hab\u00edan participado en nuestros talleres art\u00edsticos en estos a\u00f1os, y a ra\u00edz de ello hemos constatado cu\u00e1n profundas han sido nuestras relaciones, verdaderas y duraderas. Por nombrar algunos pa\u00edses, hemos visto j\u00f3venes de Eslovaquia, Polonia, Ucrania, Espa\u00f1a, Austria, Alemania e Italia. Los hemos visto como l\u00edderes en sus comunidades, con un fuerte compromiso y dispuestos a multiplicar la alegr\u00eda a trav\u00e9s del \u201c<em>Magnificat anima mea<\/em>\u201d que Dios ha hecho en sus vidas\u201d.  <img alt=\"\" alt=\"\" loading=\"lazy\" decoding=\"async\" class=\"alignright wp-image-258192\" src=\"https:\/\/www.focolare.org\/wp-content\/uploads\/2023\/08\/Cathechesi-RiseUpLisbona-510x340.jpeg\" alt=\"\" width=\"257\" height=\"171\" \/>Durante la JMJ, Lisboa se enciende de j\u00f3venes y se vuelve una ocasi\u00f3n \u00fanica para dar testimonio y experimentar, \u00a0al mismo tiempo, la vivacidad de una Iglesia peregrina que llama a cada uno por su nombre, en cualquier parte del globo. \u00a0En ese esp\u00edritu de familia el Gen Verde particip\u00f3 del segundo d\u00eda de las catequesis \u00a0<em>Rise Up <\/em>organizado por el Movimiento de los Focolares, en donde cant\u00f3 y anim\u00f3 la misa, junto con m\u00e1s de 7.000 chicos, para concluir luego su viaje por Portugal con un concierto, el 4 de agosto, en \u00a0<em>Alameda Dom Afonso Henriques<\/em>, durante la clausura del <strong>Festival Halleluya<\/strong>: \u201c  <img alt=\"\" alt=\"\" loading=\"lazy\" decoding=\"async\" class=\"alignleft wp-image-258193\" src=\"https:\/\/www.focolare.org\/wp-content\/uploads\/2023\/08\/Gen-Verde_Halleluya-Festival-concert-1-510x340.jpg\" alt=\"\" width=\"227\" height=\"151\" \/>Me impact\u00f3 la unidad entre ellas\u00a0 \u2013dijo Jes\u00fas Mor\u00e1n, Copresidente del Movimiento de los Focolares\u2013 y los j\u00f3venes, que irradiaban felicidad. Todos estaban envueltos en el ritmo, en la m\u00fasica, pero tambi\u00e9n en los momentos de profundidad, que no faltan en las canciones. Adem\u00e1s, los chicos sab\u00edan tener sus momentos de recogimiento. Pensando en el V\u00eda Crucis, fue como la \u2018d\u00e9cimo quinta estaci\u00f3n\u2019, que no existe, pero que es el signo de la Resurrecci\u00f3n, como todos dicen e imaginan.\u00a0 Fue un canto a la Resurrecci\u00f3n, a la alegr\u00eda.\u00a0 Creo que \u00e9ste es el camino correcto para comunicarse con el Evangelio con un lenguaje musical que tanto les gusta a los j\u00f3venes\u201d. <\/p>\n<p style=\"text-align: right;\"><em>Maria Grazia Berretta<\/em><\/p>\n","protected":false},"excerpt":{"rendered":"<p>Dos intensas semanas de gira para el Gen Verde en Portugal, desde finales de julio a comienzos de agosto de 2023, del norte al sur del pa\u00eds. Talleres art\u00edsticos y conciertos, y la ayuda de much\u00edsimos j\u00f3venes, han dado como resultado la transformaci\u00f3n de la m\u00fasica en instrumento de testimonio y encuentro con el otro.<\/p>\n","protected":false},"author":35,"featured_media":0,"comment_status":"open","ping_status":"open","sticky":false,"template":"","format":"standard","meta":{"give_campaign_id":0,"_seopress_robots_primary_cat":"","_seopress_titles_title":"","_seopress_titles_desc":"","_seopress_robots_index":"","_et_pb_use_builder":"","_et_pb_old_content":"","_et_gb_content_width":"","footnotes":""},"categories":[46],"tags":[],"class_list":["post-312128","post","type-post","status-publish","format-standard","hentry","category-sin-categorizar"],"_links":{"self":[{"href":"https:\/\/www.focolare.org\/es\/wp-json\/wp\/v2\/posts\/312128","targetHints":{"allow":["GET"]}}],"collection":[{"href":"https:\/\/www.focolare.org\/es\/wp-json\/wp\/v2\/posts"}],"about":[{"href":"https:\/\/www.focolare.org\/es\/wp-json\/wp\/v2\/types\/post"}],"author":[{"embeddable":true,"href":"https:\/\/www.focolare.org\/es\/wp-json\/wp\/v2\/users\/35"}],"replies":[{"embeddable":true,"href":"https:\/\/www.focolare.org\/es\/wp-json\/wp\/v2\/comments?post=312128"}],"version-history":[{"count":0,"href":"https:\/\/www.focolare.org\/es\/wp-json\/wp\/v2\/posts\/312128\/revisions"}],"wp:attachment":[{"href":"https:\/\/www.focolare.org\/es\/wp-json\/wp\/v2\/media?parent=312128"}],"wp:term":[{"taxonomy":"category","embeddable":true,"href":"https:\/\/www.focolare.org\/es\/wp-json\/wp\/v2\/categories?post=312128"},{"taxonomy":"post_tag","embeddable":true,"href":"https:\/\/www.focolare.org\/es\/wp-json\/wp\/v2\/tags?post=312128"}],"curies":[{"name":"wp","href":"https:\/\/api.w.org\/{rel}","templated":true}]}}