{"id":312148,"date":"2023-10-08T12:18:16","date_gmt":"2023-10-08T10:18:16","guid":{"rendered":"https:\/\/www.focolare.org\/margaret-karram-redescubrir-el-camino-del-respeto-de-los-derechos-humanos-a-traves-del-dialogo-y-la-reconciliacion\/"},"modified":"2024-05-15T20:54:03","modified_gmt":"2024-05-15T18:54:03","slug":"margaret-karram-redescubrir-el-camino-del-respeto-de-los-derechos-humanos-a-traves-del-dialogo-y-la-reconciliacion","status":"publish","type":"post","link":"https:\/\/www.focolare.org\/es\/margaret-karram-redescubrir-el-camino-del-respeto-de-los-derechos-humanos-a-traves-del-dialogo-y-la-reconciliacion\/","title":{"rendered":"Margaret Karram: redescubrir el camino del respeto de los derechos humanos a trav\u00e9s del di\u00e1logo y la reconciliaci\u00f3n"},"content":{"rendered":"<p><em>La declaraci\u00f3n de la presidenta del Movimiento de los Focolares tras el violento estallido en Tierra Santa el 7 de octubre de 2023: \u00abJusticia, di\u00e1logo y reconciliaci\u00f3n, instrumentos indispensables para construir la paz\u00bb.<\/em> <\/p>\n<blockquote><p><span style=\"font-size: 20px;\">No hay palabras para expresar el infinito dolor que siento en el coraz\u00f3n por las poblaciones de Israel y Palestina; por los muertos, los heridos, los rehenes, los desaparecidos y sus familias, que el \u00faltimo y grav\u00edsimo estallido de violencia ha causado en mi tierra<\/span>  <span style=\"font-size: 20px;\">Con profunda fe, junto a todo el Movimiento de los Focolares, me uno al llamamiento del Papa Francisco, al del Patriarcado Latino de Jerusal\u00e9n, a las palabras de paz de los l\u00edderes de las distintas Iglesias cristianas y de los l\u00edderes de las Religiones \u2013en particular de la regi\u00f3n israel\u00ed-palestina\u2013\u00a0 para pedir <strong>que se detengan las armas y que se comprenda que<\/strong>, como ha dicho el Papa Francisco en el \u00c1ngelus de hoy, \u00ab<strong>el terrorismo y la guerra no conducen a ninguna soluci\u00f3n, sino que toda guerra es una derrota<\/strong>&#8230;\u00bb.<\/span>  <span style=\"font-size: 20px;\">En la oraci\u00f3n al Dios de la Paz y la Justicia, me uno tambi\u00e9n a aquellos que en todo el mundo ofrecen oraciones, sufrimientos y acciones, para que la paz triunfe sobre el odio y el terror. Mi especial agradecimiento a quienes me han escrito desde lugares de conflicto, como Ucrania, expresando su ofrecimiento y cercan\u00eda a pesar de la tr\u00e1gica situaci\u00f3n en la que viven desde hace m\u00e1s de un a\u00f1o.<\/span>  <span style=\"font-size: 20px;\">Esforc\u00e9monos por construir un mundo fraterno y hagamos todo lo posible para que estos pueblos y todos los que se encuentran en las mismas situaciones de inestabilidad y violencia encuentren el camino del respeto a los derechos humanos, donde la justicia, el di\u00e1logo y la reconciliaci\u00f3n son las herramientas indispensables para construir la paz.\u00a0<\/span>  <span style=\"font-size: 20px;\">Roma, 8 de octubre de 2023<\/span> <\/p>\n<p style=\"text-align: right;\"><span style=\"font-size: 20px;\"><em>Margaret Karram Presidenta del Movimiento de los Focolares<\/em><\/span><\/p>\n<\/blockquote>\n","protected":false},"excerpt":{"rendered":"<p>La declaraci\u00f3n de la presidenta del Movimiento de los Focolares tras el violento estallido en Tierra Santa el 7 de octubre de 2023: \u00abJusticia, di\u00e1logo y reconciliaci\u00f3n, instrumentos indispensables para construir la paz\u00bb.<\/p>\n","protected":false},"author":34,"featured_media":0,"comment_status":"open","ping_status":"open","sticky":false,"template":"","format":"standard","meta":{"give_campaign_id":0,"_seopress_robots_primary_cat":"","_seopress_titles_title":"","_seopress_titles_desc":"","_seopress_robots_index":"","_et_pb_use_builder":"","_et_pb_old_content":"","_et_gb_content_width":"","footnotes":""},"categories":[46],"tags":[],"class_list":["post-312148","post","type-post","status-publish","format-standard","hentry","category-sin-categorizar"],"_links":{"self":[{"href":"https:\/\/www.focolare.org\/es\/wp-json\/wp\/v2\/posts\/312148","targetHints":{"allow":["GET"]}}],"collection":[{"href":"https:\/\/www.focolare.org\/es\/wp-json\/wp\/v2\/posts"}],"about":[{"href":"https:\/\/www.focolare.org\/es\/wp-json\/wp\/v2\/types\/post"}],"author":[{"embeddable":true,"href":"https:\/\/www.focolare.org\/es\/wp-json\/wp\/v2\/users\/34"}],"replies":[{"embeddable":true,"href":"https:\/\/www.focolare.org\/es\/wp-json\/wp\/v2\/comments?post=312148"}],"version-history":[{"count":0,"href":"https:\/\/www.focolare.org\/es\/wp-json\/wp\/v2\/posts\/312148\/revisions"}],"wp:attachment":[{"href":"https:\/\/www.focolare.org\/es\/wp-json\/wp\/v2\/media?parent=312148"}],"wp:term":[{"taxonomy":"category","embeddable":true,"href":"https:\/\/www.focolare.org\/es\/wp-json\/wp\/v2\/categories?post=312148"},{"taxonomy":"post_tag","embeddable":true,"href":"https:\/\/www.focolare.org\/es\/wp-json\/wp\/v2\/tags?post=312148"}],"curies":[{"name":"wp","href":"https:\/\/api.w.org\/{rel}","templated":true}]}}