{"id":312158,"date":"2023-10-23T05:09:38","date_gmt":"2023-10-23T03:09:38","guid":{"rendered":"https:\/\/www.focolare.org\/cuerpo-europeo-de-solidaridad-y-servicio-civil-en-europa\/"},"modified":"2024-05-15T20:54:05","modified_gmt":"2024-05-15T18:54:05","slug":"cuerpo-europeo-de-solidaridad-y-servicio-civil-en-europa","status":"publish","type":"post","link":"https:\/\/www.focolare.org\/es\/cuerpo-europeo-de-solidaridad-y-servicio-civil-en-europa\/","title":{"rendered":"\u201cCuerpo Europeo de Solidaridad y Servicio Civil en Europa\u201d"},"content":{"rendered":"<p><strong>Congreso para recordar a David Sassoli &#8211;\u00a0<\/strong>Bruselas &#8211; 24 de octubre de 2023. Parlamento Europeo (entrada Spinelli, rue Wiertz 60) sala ASP 3H1 de 9:00 a 13:00\u00a0y en directo en \u00a0<strong>Roma<\/strong>, <strong>Espacio abierto <em>Experiencia Europa \u2013 David Sassoli\u00a0<\/em><\/strong>(Sala de conferencias en el primer piso, plaza Venezia, 6)\u00a0<strong><em>Desde Bruselas, m\u00e1s all\u00e1 de la violencia y las guerras, una propuesta concreta de solidaridad y paz a partir del voluntariado<\/em><\/strong>  En el recuerdo del Presidente <strong>David<\/strong> <strong>Sassoli,<\/strong> tres importantes asociaciones europeas, el \u00a0<strong>Movimiento<\/strong> <strong>Europeo, <\/strong>el <strong>Movimiento de los Focolares y la Asociaci\u00f3n Internacional de los <em>Caterinati<\/em> (Grupo romano)<\/strong>, junto con la expresidente de la comisi\u00f3n cultura del Parlamento europeo <strong>Silvia Costa<\/strong>, dan vida a una iniciativa com\u00fan el 24 de octubre sobre el tema \u201c<strong>Cuerpo europeo de solidaridad y el Servicio civil\u201d<\/strong>, en la sede del Parlamento europeo en Bruselas, conectada al Espacio Europa David Sassoli en Roma. <strong>El enlace para acceder a la transmisi\u00f3n directa \u00a0streaming estar\u00e1 disponible en las p\u00e1ginas web de los entes promotores<\/strong>.  \u201c<em>Con el tr\u00e1gico resurgimiento de eventos b\u00e9licos en las fronteras de Europa y de acciones terroristas tambi\u00e9n en Par\u00eds y en estos d\u00edas en Bruselas, construir puentes de di\u00e1logo y solidaridad en Europa y en terceros pa\u00edses invirtiendo en las nuevas generaciones es a\u00fan m\u00e1s necesario y estrat\u00e9gico.\u00a0 Estamos convencidos \u2013declaran los promotores\u2013 de que la pr\u00e1ctica de experiencias de voluntariado o de servicio civil tienen que ser un elemento constitutivo de la ciudadan\u00eda europea.\u00a0 Porque cuidar al otro, cuidar la creaci\u00f3n y la convivencia civil promueve la fraternidad y la cohesi\u00f3n social, pero tambi\u00e9n hace crecer desde abajo el proyecto pol\u00edtico de los Estados unidos de Europa\u201d.<\/em>  Un protagonista activo de este camino es el Cuerpo Europeo de Solidaridad (ESC), el programa de voluntariado financiado por la Uni\u00f3n Europea para j\u00f3venes europeos de entre los 18 y los 30 a\u00f1os. \u00a0Se trata de \u00a0<strong>proyectos de solidaridad, cooperaci\u00f3n, educaci\u00f3n a la paz pero tambi\u00e9n de acogida e integraci\u00f3n de refugiados y migrantes, asistencia a personas discapacitadas y ancianos<\/strong>, protecci\u00f3n del ambiente, salvaguardia del patrimonio art\u00edstico y cultural, que constituyen una importante experiencia para un crecimiento personal y la adquisici\u00f3n de una m\u00e1s convencida identidad europea. Un ejemplo es \u00a0<strong><em>The Room: Community Drama <\/em>en Irlanda, <\/strong>como respuesta a la exclusi\u00f3n social de los que piden asilo en la Granja de Newbridge en el condado de Kildare. O <strong>el proyecto \u00a0\u201c<em>Mare d&#8217;Inverno<\/em>\u201d, \u00a0en Italia<\/strong>, con el objetivo de recuperar un \u00e1rea costera natural cercana a los centros urbanos de Trani y Barletta, para citar s\u00f3lo algunos. Se pueden llevar a cabo en Europa o en pa\u00edses <em>partners<\/em>, entre los cuales tambi\u00e9n Israel y Palestina.  En el congreso, con los anfitriones <strong>Patrizia Toia <\/strong>y<strong> Brando Benifei <\/strong>junto al Grupo <strong><em>Socialisti &amp; Democratici<\/em><\/strong>, intervendr\u00e1n tambi\u00e9n eurodiputados de los \u00a0<strong>Grupos pol\u00edticos de los populares (PPE)<\/strong>, <strong>Renew<\/strong>, <strong>Green <\/strong>y <strong>Conservadores y Reformistas (ECR) <\/strong>y, por la Comisi\u00f3n europea, <strong>Sophia Eriksson Waterschoot, <\/strong>directora del Departamento J\u00f3venes, Educaci\u00f3n y ERASMUS. Estar\u00e1 presente la Direcci\u00f3n General Instrucci\u00f3n y J\u00f3venes (EAC), junto a representantes del Centro Europeo del Voluntariado, el Foro Europeo de los J\u00f3venes, la directora de la Oficina del Servicio Civil Universal del Departamento Juventud y dirigentes de la Agencia Nacional J\u00f3venes del Gobierno italiano.  Abrir\u00e1n los trabajos, en representaci\u00f3n de los entes promotores, <strong>Pier Virgilio DASTOLI<\/strong>, Presidente del \u00a0<strong>Movimiento Europeo Italia, Jes\u00fas Mor\u00e1n <\/strong>co-Presidente del <strong>Movimiento de los Focolares <\/strong>y <strong>Aldo Bernabei<\/strong> Presidente del Grupo Romano de la \u00a0<strong>Asociaci\u00f3n Internacional de los <em>Caterinati<\/em><\/strong>. \u00a0Est\u00e1 prevista una intervenci\u00f3n del Nuncio apost\u00f3lico ante la Uni\u00f3n Europea, \u00a0<strong>No\u00ebl Treanor <\/strong>y estar\u00e1 presente en los trabajos tambi\u00e9n el secretario general de la \u00a0COMECE, <strong>Manuel\u00a0 Barrios<\/strong>.  En nombre de los j\u00f3venes comprometidos en el Cuerpo europeo de solidaridad, hablar\u00e1n <strong>Fabiola, Alexander, Maria Stella<\/strong>: ciudadanos europeos que viven en primera persona la opci\u00f3n de la paz y de la solidaridad en sus opciones cotidianas y profesionales. Dar\u00e1n sus testimonios desafiando el terreno de la pol\u00edtica con la carga de la idealidad\u201d. <\/p>\n<p style=\"text-align: right;\"><em>Stefania Tanesini<\/em><\/p>\n<p> <a href=\"https:\/\/www.focolare.org\/wp-content\/uploads\/2023\/10\/20231019_Programma_24-ottobre-2023-ESC_265_es.pdf\" target=\"_blank\" rel=\"noopener\">Programa<\/a> adjunto<\/p>\n","protected":false},"excerpt":{"rendered":"<p>Congreso para recordar a David Sassoli &#8211;\u00a0Bruselas &#8211; 24 de octubre de 2023. Parlamento Europeo (entrada Spinelli, rue Wiertz 60) sala ASP 3H1 de 9:00 a 13:00\u00a0y en directo en \u00a0Roma, Espacio abierto Experiencia Europa \u2013 David Sassoli\u00a0(Sala de conferencias en el primer piso, plaza Venezia, 6)\u00a0Desde Bruselas, m\u00e1s all\u00e1 de la violencia y las [&hellip;]<\/p>\n","protected":false},"author":31,"featured_media":0,"comment_status":"open","ping_status":"open","sticky":false,"template":"","format":"standard","meta":{"give_campaign_id":0,"_seopress_robots_primary_cat":"","_seopress_titles_title":"","_seopress_titles_desc":"","_seopress_robots_index":"","_et_pb_use_builder":"","_et_pb_old_content":"","_et_gb_content_width":"","footnotes":""},"categories":[46],"tags":[],"class_list":["post-312158","post","type-post","status-publish","format-standard","hentry","category-sin-categorizar"],"_links":{"self":[{"href":"https:\/\/www.focolare.org\/es\/wp-json\/wp\/v2\/posts\/312158","targetHints":{"allow":["GET"]}}],"collection":[{"href":"https:\/\/www.focolare.org\/es\/wp-json\/wp\/v2\/posts"}],"about":[{"href":"https:\/\/www.focolare.org\/es\/wp-json\/wp\/v2\/types\/post"}],"author":[{"embeddable":true,"href":"https:\/\/www.focolare.org\/es\/wp-json\/wp\/v2\/users\/31"}],"replies":[{"embeddable":true,"href":"https:\/\/www.focolare.org\/es\/wp-json\/wp\/v2\/comments?post=312158"}],"version-history":[{"count":0,"href":"https:\/\/www.focolare.org\/es\/wp-json\/wp\/v2\/posts\/312158\/revisions"}],"wp:attachment":[{"href":"https:\/\/www.focolare.org\/es\/wp-json\/wp\/v2\/media?parent=312158"}],"wp:term":[{"taxonomy":"category","embeddable":true,"href":"https:\/\/www.focolare.org\/es\/wp-json\/wp\/v2\/categories?post=312158"},{"taxonomy":"post_tag","embeddable":true,"href":"https:\/\/www.focolare.org\/es\/wp-json\/wp\/v2\/tags?post=312158"}],"curies":[{"name":"wp","href":"https:\/\/api.w.org\/{rel}","templated":true}]}}