{"id":312176,"date":"2023-11-23T12:30:13","date_gmt":"2023-11-23T11:30:13","guid":{"rendered":"https:\/\/www.focolare.org\/espacios-para-la-vida-un-llamado-a-la-unidad-de-juntos-por-europa-en-timisoara\/"},"modified":"2024-05-15T20:54:07","modified_gmt":"2024-05-15T18:54:07","slug":"espacios-para-la-vida-un-llamado-a-la-unidad-de-juntos-por-europa-en-timisoara","status":"publish","type":"post","link":"https:\/\/www.focolare.org\/es\/espacios-para-la-vida-un-llamado-a-la-unidad-de-juntos-por-europa-en-timisoara\/","title":{"rendered":"Espacios para la vida: un llamado a la unidad de Juntos por Europa en Timisoara"},"content":{"rendered":"<p><em>La ciudad de Tamisoara, Rumania, ha sido anfitriona recientemente del encuentro anual de \u201cJuntos por Europa\u201d (JpE) con el tema \u201cLlamados a la unidad\u201d.\u00a0 Este encuentro reuni\u00f3 a 51 movimientos en representaci\u00f3n de las m\u00e1s de 300 realidades cristianas que est\u00e1n dentro de la red de JpE.<\/em>  <strong>Crear espacios de vida en las grietas<\/strong>  En el complejo contexto sociopol\u00edtico que Europa est\u00e1 atravesando, los l\u00edderes de \u201cJuntos por Europa\u201d (JpE) se reunieron del 16 al 18 de noviembre de 2023 en \u00a0Timisoara (Rumania) para responder a una pregunta importante:\u00a0 \u00a0\u00ab\u00bfCu\u00e1l es el rol de las comunidades cristianas en Europa actualmente?\u201d.\u00a0 Esta pregunta ha adquirido relevancia frente a cuestiones globales como los varios conflictos actuales, las din\u00e1micas migratorias y la crisis clim\u00e1tica.  <img alt=\"\" alt=\"\" loading=\"lazy\" decoding=\"async\" class=\"alignleft wp-image-259962\" src=\"https:\/\/www.focolare.org\/wp-content\/uploads\/2023\/11\/402335193_762648102571600_4818431671080410070_n-804x340.jpg\" alt=\"\" width=\"371\" height=\"157\" \/>Herbert Lauenroth, historiador y miembro de la Comisi\u00f3n Directiva de JpE, destac\u00f3 la crisis que sacude a todas las Iglesias\u00a0 y evidenci\u00f3 el peso de este momento:\u00a0 \u201c\u00bfD\u00f3nde est\u00e1n hoy Europa y Juntos por Europa? \u00bfHacia qu\u00e9 tipo de Europa, hacia qu\u00e9 tipo de \u2018juntos\u2019 estamos yendo?\u00bb. En un contexto de creciente incertidumbre, los participantes dialogaron sobre lo que significa \u201cJuntos por Europa\u201d, tratando de discernir su orientaci\u00f3n \u00a0y sus perspectivas futuras.  Desde las primeras sesiones era evidente que haber escogido la ciudad de Timisoara como sede del encuentro a\u00f1adi\u00f3 un ulterior nivel de significado. La Capital de la cultura 2023 es un testimonio de la coexistencia armoniosa de distintas confesiones cristianas, en la que comunidades diferentes se encuentran y prosperan en unidad.  Gerhard Pro\u00df, moderador de JpE y responsable del \u00a0CVJM (<em>Christlicher Verein junger Menschen- Asociaci\u00f3n cristiana de j\u00f3venes<\/em>) de Esslingen (Alemania), ofreci\u00f3 una perspectiva a partir de la fe cristiana: \u201cDios crea espacio entre las grietas\u201d, dijo.\u00a0 \u201cEl mismo Jes\u00fas entr\u00f3 en las grietas m\u00e1s profundas de este mundo\u201d. Luego explic\u00f3 que \u201cla imagen de Cristo, con sus brazos abiertos entre el cielo y la tierra, simboliza una entrada profunda en las fracturas entre Dios y la humanidad, entre individuos, grupos, denominaciones y naciones. Jes\u00fas baj\u00f3 a lo m\u00e1s profundo. Y \u201call\u00ed cre\u00f3 un espacio de vida\u201d.  Palabras que tuvieron una resonancia profunda, suscitando reflexiones sobre c\u00f3mo, frente a los retos contempor\u00e1neos, las comunidades cristianas pueden crear espacios de vida en medio de las fracturas, tensiones e incertidumbres.  <strong>Cultivar la unidad<\/strong>  <img alt=\"\" alt=\"\" loading=\"lazy\" decoding=\"async\" class=\"alignright wp-image-259968\" src=\"https:\/\/www.focolare.org\/wp-content\/uploads\/2023\/11\/402242897_762647725904971_80724885408146429_n-497x340.jpg\" alt=\"\" width=\"277\" height=\"189\" \/>Los participantes tuvieron sesiones de di\u00e1logo, presentaron temas intelectuales, talleres experienciales y momentos de oraci\u00f3n. Seis talleres exploraron temas como la integraci\u00f3n social, las perspectivas de los j\u00f3venes, la \u00e9tica y la no violencia, promoviendo una m\u00e1s profunda comprensi\u00f3n de la diversidad dentro de la comunidad cristiana.  Un momento importante fue la visita al Museo de la Catedral Ortodoxa, seguida de la oraci\u00f3n de las V\u00edsperas, en donde estuvieron autoridades y l\u00edderes religiosos de las diferentes Iglesias presentes. Esos momentos de oraci\u00f3n com\u00fan favorecieron un clima armonioso, en donde la unidad y la diversidad conviv\u00edan.  <img alt=\"\" alt=\"\" loading=\"lazy\" decoding=\"async\" class=\" wp-image-259964 alignleft\" src=\"https:\/\/www.focolare.org\/wp-content\/uploads\/2023\/11\/IMG_7759-468x340.jpg\" alt=\"\" width=\"188\" height=\"137\" \/>Los discursos y las actividades tuvieron intervalos de m\u00fasica y oraci\u00f3n, y se cre\u00f3 as\u00ed un hilo conductor que caracteriz\u00f3 toda la conferencia. Durante uno de sus cantos, el Coro Ecum\u00e9nico Juvenil invit\u00f3 a todos a abrazar los distintos modos de oraci\u00f3n: \u00abSabemos que todos rezamos con nuestro estilo propio. Abr\u00e1monos para experimentar la oraci\u00f3n del otro durante estos d\u00edas en Timisoara\u00bb. \u00a0En especial, fue muy fuerte el momento de la plegaria por la paz en la que se mencionaron los conflictos de todo el mundo, con particular atenci\u00f3n a Ucrania y Medio Oriente. Todos los participantes prometieron su compromiso por la unidad, estableciendo un pacto de amor rec\u00edproco.\u00a0 Un momento que quiso simbolizar la piedra angular sobre la cual se funda una Europa fraterna.  <strong>Relacionar los valores con las pol\u00edticas<\/strong>  En el \u00e1mbito del proyecto <strong><a href=\"https:\/\/www.new-humanity.org\/en\/project\/dialogue\/\">DialogUE<\/a><\/strong>, financiado por la Uni\u00f3n Europea, el encuentro anual de \u201cJuntos por Europa\u201d afront\u00f3 <img alt=\"\" alt=\"\" loading=\"lazy\" decoding=\"async\" class=\"alignright wp-image-259965\" src=\"https:\/\/www.focolare.org\/wp-content\/uploads\/2023\/11\/IMG_7746-510x340.jpg\" alt=\"\" width=\"315\" height=\"210\" \/>tambi\u00e9n tem\u00e1ticas encaminadas a desarrollar consejos y recomendaciones para las pol\u00edticas sociales de la Uni\u00f3n Europea. El profesor Philip McDonagh, exdiplom\u00e1tico irland\u00e9s y director del \u201cCentro para la religi\u00f3n, los valores humanos y las relaciones internacionales\u201d de la Universidad de Dubl\u00edn destac\u00f3 la importancia del art\u00edculo 17 del Tratado sobre el funcionamiento de la Uni\u00f3n Europea (TFUE). Este art\u00edculo promueve un di\u00e1logo abierto y transparente sobre las principales cuestiones sociales que Europa tiene que afrontar a trav\u00e9s de encuentros de alto nivel y seminarios de di\u00e1logo y trabajo entre las instituciones europeas y las Iglesias, as\u00ed como las organizaciones no confesionales y filos\u00f3ficas.  El profesor remarc\u00f3 el aporte de las Iglesias en el debate p\u00fablico, acudiendo a sus fundamentos filos\u00f3ficos, a los valores de compasi\u00f3n, cuidado, solidaridad y respeto por el pluralismo. \u00a0Recomend\u00f3 que las Iglesias se esfuercen por llenar la divisi\u00f3n entre valores de alto nivel y las pol\u00edticas cotidianas, ofreciendo una perspectiva necesaria sobre cuestiones como la paz, la inclusi\u00f3n y la integraci\u00f3n.\u00a0 Invitando a un enfoque multilateral, hizo hincapi\u00e9 en la necesidad de que Europa sea percibida positivamente por la comunidad global y evidenci\u00f3 la responsabilidad de considerar las perspectivas del Sur del planeta.  <strong>Speranza nell&#8217;unit\u00e0<\/strong>  <img alt=\"\" alt=\"\" loading=\"lazy\" decoding=\"async\" class=\" wp-image-259966 alignleft\" src=\"https:\/\/www.focolare.org\/wp-content\/uploads\/2023\/11\/402420830_762645709238506_6849604709315031206_n-467x340.jpg\" alt=\"\" width=\"296\" height=\"216\" \/>Margaret Karram, presidente del Movimiento de los Focolares, estaba presente junto con el Copresidente \u00a0Jes\u00fas Mor\u00e1n y habl\u00f3 dando palabras de esperanza: \u201cJunto a todos ustedes, quisiera tener la siguiente convicci\u00f3n: \u00a1todo es posible!\u201d.\u00a0 Sus palabras invitaron a tener una mirada optimista, a reconocer que la humanidad est\u00e1 dividida y a crear redes de fraternidad.\u00a0 Karram\u00a0 encomend\u00f3 a la red \u201cJuntos por Europa\u201d que abrazara los carismas nacidos del Evangelio, que se comprometiera en el di\u00e1logo y abriera espacios para obtener respuestas tangibles a los retos contempor\u00e1neos.  El obispo Josef-Csaba P\u00e1l de Timisoara expres\u00f3 su gratitud por estos d\u00edas: \u201cUna peque\u00f1a semilla de esta fraternidad, unidad y amor ha sido colocada en nosotros, en nuestras Iglesias, pero tambi\u00e9n en la sociedad.\u00a0 La red Juntos por Europa es una de esas maravillosas iniciativas en las que Dios permiti\u00f3 que cosas buenas crecieran a lo largo de los a\u00f1os. \u00a0\u00a1Sigamos trabajando junto a todas las personas de buena voluntad!\u201d.  Mirando hacia el futuro, se anunci\u00f3 que el pr\u00f3ximo encuentro anual de Juntos por Europa se har\u00e1 en\u00a0 Graz-Seckau, Austria, \u00a0del 31 de octubre al 2 de noviembre de 2024.  Las confesiones cristianas presentes eran: ortodoxos griegos, rumanos, armenios, rusos, y romanos; \u00a0vetero-cat\u00f3licos, protestantes, luteranos, reformados, anglicanos e Iglesias libres. <\/p>\n<p style=\"text-align: right;\"><em>Ana Clara Giovani<\/em><\/p>\n","protected":false},"excerpt":{"rendered":"<p>The city of Timisoara, Romania, recently hosted the annual meeting of Together for Europe (IpE) on the theme \u201cCalled to Unity.\u201d This meeting brought together 51 movements representing more than 300 Christian realities and communities within IpE&#8217;s vast network.<\/p>\n","protected":false},"author":35,"featured_media":0,"comment_status":"open","ping_status":"open","sticky":false,"template":"","format":"standard","meta":{"give_campaign_id":0,"_seopress_robots_primary_cat":"","_seopress_titles_title":"","_seopress_titles_desc":"","_seopress_robots_index":"","_et_pb_use_builder":"","_et_pb_old_content":"","_et_gb_content_width":"","footnotes":""},"categories":[46],"tags":[],"class_list":["post-312176","post","type-post","status-publish","format-standard","hentry","category-sin-categorizar"],"_links":{"self":[{"href":"https:\/\/www.focolare.org\/es\/wp-json\/wp\/v2\/posts\/312176","targetHints":{"allow":["GET"]}}],"collection":[{"href":"https:\/\/www.focolare.org\/es\/wp-json\/wp\/v2\/posts"}],"about":[{"href":"https:\/\/www.focolare.org\/es\/wp-json\/wp\/v2\/types\/post"}],"author":[{"embeddable":true,"href":"https:\/\/www.focolare.org\/es\/wp-json\/wp\/v2\/users\/35"}],"replies":[{"embeddable":true,"href":"https:\/\/www.focolare.org\/es\/wp-json\/wp\/v2\/comments?post=312176"}],"version-history":[{"count":0,"href":"https:\/\/www.focolare.org\/es\/wp-json\/wp\/v2\/posts\/312176\/revisions"}],"wp:attachment":[{"href":"https:\/\/www.focolare.org\/es\/wp-json\/wp\/v2\/media?parent=312176"}],"wp:term":[{"taxonomy":"category","embeddable":true,"href":"https:\/\/www.focolare.org\/es\/wp-json\/wp\/v2\/categories?post=312176"},{"taxonomy":"post_tag","embeddable":true,"href":"https:\/\/www.focolare.org\/es\/wp-json\/wp\/v2\/tags?post=312176"}],"curies":[{"name":"wp","href":"https:\/\/api.w.org\/{rel}","templated":true}]}}