{"id":312184,"date":"2023-12-04T15:16:57","date_gmt":"2023-12-04T14:16:57","guid":{"rendered":"https:\/\/www.focolare.org\/el-movimiento-de-los-focolares-celebra-80-anos\/"},"modified":"2024-05-15T20:54:10","modified_gmt":"2024-05-15T18:54:10","slug":"el-movimiento-de-los-focolares-celebra-80-anos","status":"publish","type":"post","link":"https:\/\/www.focolare.org\/es\/el-movimiento-de-los-focolares-celebra-80-anos\/","title":{"rendered":"El Movimiento de los Focolares celebra 80 a\u00f1os"},"content":{"rendered":"<p><em>El pr\u00f3ximo <\/em><em>7 de diciembre el Papa Francisco recibir\u00e1 en audiencia a la presidenta Margaret Karram juntamente con los responsables de los Focolares en el mundo. A las 18.00 h seguir\u00e1 una celebraci\u00f3n eucar\u00edstica en la Bas\u00edlica de Santa Mar\u00eda Mayor en Roma, presidida por S.E. el Cardenal Kevin Joseph Farrell, Prefecto del Dicasterio para los Laicos, la Familia y la Vida.<\/em>  &nbsp;  El 7 de diciembre de 1943 marca la fecha oficial del nacimiento del Movimiento de los Focolares, es decir, el d\u00eda en el que Chiara Lubich se consagr\u00f3 a Dios para siempre.  Hace 80 a\u00f1os nace una peque\u00f1a comunidad que, en la devastaci\u00f3n de la Segunda Guerra Mundial, quiere restablecer la paz y la unidad entre todos y que muy pronto se difundir\u00e1 por el mundo, integr\u00e1ndose en la corriente de los Nuevos Carismas de la Iglesia. En el coraz\u00f3n de la espiritualidad y de la acci\u00f3n de los Focolares est\u00e1 el Evangelio y especialmente la oraci\u00f3n de Jes\u00fas: \u00abQue todos sean uno\u00bb (<em>Jn<\/em> 17,21).  Hoy el Movimiento est\u00e1 presente en 182 pa\u00edses, se\u00f1al de la universalidad y de la urgencia de la unidad y de la fraternidad en estos tiempos tan fragmentados y tr\u00e1gicos. Adem\u00e1s, forman parte de \u00e9l tambi\u00e9n cristianos de varias Iglesias, fieles de numerosas Religiones y personas sin una orientaci\u00f3n religiosa espec\u00edfica.  <strong>El<\/strong> <strong>7 pr\u00f3ximo 7 de diciembre el Papa Francisco recibir\u00e1 en audiencia a Margaret Karram, presidenta de los Focolares, a Jes\u00fas Mor\u00e1n, copresidente y al grupo de responsables del Movimiento [en las zonas]. <\/strong>\u201cSer recibidos por el Santo Padre precisamente el 7 de diciembre de 2023, exactamente ochenta a\u00f1os despu\u00e9s de aquel primer &#8216;s\u00ed&#8217; de Chiara Lubich a Dios, es para nosotros un don extraordinario y sorprendente\u00bb, explica la presidenta. \u201cQueremos llevar al Papa el amor y el afecto de los miles de personas que en el mundo viven el Carisma de la unidad y renovar nuestro servicio a la Iglesia en este camino sinodal, en colaboraci\u00f3n con muchos otros que quieren contribuir a la paz y al amor para aliviar las llagas de la humanidad\u00bb.  <strong>A las 18 h del mismo d\u00eda, en la Bas\u00edlica de Santa Maria la Mayor, se celebrar\u00e1 una Santa Misa de acci\u00f3n de gracias por estos 80 a\u00f1os de vida de los Focolares, presidida por el Card. Kevin Joseph Farrell, <\/strong>Prefecto del Dicasterio para los Laicos, la Familia y la Vida, junto con otros cardenales, obispos y presb\u00edteros.  \u201cEsta jornada \u2013 explica adem\u00e1s Margaret Karram \u2013 se\u00f1ala la conclusi\u00f3n de una peregrinaci\u00f3n que hemos querido hacer a algunos lugares sagrados y significativos de As\u00eds, Loreto y Roma para dar gracias, pedir perd\u00f3n y volver a empezar con valent\u00eda y esperanza. Tambi\u00e9n las comunidades de los Focolares en el mundo vivir\u00e1n este aniversario con los mismos sentimientos y objetivos, para ser \u00abtestigos de la cercan\u00eda con el amor fraterno que supera toda barrera y alcanza toda condici\u00f3n humana\u201d\u00b9.  <strong>\u00a0<\/strong>  <strong>Modalidades de <\/strong><strong>acreditaci\u00f3n<\/strong>  Los periodistas y operadores de los medios de comunicaci\u00f3n que quieran participar en la Santa Misa del 7 de diciembre de 2023 a las 18.00 h, en la Bas\u00edlica de Santa Mar\u00eda la Mayor, deber\u00e1n enviar una solicitud m\u00e1ximo 48 horas antes del evento, a trav\u00e9s del Sistema de acreditaci\u00f3n <em>online<\/em> de la Oficina de Prensa de la Santa Sede, a la direcci\u00f3n:  press.vatican.va\/accreditamenti <\/p>\n<p style=\"text-align: right;\"><em>Stefania <\/em><em>Tanesini <\/em>\u00a0\u00a0\u00a0\u00a0\u00a0\u00a0\u00a0\u00a0\u00a0\u00a0\u00a0\u00a0\u00a0\u00a0\u00a0\u00a0\u00a0\u00a0\u00a0\u00a0\u00a0\u00a0\u00a0\u00a0\u00a0\u00a0\u00a0\u00a0\u00a0\u00a0\u00a0\u00a0\u00a0\u00a0\u00a0\u00a0\u00a0\u00a0\u00a0\u00a0\u00a0\u00a0\u00a0\u00a0\u00a0\u00a0\u00a0\u00a0\u00a0\u00a0\u00a0\u00a0\u00a0\u00a0\u00a0\u00a0\u00a0\u00a0\u00a0\u00a0\u00a0\u00a0\u00a0\u00a0\u00a0\u00a0\u00a0\u00a0\u00a0\u00a0\u00a0\u00a0\u00a0\u00a0\u00a0\u00a0\u00a0\u00a0\u00a0\u00a0\u00a0\u00a0\u00a0\u00a0\u00a0\u00a0\u00a0\u00a0\u00a0\u00a0\u00a0\u00a0\u00a0\u00a0\u00a0\u00a0\u00a0\u00a0\u00a0\u00a0\u00a0\u00a0\u00a0\u00a0\u00a0\u00a0\u00a0\u00a0\u00a0\u00a0\u00a0\u00a0\u00a0\u00a0\u00a0\u00a0\u00a0\u00a0\u00a0\u00a0\u00a0\u00a0\u00a0\u00a0\u00a0\u00a0\u00a0\u00a0\u00a0\u00a0\u00a0\u00a0\u00a0\u00a0\u00a0 +39 338 5658244<\/p>\n<p> <em>\u00a0<\/em>  <em>\u00a0<\/em>  <em>\u00a0<\/em>  <em>\u00a0<\/em>  <em>\u00a0<\/em>  <em>\u00a0<\/em>  <em>\u00a0<\/em>  <em>\u00a0<\/em>  <em>\u00a0<\/em>  <em>\u00a0<\/em>  <em>\u00a0<\/em>  <em>\u00a0<\/em>  <em>\u00a0<\/em>  <em>\u00a0<\/em>  <em>\u00a0<\/em>  <em>\u00a0<\/em>  <em>\u00a0<\/em>  <em>\u00a0<\/em>  <em>\u00a0<\/em>  <em>\u00a0<\/em>  <em>\u00a0<\/em>  &nbsp;  <span style=\"font-size: 12px;\">1. Discurso del Santo Padre Francisco a los participantes en la Asamblea General del Movimiento de los Focolares \u2013 6 de febrero de 2021<\/span><\/p>\n","protected":false},"excerpt":{"rendered":"<p>El pr\u00f3ximo 7 de diciembre el Papa Francisco recibir\u00e1 en audiencia a la presidenta Margaret Karram juntamente con los responsables de los Focolares en el mundo. A las 18.00 h seguir\u00e1 una celebraci\u00f3n eucar\u00edstica en la Bas\u00edlica de Santa Mar\u00eda Mayor en Roma, presidida por S.E. el Cardenal Kevin Joseph Farrell, Prefecto del Dicasterio para los Laicos, la Familia y la Vida.<\/p>\n","protected":false},"author":34,"featured_media":0,"comment_status":"open","ping_status":"open","sticky":false,"template":"","format":"standard","meta":{"give_campaign_id":0,"_seopress_robots_primary_cat":"","_seopress_titles_title":"","_seopress_titles_desc":"","_seopress_robots_index":"","_et_pb_use_builder":"","_et_pb_old_content":"","_et_gb_content_width":"","footnotes":""},"categories":[46],"tags":[],"class_list":["post-312184","post","type-post","status-publish","format-standard","hentry","category-sin-categorizar"],"_links":{"self":[{"href":"https:\/\/www.focolare.org\/es\/wp-json\/wp\/v2\/posts\/312184","targetHints":{"allow":["GET"]}}],"collection":[{"href":"https:\/\/www.focolare.org\/es\/wp-json\/wp\/v2\/posts"}],"about":[{"href":"https:\/\/www.focolare.org\/es\/wp-json\/wp\/v2\/types\/post"}],"author":[{"embeddable":true,"href":"https:\/\/www.focolare.org\/es\/wp-json\/wp\/v2\/users\/34"}],"replies":[{"embeddable":true,"href":"https:\/\/www.focolare.org\/es\/wp-json\/wp\/v2\/comments?post=312184"}],"version-history":[{"count":0,"href":"https:\/\/www.focolare.org\/es\/wp-json\/wp\/v2\/posts\/312184\/revisions"}],"wp:attachment":[{"href":"https:\/\/www.focolare.org\/es\/wp-json\/wp\/v2\/media?parent=312184"}],"wp:term":[{"taxonomy":"category","embeddable":true,"href":"https:\/\/www.focolare.org\/es\/wp-json\/wp\/v2\/categories?post=312184"},{"taxonomy":"post_tag","embeddable":true,"href":"https:\/\/www.focolare.org\/es\/wp-json\/wp\/v2\/tags?post=312184"}],"curies":[{"name":"wp","href":"https:\/\/api.w.org\/{rel}","templated":true}]}}