{"id":312208,"date":"2024-01-22T02:45:38","date_gmt":"2024-01-22T01:45:38","guid":{"rendered":"https:\/\/www.focolare.org\/baier-y-kronreif-dialop-es-un-modelo-de-dialogo-en-este-tiempo-de-polarizaciones\/"},"modified":"2024-05-15T20:54:14","modified_gmt":"2024-05-15T18:54:14","slug":"baier-y-kronreif-dialop-es-un-modelo-de-dialogo-en-este-tiempo-de-polarizaciones","status":"publish","type":"post","link":"https:\/\/www.focolare.org\/es\/baier-y-kronreif-dialop-es-un-modelo-de-dialogo-en-este-tiempo-de-polarizaciones\/","title":{"rendered":"Baier y Kronreif: \u00abDialop es un modelo de di\u00e1logo en este tiempo de polarizaciones\u00bb."},"content":{"rendered":"<p><em>Hace m\u00e1s de 10 a\u00f1os Walter Baier y Franz Kronreif iniciaron en Viena un camino entre marxistas y cat\u00f3licos en la perspectiva \u00a0\u2013osada en ese momento y osada ahora\u2013 de elaborar una \u00e9tica social compartida, sobre la base de un proyecto de di\u00e1logo transversal, denominado Dialop, lanzado en 2014. \u00a0Baier, pol\u00edtico, es actualmente presidente de la Izquierda Europea, \u00a0Kronreif es un arquitecto, miembro de los Focolares.<\/em>  <strong><em>\u00bfQu\u00e9 resultados se han alcanzado con la Conferencia de los d\u00edas pasados en el camino de Dialop?<\/em><\/strong>  <strong>Baier<\/strong>: \u00abEs dif\u00edcil para m\u00ed dar una respuesta porque a\u00fan tenemos que evaluar las cosas entre nosotros. He le\u00eddo varias veces el discurso que nos hizo el Papa Francisco y he descubierto aspectos nuevos. Ello quiere decir que tenemos que profundizar ese discurso para reflexionar atentamente sobre \u00e9l.\u00a0 De todos modos, sin duda, el encuentro con el Papa abre un nuevo cap\u00edtulo entre la Izquierda en Europa y la Iglesia cat\u00f3lica.\u00a0 El Papa habl\u00f3 justamente de las cosas que nos mueven a nosotros tambi\u00e9n, es decir la opci\u00f3n preferencial por los pobres, la defensa de la Madre Tierra, los derechos de los migrantes, el derecho a la vida\u00bb.  <strong>Kronreif<\/strong>: \u00abLo que m\u00e1s me ha impresionado es que el Papa quiso realmente este encuentro con una representaci\u00f3n de <em>Dialop<\/em>. Desde el comienzo vimos que se sent\u00eda muy bien con nuestro grupo, mitad cat\u00f3licos y mitad marxistas. Habl\u00f3 muy libremente y construy\u00f3 relaciones, tambi\u00e9n a trav\u00e9s de las preguntas que nos respond\u00eda.\u00a0 Nos estimul\u00f3 a proseguir en el di\u00e1logo, porque el di\u00e1logo hoy es fundamental. \u00a0Hizo hincapi\u00e9 tambi\u00e9n en la lucha contra la corrupci\u00f3n.\u00a0 Y luego nos invit\u00f3 a so\u00f1ar con un futuro mejor, porque con los sue\u00f1os podemos lograr romper los esquemas\u00bb.  <img alt=\"\" alt=\"\" loading=\"lazy\" decoding=\"async\" class=\"wp-image-260763 alignright\" src=\"https:\/\/www.focolare.org\/wp-content\/uploads\/2024\/01\/IMG_0467-453x340.jpg\" alt=\"\" width=\"348\" height=\"261\" \/>  <strong>Baier<\/strong>: \u00abEs muy importante tambi\u00e9n lo que ha sucedido en el Instituto universitario Sophia de Loppiano. Pienso que es una nueva etapa del di\u00e1logo.\u00a0 Demuestra lo rico que es saber que conseguimos movilizar a otros. La precondici\u00f3n de ello es que hemos logrado crear un espacio en el que todos los participantes han podido expresarse.\u00a0 Por la parte marxista, todos los aportes han sido no ortodoxos.\u00a0 Si hubi\u00e9ramos dicho estas cosas hace algunas d\u00e9cadas en nuestros partidos socialistas o comunistas, nos habr\u00edan expulsado\u00bb.  <strong><em>\u00bfPor ejemplo?<\/em><\/strong>  <strong>Baier<\/strong>: \u00abC\u00f3mo nos hemos movido como marxistas con el v\u00e9rtice de la Iglesia cat\u00f3lica es algo in\u00e9dito. Adem\u00e1s la autocr\u00edtica que hemos empezado a hacer respecto de nuestras contradicciones. Ello es posible s\u00f3lo en este tipo de di\u00e1logo que hemos creado en Sophia. Y hago hincapi\u00e9 que en esta experiencia de di\u00e1logo, la otra parte consigue activar lo mejor de nosotros\u00bb.  <strong><em>\u00bfQu\u00e9 perspectivas se han abierto con esta etapa de inicio<\/em> <em>2024?<\/em><\/strong>  <strong>Baier<\/strong>: \u00abPara m\u00ed, como pol\u00edtico, es importante que logremos movilizar a la sociedad y a la opini\u00f3n p\u00fablica en los temas de la justicia, de la ecolog\u00eda integral, sobre todo de la paz.\u00a0 A pesar de que no tenemos que hacernos ilusiones. No es una cuesti\u00f3n de discursos sino de una confrontaci\u00f3n con poderes fuertes. Ello requiere decisiones democr\u00e1ticas y se necesitan mayor\u00edas sobre tales temas. Yo pienso que tenemos que desarrollar nuestro di\u00e1logo en esa direcci\u00f3n\u00bb.  <strong>Kronreif<\/strong>: \u00abLa perspectiva que surgi\u00f3 es que hemos constatado que en nuestro di\u00e1logo conseguimos hacer nacer una experiencia de verdadero encuentro que se puede ampliar a otros di\u00e1logos o integrar a otros sujetos en nuestro di\u00e1logo.\u00a0 Tenemos ya un m\u00e9todo, y una experiencia\u00a0 tan s\u00f3lida y vivida que estamos m\u00e1s abiertos a integrar a otros componentes.\u00a0 Y puede resultar un m\u00e9todo democr\u00e1tico \u00fatil para saber \u00a0c\u00f3mo tratar y afrontar ciertos temas en los parlamentos, en la sociedad y en la opini\u00f3n p\u00fablica, en donde ahora prevalece una escisi\u00f3n muy fuerte y una radicalizaci\u00f3n en posiciones extremas\u00bb. <\/p>\n<p style=\"text-align: right;\"><em>Paolo L\u00f2riga<\/em><\/p>\n","protected":false},"excerpt":{"rendered":"<p>Hace m\u00e1s de 10 a\u00f1os Walter Baier y Franz Kronreif iniciaron en Viena un camino entre marxistas y cat\u00f3licos en la perspectiva \u00a0\u2013osada en ese momento y osada ahora\u2013 de elaborar una \u00e9tica social compartida, sobre la base de un proyecto de di\u00e1logo transversal, denominado Dialop, lanzado en 2014. \u00a0Baier, pol\u00edtico, es actualmente presidente de la Izquierda Europea, \u00a0Kronreif es un arquitecto, miembro de los Focolares.<\/p>\n","protected":false},"author":34,"featured_media":0,"comment_status":"open","ping_status":"open","sticky":false,"template":"","format":"standard","meta":{"give_campaign_id":0,"_seopress_robots_primary_cat":"","_seopress_titles_title":"","_seopress_titles_desc":"","_seopress_robots_index":"","_et_pb_use_builder":"","_et_pb_old_content":"","_et_gb_content_width":"","footnotes":""},"categories":[46],"tags":[],"class_list":["post-312208","post","type-post","status-publish","format-standard","hentry","category-sin-categorizar"],"_links":{"self":[{"href":"https:\/\/www.focolare.org\/es\/wp-json\/wp\/v2\/posts\/312208","targetHints":{"allow":["GET"]}}],"collection":[{"href":"https:\/\/www.focolare.org\/es\/wp-json\/wp\/v2\/posts"}],"about":[{"href":"https:\/\/www.focolare.org\/es\/wp-json\/wp\/v2\/types\/post"}],"author":[{"embeddable":true,"href":"https:\/\/www.focolare.org\/es\/wp-json\/wp\/v2\/users\/34"}],"replies":[{"embeddable":true,"href":"https:\/\/www.focolare.org\/es\/wp-json\/wp\/v2\/comments?post=312208"}],"version-history":[{"count":0,"href":"https:\/\/www.focolare.org\/es\/wp-json\/wp\/v2\/posts\/312208\/revisions"}],"wp:attachment":[{"href":"https:\/\/www.focolare.org\/es\/wp-json\/wp\/v2\/media?parent=312208"}],"wp:term":[{"taxonomy":"category","embeddable":true,"href":"https:\/\/www.focolare.org\/es\/wp-json\/wp\/v2\/categories?post=312208"},{"taxonomy":"post_tag","embeddable":true,"href":"https:\/\/www.focolare.org\/es\/wp-json\/wp\/v2\/tags?post=312208"}],"curies":[{"name":"wp","href":"https:\/\/api.w.org\/{rel}","templated":true}]}}