{"id":312222,"date":"2024-02-05T03:00:07","date_gmt":"2024-02-05T02:00:07","guid":{"rendered":"https:\/\/www.focolare.org\/de-nicea-caminando-hacia-la-unidad-el-comienzo-de-un-nuevo-comienzo\/"},"modified":"2024-05-15T20:54:17","modified_gmt":"2024-05-15T18:54:17","slug":"de-nicea-caminando-hacia-la-unidad-el-comienzo-de-un-nuevo-comienzo","status":"publish","type":"post","link":"https:\/\/www.focolare.org\/es\/de-nicea-caminando-hacia-la-unidad-el-comienzo-de-un-nuevo-comienzo\/","title":{"rendered":"De Nicea caminando hacia la unidad: el comienzo de un nuevo comienzo"},"content":{"rendered":"<p><em>El jueves 8 de febrero de 2024, un seminario web \u00a0ofrecer\u00e1 la posibilidad de profundizar y reflexionar sobre el Concilio de Nicea y su legado vivo a\u00fan para los cristianos de hoy.<\/em>  En 2025 se conmemorar\u00e1n los 1700 a\u00f1os del primer Concilio Ecum\u00e9nico de Nicea (325 D.C.), que es un ejemplo \u00fanico de c\u00f3mo tomar decisiones comunes en tiempos dif\u00edciles y proviniendo de culturas diferentes. En ese entonces se crearon las bases del credo cristiano: un patrimonio precioso, atestiguado durante siglos por la vida y la fe de las Iglesias, que ha sido el fermento del camino de la civilizaci\u00f3n humana.  En Nicea tambi\u00e9n se decidi\u00f3 la forma de calcular la fecha de la Pascua cristiana; ser\u00eda el domingo siguiente a la primera luna llena despu\u00e9s del comienzo de la primavera. \u00a0Luego, el uso de calendarios distintos diferenci\u00f3 el d\u00eda de Pascua entre Oriente y Occidente, de tal manera que s\u00f3lo cada tanto la fecha coincide (por ejemplo este a\u00f1o 2024 hay 15 d\u00edas de diferencia). El a\u00f1o 2025 es un a\u00f1o en el que todas las Iglesias celebrar\u00e1n la Pascua en la misma fecha.  Pero hoy, esta conmemoraci\u00f3n asume una importancia m\u00e1s vasta. \u00a0De hecho, vivimos en una \u00e9poca de conflictos y de angustia. Un tiempo que necesita una nueva esperanza. Un tiempo que tiene que redescubrir la profec\u00eda de una cultura de la Resurrecci\u00f3n.  El jueves 8 de febrero de 2024 est\u00e1 previsto un seminario web cuyo t\u00edtulo es: \u201cDe Nicea caminando hacia la unidad. El comienzo de un nuevo comienzo\u201d.\u00a0 El webinar quiere poner de relieve que el Concilio de Nicea ha sido para la Iglesia el poderoso comienzo de ese testimonio com\u00fan con la fuerza de un nuevo Pentecost\u00e9s que ilumina toda la realidad y da la fuerza de comprometerse para \u00a0poner en pr\u00e1ctica la fraternidad universal.  De aqu\u00ed se desprende un fuerte llamado a todas las Iglesias, en Oriente y en Occidente,\u00a0 a hacer un ulterior esfuerzo para ponerse de acuerdo en una fecha com\u00fan de la Pascua, dando vida a un nuevo inicio de\u00a0 testimonio com\u00fan frente al mundo.  En efecto pues, dar testimonio de la unidad y del reconocimiento rec\u00edproco de diferentes y ricas tradiciones de la \u00fanica fe, ser\u00eda un decisivo aporte a la fatigosa y dram\u00e1tica b\u00fasqueda de la paz y de la desafiante conciliaci\u00f3n entre una feliz convivencia global de la humanidad y el derecho a la identidad propia de cada pueblo.  El webinar, preparado por estudiosos de diferentes Iglesias, tiene como objetivo difundir, con un lenguaje accesible para todos, la enorme herencia del Primer Concilio Ecum\u00e9nico de la Iglesia. Recogiendo y viviendo ese legado, \u00e9l tendr\u00e1 \u00a0la fuerza de hacer la diferencia en el convulsionado tiempo que vivimos.  En la apertura intervendr\u00e1n S.S. el Patriarca Ecum\u00e9nico Bartolom\u00e9, S.E. el Cardenal \u00a0Kurt Koch, Presidente del Dicasterio para la Unidad de los Cristianos, el Dr. Jerry Pillay, Secretario General del Consejo Mundial de las Iglesias y el Dr. Thomas Schirrmacher, Secretario General de la Alianza Evang\u00e9lica Mundial. Luego se ver\u00e1 por la participaci\u00f3n de exponentes de varias Iglesias.  Tendr\u00e1 lugar desde las 13:30 hasta las 16:30 horas. Estar\u00e1 disponible la traducci\u00f3n simult\u00e1nea en \u00e1rabe, franc\u00e9s, alem\u00e1n y espa\u00f1ol.  Per recibir el enlace, inscribirse en \u00a0<a href=\"https:\/\/forms.gle\/RK8FerrnXMftqHKA9\">este<\/a> formulario  Descargar el programa completo <a href=\"https:\/\/www.focolare.org\/wp-content\/uploads\/2024\/02\/20240208-WEBINAR-ES.pdf\">20240208-WEBINAR-ES<\/a><\/p>\n","protected":false},"excerpt":{"rendered":"<p>El jueves 8 de febrero de 2024, un seminario web \u00a0ofrecer\u00e1 la posibilidad de profundizar y reflexionar sobre el Concilio de Nicea y su legado vivo a\u00fan para los cristianos de hoy.<\/p>\n","protected":false},"author":33,"featured_media":0,"comment_status":"open","ping_status":"open","sticky":false,"template":"","format":"standard","meta":{"give_campaign_id":0,"_seopress_robots_primary_cat":"","_seopress_titles_title":"","_seopress_titles_desc":"","_seopress_robots_index":"","_et_pb_use_builder":"","_et_pb_old_content":"","_et_gb_content_width":"","footnotes":""},"categories":[46],"tags":[],"class_list":["post-312222","post","type-post","status-publish","format-standard","hentry","category-sin-categorizar"],"_links":{"self":[{"href":"https:\/\/www.focolare.org\/es\/wp-json\/wp\/v2\/posts\/312222","targetHints":{"allow":["GET"]}}],"collection":[{"href":"https:\/\/www.focolare.org\/es\/wp-json\/wp\/v2\/posts"}],"about":[{"href":"https:\/\/www.focolare.org\/es\/wp-json\/wp\/v2\/types\/post"}],"author":[{"embeddable":true,"href":"https:\/\/www.focolare.org\/es\/wp-json\/wp\/v2\/users\/33"}],"replies":[{"embeddable":true,"href":"https:\/\/www.focolare.org\/es\/wp-json\/wp\/v2\/comments?post=312222"}],"version-history":[{"count":0,"href":"https:\/\/www.focolare.org\/es\/wp-json\/wp\/v2\/posts\/312222\/revisions"}],"wp:attachment":[{"href":"https:\/\/www.focolare.org\/es\/wp-json\/wp\/v2\/media?parent=312222"}],"wp:term":[{"taxonomy":"category","embeddable":true,"href":"https:\/\/www.focolare.org\/es\/wp-json\/wp\/v2\/categories?post=312222"},{"taxonomy":"post_tag","embeddable":true,"href":"https:\/\/www.focolare.org\/es\/wp-json\/wp\/v2\/tags?post=312222"}],"curies":[{"name":"wp","href":"https:\/\/api.w.org\/{rel}","templated":true}]}}