{"id":312226,"date":"2024-02-10T03:00:04","date_gmt":"2024-02-10T02:00:04","guid":{"rendered":"https:\/\/www.focolare.org\/irlanda-del-norte-justicia-climatica-juntos-para-lograr-un-mayor-impacto\/"},"modified":"2024-05-15T20:54:18","modified_gmt":"2024-05-15T18:54:18","slug":"irlanda-del-norte-justicia-climatica-juntos-para-lograr-un-mayor-impacto","status":"publish","type":"post","link":"https:\/\/www.focolare.org\/es\/irlanda-del-norte-justicia-climatica-juntos-para-lograr-un-mayor-impacto\/","title":{"rendered":"Irlanda del Norte, justicia clim\u00e1tica: juntos para lograr un mayor impacto"},"content":{"rendered":"<p><em>\u201cUnir los puntos\u201d. Este es el t\u00edtulo de la iniciativa en la que participaron cuarenta organizaciones y la comunidad de los Focolares para luchar contra la crisis clim\u00e1tica.<\/em>  Hagamos algo juntos por la justicia clim\u00e1tica y trabajemos colaborativamente para tener un mayor impacto en este grave y urgente problema. Estos son los objetivos del evento que se celebr\u00f3 el pasado mes de enero en Belfast, Irlanda del Norte, organizado por la comunidad del Movimiento de los Focolares junto con el Centro Jesuita de Belfast, la Capellan\u00eda de la Universidad de Ulster, la Pastoral Juvenil Redentorista y la Di\u00f3cesis de Down y Connor.  La iniciativa cont\u00f3 con la presencia de sesenta personas en representaci\u00f3n de cuarenta organizaciones. Tuvo lugar en la Universidad de Ulster y se titul\u00f3 <strong><em>\u00abJoin the Dots Together\u00bb<\/em><\/strong>, reunidos para trabajar codo a codo en la emergencia clim\u00e1tica.  La <strong>dra. Lorna Gold,<\/strong> presidenta del <strong>\u201cMovimiento Laudato S\u00ec\u201d<\/strong> global &#8211; nacido despu\u00e9s de la enc\u00edclica hom\u00f3nima del papa Francisco sobre el cuidado de la Casa Com\u00fan &#8211; en su discurso abord\u00f3 temas espinosos, incluido el lento progreso en la eliminaci\u00f3n de los combustibles f\u00f3siles y en al mismo tiempo, infundi\u00f3 un sentimiento de gozosa esperanza en todos los presentes.  Reflexionando sobre el documento COP28 (28\u00aa conferencia de las Naciones Unidas sobre el cambio clim\u00e1tico), subray\u00f3 la importancia de haber confirmado que las causas principales del cambio clim\u00e1tico son los combustibles f\u00f3siles. \u201cEl genio ya ha salido de la l\u00e1mpara y no hay vuelta atr\u00e1s\u201d, afirm\u00f3. Luego habl\u00f3 sobre la importancia del Tratado de No Proliferaci\u00f3n de Combustibles F\u00f3siles. El uso del t\u00e9rmino \u201cno proliferaci\u00f3n\u201d, generalmente vinculado a las armas de destrucci\u00f3n masiva, est\u00e1 de hecho vinculado a los riesgos que enfrenta el mundo por el uso continuo de combustibles f\u00f3siles. Adem\u00e1s, Lorna Gold quiso resaltar la importancia de los grupos religiosos como principales partes interesadas del planeta, con miles de millones de d\u00f3lares invertidos en los mercados globales y propietarios del 12% de la tierra del mundo. \u201cLas personas de fe \u2013 reiter\u00f3 \u2013 est\u00e1n en una posici\u00f3n clave para cambiar la narrativa y reescribir el futuro\u201d.  <img alt=\"\" alt=\"\" loading=\"lazy\" decoding=\"async\" class=\"alignleft size-medium wp-image-261087\" src=\"https:\/\/www.focolare.org\/wp-content\/uploads\/2024\/02\/5-JTDT-Team-L-e1707491302172-385x340.jpeg\" alt=\"\" width=\"385\" height=\"340\" \/>No es una coincidencia que Lorna Gold acaba de ser nombrada directora ejecutiva de <strong>FaithInvest<\/strong>, una organizaci\u00f3n que se centra en movilizar a todas las religiones para que pongan sus recursos, en particular sus inversiones financieras, para ayudar a que la econom\u00eda avance hacia una mayor sostenibilidad.  \u200bEl evento fue un poderoso testimonio para la sociedad civil y los grupos religiosos de Irlanda del Norte, con la asistencia de personas del Foro interreligioso, la comunidad bah\u00e1&#8217;\u00ed, la fundaci\u00f3n de la Asociaci\u00f3n Atl\u00e9tica Ga\u00e9lica, la Uni\u00f3n de Madres y Trocaire (C\u00e1ritas en Irlanda), as\u00ed como varios grupos no religiosos como Keep Northern Ireland Beautiful. \u201cEs muy inusual encontrar un conglomerado de grupos unidos por una causa com\u00fan \u2013 afirm\u00f3 Lorna Gold \u2013 pero tal vez sea exactamente la cuesti\u00f3n clim\u00e1tica en la que todos estamos de acuerdo\u201d.  <strong>Algunos testimonios de los participantes.<\/strong>  Georgia Allen y Glen MacAuley, j\u00f3venes de <strong><em>Fridays for Future NI<\/em><\/strong>, se declararon en huelga frente al municipio de Belfast todos los viernes de 2023 y sintieron que era importante asistir a la reuni\u00f3n. \u201cFue positivo e interesante, con un orador inspirador \u2013 dijo Allen -. Fue un llamado a la acci\u00f3n, a hacer algo concreto juntos\u201d. \u00a1Al final quisieron hacerse una foto con Lorna Gold como s\u00edmbolo de participaci\u00f3n en la huelga clim\u00e1tica con ella!  John Barry, profesor de Econom\u00eda y Pol\u00edtica Verde en la <strong>Universidad de Queen<\/strong>, dijo: \u201cEn este momento de emergencia clim\u00e1tica y ecol\u00f3gica todos debemos unirnos para reconocer que es muy tarde y peor de lo que la gente piensa, pero no sin esperanza. Las comunidades religiosas tienen un papel importante que desempe\u00f1ar, por lo que fue fant\u00e1stico ver una reuni\u00f3n interconfesional de personas de fe dispuestas a arremangarse y comenzar a reparar nuestro mundo destruido\u201d.  <img alt=\"\" alt=\"\" loading=\"lazy\" decoding=\"async\" class=\"alignright wp-image-261086\" src=\"https:\/\/www.focolare.org\/wp-content\/uploads\/2024\/02\/6-JTDT-Room-e1707491337292-907x340.jpeg\" alt=\"\" width=\"632\" height=\"237\" \/>Edwin Graham del <strong>Foro Interreligioso<\/strong>, coment\u00f3: \u201cConectando los puntos&#8230; Juntos: una iniciativa asombrosa que ha reunido a muchas personas de una multitud de organizaciones y grupos que se preocupan por el medio ambiente. La diversidad de los asistentes fue impresionante, desde l\u00edderes de alto nivel en comunidades religiosas hasta peque\u00f1as organizaciones formadas por activistas comprometidos\u201d.  Y tambi\u00e9n, Nicolas Hanrahan de <strong>Trocaire<\/strong>: \u201cFue fant\u00e1stico ver a tanta gente haciendo un gran trabajo para cuidar de nuestra casa com\u00fan. (\u2026) \u00a1No veo la hora de que llegue el pr\u00f3ximo\u201d!  La hermana Nuala, de la <strong>parroquia de St. John<\/strong>, se hace eco de ello: \u201cEl d\u00eda de hoy super\u00f3 todas nuestras expectativas, todos no s\u00f3lo lo apreciaron, sino que lo encontraron extremadamente \u00fatil\u201d.  Finalmente, Finbarr Keavney del grupo <strong>Laudato S\u00ec de Newcastle<\/strong>: \u201cQu\u00e9 ma\u00f1ana tan emocionante y esperanzadora. Es maravilloso conocer a tanta gente encantadora de diferentes religiones, todos unidos por el deseo de justicia clim\u00e1tica\u201d.  Lorna Gold finalmente nos record\u00f3 que conectar los puntos y formular planes para trabajar en colaboraci\u00f3n en la justicia clim\u00e1tica es clave: \u201cPodemos plantar las semillas de un nuevo futuro, pero la \u00fanica manera de hacerlo es juntos\u201d. <\/p>\n<p style=\"text-align: right;\"><em>Lorenzo Russo<\/em><\/p>\n","protected":false},"excerpt":{"rendered":"<p>\u201cUnir los puntos\u201d. Este es el t\u00edtulo de la iniciativa en la que participaron cuarenta organizaciones y la comunidad de los Focolares para luchar contra la crisis clim\u00e1tica.<\/p>\n","protected":false},"author":34,"featured_media":0,"comment_status":"open","ping_status":"open","sticky":false,"template":"","format":"standard","meta":{"give_campaign_id":0,"_seopress_robots_primary_cat":"","_seopress_titles_title":"","_seopress_titles_desc":"","_seopress_robots_index":"","_et_pb_use_builder":"","_et_pb_old_content":"","_et_gb_content_width":"","footnotes":""},"categories":[46],"tags":[],"class_list":["post-312226","post","type-post","status-publish","format-standard","hentry","category-sin-categorizar"],"_links":{"self":[{"href":"https:\/\/www.focolare.org\/es\/wp-json\/wp\/v2\/posts\/312226","targetHints":{"allow":["GET"]}}],"collection":[{"href":"https:\/\/www.focolare.org\/es\/wp-json\/wp\/v2\/posts"}],"about":[{"href":"https:\/\/www.focolare.org\/es\/wp-json\/wp\/v2\/types\/post"}],"author":[{"embeddable":true,"href":"https:\/\/www.focolare.org\/es\/wp-json\/wp\/v2\/users\/34"}],"replies":[{"embeddable":true,"href":"https:\/\/www.focolare.org\/es\/wp-json\/wp\/v2\/comments?post=312226"}],"version-history":[{"count":0,"href":"https:\/\/www.focolare.org\/es\/wp-json\/wp\/v2\/posts\/312226\/revisions"}],"wp:attachment":[{"href":"https:\/\/www.focolare.org\/es\/wp-json\/wp\/v2\/media?parent=312226"}],"wp:term":[{"taxonomy":"category","embeddable":true,"href":"https:\/\/www.focolare.org\/es\/wp-json\/wp\/v2\/categories?post=312226"},{"taxonomy":"post_tag","embeddable":true,"href":"https:\/\/www.focolare.org\/es\/wp-json\/wp\/v2\/tags?post=312226"}],"curies":[{"name":"wp","href":"https:\/\/api.w.org\/{rel}","templated":true}]}}