{"id":312234,"date":"2024-02-22T13:30:16","date_gmt":"2024-02-22T12:30:16","guid":{"rendered":"https:\/\/www.focolare.org\/balance-de-comunion-hacer-una-rendicion-de-cuentas-de-las-obras-para-hacer-circular-el-bien\/"},"modified":"2024-05-15T20:54:19","modified_gmt":"2024-05-15T18:54:19","slug":"balance-de-comunion-hacer-una-rendicion-de-cuentas-de-las-obras-para-hacer-circular-el-bien","status":"publish","type":"post","link":"https:\/\/www.focolare.org\/es\/balance-de-comunion-hacer-una-rendicion-de-cuentas-de-las-obras-para-hacer-circular-el-bien\/","title":{"rendered":"Balance de Comuni\u00f3n: hacer una rendici\u00f3n de cuentas de las obras, para hacer circular el bien"},"content":{"rendered":"<p><em>El 20 de febrero de 2024 se realiz\u00f3 la presentaci\u00f3n del \u201cBalance de Comuni\u00f3n\u201d del Movimiento de los Focolares, que consiste en una panor\u00e1mica de las actividades y las iniciativas promovidas en el mundo durante el a\u00f1o 2022. \u00a0<\/em><em>Tema central: il di\u00e1logo.<\/em>  <a href=\"https:\/\/www.focolare.org\/wp-content\/uploads\/2024\/02\/BdC-2022-DialogoES.pdf\" target=\"_blank\" rel=\"noopener\"><img alt=\"\" alt=\"\" loading=\"lazy\" decoding=\"async\" class=\"alignright wp-image-261211\" src=\"https:\/\/www.focolare.org\/wp-content\/uploads\/2024\/02\/BdC-dialogo-copertinaES-240x340.png\" alt=\"\" width=\"213\" height=\"302\" \/><\/a>\u201cCon una vida constante de \u00a0la \u00a0\u2018espiritualidad de la unidad\u2019 o \u2018de comuni\u00f3n\u2019, puedo dar un aporte eficaz para hacer de mi Iglesia \u2018una casa y una escuela de comuni\u00f3n\u2019; para hacer progresar, con los fieles de las otras Iglesias o Comunidades eclesiales, la unidad de la Iglesia; para crear, \u00a0con personas de otras religiones o culturas, espacios cada vez m\u00e1s vastos de fraternidad universal\u201d.<a href=\"#_ftn1\" name=\"_ftnref1\">[1]<\/a>  Con estas palabras, Chiara Lubich, fundadora del Movimiento de los Focolares, reflexionaba acerca de la importancia de actuar cotidianamente como \u201cap\u00f3stoles del di\u00e1logo\u201d, generando as\u00ed formas nuevas de relacionarse con el otro, poni\u00e9ndose a la escucha y acogiendo la realidad del otro en su especificidad. Una dimensi\u00f3n a la que cada uno de nosotros pareciera estar llamado y que puede transformarse en una experiencia concreta y viva, que no s\u00f3lo se puede \u201ccuantificar\u201d en t\u00e9rminos num\u00e9ricos, sino que tambi\u00e9n puede dar fruto, y tiene que ser puesta en com\u00fan. \u00c9ste es el punto focal del segundo \u201cBalance de Comuni\u00f3n\u201d del Movimiento de los Focolares, que es el balance de misi\u00f3n presentado el 20 de febrero de <img alt=\"\" alt=\"\" loading=\"lazy\" decoding=\"async\" class=\"alignleft wp-image-261270\" src=\"https:\/\/www.focolare.org\/wp-content\/uploads\/2024\/02\/IMG_0372-604x340.jpg\" alt=\"\" width=\"391\" height=\"220\" \/>2024 en la Curia General de la Compa\u00f1\u00eda de Jes\u00fas de Roma.\u00a0 El documento, traducido en cinco idiomas (italiano, ingl\u00e9s, franc\u00e9s, espa\u00f1ol y portugu\u00e9s) es una panor\u00e1mica de las actividades y las iniciativas promovidas por los Focolares en el a\u00f1o 2022; una narraci\u00f3n no s\u00f3lo de haber puesto en com\u00fan los bienes, sino tambi\u00e9n las experiencias y las iniciativas vividas a nivel mundial, inspiradas, en lo espec\u00edfico para esta publicaci\u00f3n, por los di\u00e1logos y en los di\u00e1logos. Todo ello se ha dado entre Movimientos eclesiales y nuevas Comunidades en la Iglesia Cat\u00f3lica; en el di\u00e1logo entre las varias Iglesias cristianas; en el que se vive entre las distintas religiones, con las diferentes culturas, con las Instituciones y en el compromiso frente a los tantos retos globales.  Entre los relatores que intervinieron con ocasi\u00f3n de la Conferencia de prensa de presentaci\u00f3n \u2013contando con la presencia de <strong>Margaret Karram<\/strong> y <strong>Jes\u00fas Mor\u00e1n<\/strong>, Presidente y Copresidente de los Focolares\u2013 se encontraban <strong>Monse\u00f1or Juan Fernando Usma G\u00f3mez<\/strong>, Jefe de la oficina de la secci\u00f3n occidental del Dicasterio para la promoci\u00f3n de la unidad de los cristianos, el <strong>Doctor Giuseppe Notarstefano<\/strong>, Presidente nacional de la Acci\u00f3n Cat\u00f3lica Italiana, la <strong>Doctora Rita Moussallem<\/strong>, responsable del Centro para el Di\u00e1logo interreligioso de los Focolares, y <strong>Giancarlo Crisanti<\/strong>, administrador general de los Focolares. En conexi\u00f3n online intervinieron <strong>Monse\u00f1or Athenagoras Fasiolo<\/strong>, Obispo de Terme y auxiliar de la Sagrada Arquidi\u00f3cesis Ortodoxa de Italia, y el <strong>Profesor Stefano Zamagni<\/strong>, economista y docente de Econom\u00eda Pol\u00edtica en la Universidad de Bolo\u00f1a.  La sesi\u00f3n, moderada por el periodista \u00a0Alessandro de Carolis, fue un verdadero intercambio de reflexiones y aclar\u00f3 que t\u00e9rminos tan aparentemente en las ant\u00edpodas el uno del otro, como \u201cbalance\u201d y \u201ccomuni\u00f3n\u201d, se pueden complementar mutuamente, dando cuenta no s\u00f3lo de los n\u00fameros, sino tambi\u00e9n de la vida.  <img alt=\"\" alt=\"\" loading=\"lazy\" decoding=\"async\" class=\"alignright wp-image-261273\" src=\"https:\/\/www.focolare.org\/wp-content\/uploads\/2024\/02\/SAM_3461-scaled-e1708612075222-242x340.jpg\" alt=\"\" width=\"120\" height=\"169\" \/>\u201cEl balance social ha sido para nosotros una gran ocasi\u00f3n \u2013declar\u00f3 el Doctor Notarstefano, Presidente nacional de la Acci\u00f3n Cat\u00f3lica, que es una de las primeras realidades eclesiales que redacta un balance de misi\u00f3n\u2013 y nos ha alentado a realizar esta impostergable conversi\u00f3n pastoral a la que el Papa nos llama.\u00a0 Ha sido una forma de empezar tambi\u00e9n a reflexionar sobre c\u00f3mo comunicar mejor esa vida asociativa, (\u2026) mirarnos con transparencia, rendir cuenta hacia afuera, comunicando todo mejor, para ponerlo en com\u00fan\u201d.  <img alt=\"\" alt=\"\" loading=\"lazy\" decoding=\"async\" class=\"alignleft wp-image-261287\" src=\"https:\/\/www.focolare.org\/wp-content\/uploads\/2024\/02\/Usma2-1-e1708616755310-260x340.jpg\" alt=\"\" width=\"120\" height=\"157\" \/>Seg\u00fan Monse\u00f1or Usma G\u00f3mez, a la luz del escenario actual que parece cada vez m\u00e1s fragmentado, hablando del camino de unidad entre las Iglesias, cuando redactamos un balance como cristianos \u201cello quiere decir \u00a0que debemos tener en cuenta los planes de Dios, nuestros planes y los planes del mundo. (\u2026) Los planes de Dios ser\u00edan los que apuntan a conservar la unidad del esp\u00edritu por medio del v\u00ednculo de la paz \u2013continu\u00f3\u2013 pero nosotros vemos que en el mundo el plan que se est\u00e1 afianzando, en cambio, es la guerra. Es posible desarrollar la comuni\u00f3n en las diferencias, \u00a0(\u2026) pero esa diversidad reconciliada nos llama a hacer de la paz el coraz\u00f3n del Ecumenismo y hacer del Ecumenismo el coraz\u00f3n de la paz\u201d.  <img alt=\"\" alt=\"\" loading=\"lazy\" decoding=\"async\" class=\"alignright wp-image-261276\" src=\"https:\/\/www.focolare.org\/wp-content\/uploads\/2024\/02\/SAM_3467-510x340.jpg\" alt=\"\" width=\"221\" height=\"147\" \/>Un est\u00edmulo, por lo tanto, a promover en red recorridos de fraternidad en estilo sinodal; y en lo espec\u00edfico, a la luz del tema escogido, hacerlo a trav\u00e9s de un \u201cm\u00e9todo\u201d que puede acercar sobre todo al que es m\u00e1s incr\u00e9dulo.\u00a0 \u201cHacer un balance de comuni\u00f3n de un Movimiento que es tan abierto, tan capaz de llevar a los dem\u00e1s a comprender que el di\u00e1logo no quita, sino que a\u00f1ade y enriquece, es muy importante\u201d, afirm\u00f3 Monse\u00f1or Athenagoras Fasiolo, obispo de Terme y auxiliar de la Sagrada Arquidi\u00f3cesis Ortodoxa de Italia. Este \u00faltimo, adem\u00e1s de remarcar el gran compromiso de los Focolares en el camino de unidad entre las varias Iglesias, reflexion\u00f3 sobre el rol prof\u00e9tico que en el mundo pueden tener los distintos credos, sin caer en la trampa de las ideolog\u00edas: \u201csi como creyentes logramos ser profec\u00eda, entonces podremos despertar lo mejor que tiene el coraz\u00f3n humano\u201d.  <img alt=\"\" alt=\"\" loading=\"lazy\" decoding=\"async\" class=\"alignleft wp-image-261275\" src=\"https:\/\/www.focolare.org\/wp-content\/uploads\/2024\/02\/SAM_3474-scaled-e1708612426840-256x340.jpg\" alt=\"\" width=\"120\" height=\"159\" \/>Son justamente \u201cvida y profec\u00eda\u201d los dos carriles por los cuales el Movimiento de los Focolares, en estos 80 a\u00f1os de historia, ha orientado el camino del di\u00e1logo interreligioso, como declar\u00f3 en la sala la Doctora Rita Mussallem. Es \u00a0un camino que ha permitido que la realidad fundada por Chiara Lubich entrase en contacto, en muchos pa\u00edses, con personas de las varias religiones. Ello ha creado, a trav\u00e9s de la valorizaci\u00f3n de la diversidad y de la reciprocidad, un terreno com\u00fan en donde relacionarse con la espiritualidad de la unidad, conocerse y \u201cofrecer \u2013afirm\u00f3 Rita Moussalem\u2013 la propia disponibilidad a aprender los unos de los otros, a compartir los dolores, los retos y las esperanzas, y tambi\u00e9n ha generado el compromiso com\u00fan de trabajar por la paz, por el bien y por la fraternidad\u201d.\u00a0 En un mundo desgarrado por las polarizaciones en donde las religiones muchas veces son instrumentalizadas (cuando se menciona el concepto de paz), \u201cel di\u00e1logo aut\u00e9ntico \u2013continu\u00f3\u2013 es un remedio de gran ayuda (\u2026) porque te hace descubrir y ver la humanidad del otro, y te desarma\u201d.  <img alt=\"\" alt=\"\" loading=\"lazy\" decoding=\"async\" class=\"alignright wp-image-261280\" src=\"https:\/\/www.focolare.org\/wp-content\/uploads\/2024\/02\/IMG_0388-1-scaled-e1708612648501-263x340.jpg\" alt=\"\" width=\"120\" height=\"155\" \/>Por lo tanto, la \u201cpersona\u201d es el coraz\u00f3n pulsante de un recorrido circular que ha hecho nacer, con el tiempo, las numerosas obras de las que este texto es un testimonio.\u00a0 \u201cCuando se habla \u201cbalance\u201d \u2013afirm\u00f3 Giancarlo Crisanti\u2013 uno espera ver muchos n\u00fameros, pero en el \u201cBalance de Comuni\u00f3n\u201d hay mucha m\u00e1s narrativa y en los n\u00fameros faltan los de las personas que permiten la realizaci\u00f3n de las obras\u201d. \u201cEl Balance \u2013dijo Crisanti\u2013 evidencia que esa comuni\u00f3n de los bienes est\u00e1 en condiciones de realizar iniciativas, proyectos y obras que van en la direcci\u00f3n del di\u00e1logo (\u2026), que ayudan al mundo a dialogar un poco m\u00e1s\u201d.  <img alt=\"\" alt=\"\" loading=\"lazy\" decoding=\"async\" class=\"alignleft wp-image-261278\" src=\"https:\/\/www.focolare.org\/wp-content\/uploads\/2024\/02\/Zamagni-e1708612825739-295x340.png\" alt=\"\" width=\"161\" height=\"186\" \/>Haciendo referencia a la intuici\u00f3n de la Econom\u00eda de Comuni\u00f3n, el Profesor Stefano Zamagni declar\u00f3 que ella es tambi\u00e9n un \u201cm\u00e9todo para anular las causas generadoras de las situaciones de guerra\u201d y, haciendo hincapi\u00e9 en la aplicaci\u00f3n del concepto de equidad al concepto de justicia, afirm\u00f3 que resulta evidente que la publicaci\u00f3n de este \u201cBalance de Comuni\u00f3n\u201d hoy no puede ser s\u00f3lo una forma de hacer una rendici\u00f3n de cuentas, sino que tambi\u00e9n hay que aprovechar esta ocasi\u00f3n para ser realmente \u201cap\u00f3stoles\u201d, mensajeros de una buena nueva.\u00a0 En este tiempo \u201cel mal atrae m\u00e1s que el bien, mientras que lo bello atrae m\u00e1s que lo feo y el saber atrae m\u00e1s que la ignorancia\u201d, acot\u00f3 Zamagni, invitando a cada uno a que \u201cdiga el bien\u201d, a \u201cbendecir\u201d justamente: \u201ctenemos que actuar de tal manera que hagamos conocer \u2013obviamente con humildad\u2013 la gratuidad con la cual se hace el bien. \u00a0(\u2026) Esta noci\u00f3n de \u2018Balance de Comuni\u00f3n\u2019 quiere decir que se narra lo que se ha hecho, pero apuntando al futuro\u201d. <\/p>\n<p style=\"text-align: right;\"><em>Maria Grazia Berretta<\/em><\/p>\n<p> <a href=\"https:\/\/www.focolare.org\/wp-content\/uploads\/2024\/02\/BdC-2022-DialogoES.pdf\" target=\"_blank\" rel=\"noopener\"><strong>Descargar el Balance de Comuni\u00f3n en pdf<\/strong><\/a>  <strong>Presentaci\u00f3n del Balance de Comuni\u00f3n \u00a02022- V\u00eddeo en italiano<\/strong>  https:\/\/www.youtube.com\/watch?v=3jizpECFoss  <span style=\"font-size: 12px;\"><a href=\"#_ftnref1\" name=\"_ftn1\">[1]<\/a> Chiara Lubich, \u2018Ap\u00f3stoles del di\u00e1logo\u2019, Castel Gandolfo (Italia), 22.1.2004 en la Conexi\u00f3n telef\u00f3nica mundial.<\/span><\/p>\n","protected":false},"excerpt":{"rendered":"<p>El 20 de febrero de 2024 se realiz\u00f3 la presentaci\u00f3n del \u201cBalance de Comuni\u00f3n\u201d del Movimiento de los Focolares, que consiste en una panor\u00e1mica de las actividades y las iniciativas promovidas en el mundo durante el a\u00f1o 2022. \u00a0Tema central: il di\u00e1logo.<\/p>\n","protected":false},"author":35,"featured_media":0,"comment_status":"open","ping_status":"open","sticky":false,"template":"","format":"standard","meta":{"give_campaign_id":0,"_seopress_robots_primary_cat":"","_seopress_titles_title":"","_seopress_titles_desc":"","_seopress_robots_index":"","_et_pb_use_builder":"","_et_pb_old_content":"","_et_gb_content_width":"","footnotes":""},"categories":[46],"tags":[],"class_list":["post-312234","post","type-post","status-publish","format-standard","hentry","category-sin-categorizar"],"_links":{"self":[{"href":"https:\/\/www.focolare.org\/es\/wp-json\/wp\/v2\/posts\/312234","targetHints":{"allow":["GET"]}}],"collection":[{"href":"https:\/\/www.focolare.org\/es\/wp-json\/wp\/v2\/posts"}],"about":[{"href":"https:\/\/www.focolare.org\/es\/wp-json\/wp\/v2\/types\/post"}],"author":[{"embeddable":true,"href":"https:\/\/www.focolare.org\/es\/wp-json\/wp\/v2\/users\/35"}],"replies":[{"embeddable":true,"href":"https:\/\/www.focolare.org\/es\/wp-json\/wp\/v2\/comments?post=312234"}],"version-history":[{"count":0,"href":"https:\/\/www.focolare.org\/es\/wp-json\/wp\/v2\/posts\/312234\/revisions"}],"wp:attachment":[{"href":"https:\/\/www.focolare.org\/es\/wp-json\/wp\/v2\/media?parent=312234"}],"wp:term":[{"taxonomy":"category","embeddable":true,"href":"https:\/\/www.focolare.org\/es\/wp-json\/wp\/v2\/categories?post=312234"},{"taxonomy":"post_tag","embeddable":true,"href":"https:\/\/www.focolare.org\/es\/wp-json\/wp\/v2\/tags?post=312234"}],"curies":[{"name":"wp","href":"https:\/\/api.w.org\/{rel}","templated":true}]}}