{"id":312256,"date":"2024-04-02T13:00:16","date_gmt":"2024-04-02T11:00:16","guid":{"rendered":"https:\/\/www.focolare.org\/sinodalidad-y-comunicacion\/"},"modified":"2024-05-15T20:54:23","modified_gmt":"2024-05-15T18:54:23","slug":"sinodalidad-y-comunicacion","status":"publish","type":"post","link":"https:\/\/www.focolare.org\/es\/sinodalidad-y-comunicacion\/","title":{"rendered":"Sinodalidad y comunicaci\u00f3n"},"content":{"rendered":"<p><em>Periodistas, docentes, expertos de la comunicaci\u00f3n: un laboratorio internacional en el camino sinodal<\/em>  <strong>\u201c\u00bfQu\u00e9 tipo de comunicaci\u00f3n para la sinodalidad?.<\/strong> Este fue el t\u00edtulo de un <strong>seminario web el 7 de marzo<\/strong> en directo en Youtube, nacido tras un largo debate entre expertos en comunicaci\u00f3n. El <b><strong>a\u00f1o pasado se inici\u00f3 un camino sinodal con reuniones mensuales<\/strong><\/b>. As\u00ed, por iniciativa de <b><strong>NetOne<\/strong><\/b>, la red internacional de comunicadores del Movimiento de los Focolares, surgi\u00f3 la idea del <b><strong>webinar<\/strong><\/b>.  El Papa Francisco, durante la primera sesi\u00f3n del S\u00ednodo del pasado octubre, les hab\u00eda pedido a los participantes el ayuno de la palabra.\u00a0 \u201cLa verdadera comunicaci\u00f3n tiene un ritmo que hay que respetar: un tiempo para callarse y un tiempo para hablar \u2013afirm\u00f3 <strong>Mons. Brendan Leahy<\/strong>, miembro de la Asamblea sinodal, quien estaba conectado desde Limerick, Dubl\u00edn\u2013. La sinodalidad comporta una ascensi\u00f3n, esa capacidad de mirar dentro de nosotros y ofrecer el \u201cvino destilado\u201d.\u00a0 Por lo tanto, hay que usar las palabras correctas y no palabras vac\u00edas que conducen a los chismes. Pienso que el Papa nos invita, sobre todas las cosas, a imitar a Mar\u00eda en su contemplaci\u00f3n\u201d.  \u201cUna Iglesia sinodal es esencialmente una Iglesia de la comuni\u00f3n, que se vuelve real cuando hay una comunicaci\u00f3n de los aportes de cada uno \u2013 sostiene <strong>Mons. Piero Coda<\/strong>, secretario de la Comisi\u00f3n Teol\u00f3gica Internacional, quien tuvo una intervenci\u00f3n en el evento\u2013. Hay que apuntar a la calidad de la comunicaci\u00f3n: no proponer respuestas arrogantes sino descubrir las verdaderas preguntas que viven en la sociedad para dar respuestas prof\u00e9ticas\u201d.  A las palabras de Mons. Coda se vinculan las palabras de <strong>Thierry Bonaventura,<\/strong> <em>communication manager<\/em> de la Secretar\u00eda General del S\u00ednodo: \u201cLa comunicaci\u00f3n est\u00e1 en la base de toda relaci\u00f3n humana.\u00a0 Dios es comunicaci\u00f3n, se auto-comunica, es di\u00e1logo entre las Personas de la Trinidad. Todas las cuestiones que surgieron durante la primera sesi\u00f3n del S\u00ednodo del pasado octubre tienen que ver \u00a0con el tema de lo relacional; la comunicaci\u00f3n ha permeado el S\u00ednodo, por m\u00e1s de que se haya privilegiado el hecho de hacer comunicaci\u00f3n m\u00e1s que pensar la comunicaci\u00f3n\u201d.  Desde la Argentina, segu\u00eda el evento <strong>Isabel Gatti<\/strong>, coordinadora internacional de NetOne: \u201cDesde la teor\u00eda de la comunicaci\u00f3n es posible ofrecer claves de lectura a fin de que los conceptos filos\u00f3ficos y teol\u00f3gicos de la sinodalidad puedan mejorar nuestras pr\u00e1cticas eclesiales en la dimensi\u00f3n individual y en una dimensi\u00f3n m\u00e1s social\u201d. \u201cNuestra Iglesia puede ser una familia si asumimos, como Jes\u00fas y Mar\u00eda, los dolores de la humanidad que sufre y que hoy tiene tantos rostros vinculados a la comunicaci\u00f3n: polarizaciones sociales, guerras, desigualdades sociales\u201d.  Un ejemplo de camino sinodal es la reforma de la comunicaci\u00f3n vaticana.\u00a0 \u201cEl Papa desea una Iglesia que est\u00e9 en salida, en la que haya sitio para todos \u2013 sostiene <strong>Mons. Lucio Adrian Ruiz<\/strong>, secretario del Dicasterio para la Comunicaci\u00f3n\u2013. Ello implica una comunicaci\u00f3n que por un lado abraza a todas las nuevas tecnolog\u00edas y por el otro no olvida a ninguna de las viejas, porque nadie debe quedar excluido. Luego est\u00e1 la experiencia del S\u00ednodo digital, un proceso misionero para ir a llevar la caricia, el anuncio de Jes\u00fas incluso a las personas que no viven en las instituciones de la Iglesia\u201d.  Adem\u00e1s, un espacio para la inteligencia artificial: \u00bfde qu\u00e9 manera nos interpela en nuestra profesi\u00f3n de comunicadores? \u00a0\u201cTres palabras dan la respuesta: conocimiento, creatividad y responsabilidad \u2013afirma desde Roma \u00a0<strong>Giovanni Tridente<\/strong>, director de la Comunicaci\u00f3n de la Pontificia Universidad de la Santa Cruz\u2013.\u00a0 Esta innovaci\u00f3n tecnol\u00f3gica hay que conocerla para entender c\u00f3mo usarla. Debe ser utilizada con creatividad para mejorar nuestras existencias y se requiere la responsabilidad para utilizarla tambi\u00e9n desde el punto de vista \u00e9tico, para hacer conocer y dejar libres a las personas de hacerse una propia opini\u00f3n\u201d.  Por \u00faltimo, el discurso de <strong>Liliane Mugombozi<\/strong>, periodista de la Rep\u00fablica Democr\u00e1tica del Congo: \u00a0\u201cCuando comunicamos estamos donando algo de nosotros, nuestra visi\u00f3n del mundo, los valores en los que creemos, nuestros miedos, las angustias, pero tambi\u00e9n las conquistas, las victorias, las dudas, las esperanzas y nuestras exigencias m\u00e1s profundas.\u00a0 Un acto de comunicaci\u00f3n puede ser un regalo que favorece encuentros de personas, que crea contextos de di\u00e1logo y confianza incluso en las situaciones m\u00e1s dif\u00edciles, y caminar juntos. \u00a0Un proverbio Amhara (Etiop\u00eda) dice que \u201ccuando las telara\u00f1as se unen pueden atrapar hasta un le\u00f3n\u201d.  Por \u00faltimo, espacio para el di\u00e1logo y las preguntas, las experiencias y las impresiones. Hubo un deseo de transmitir y experimentar una comunicaci\u00f3n m\u00e1s incisiva y sincera. Este seminario web es s\u00f3lo el principio de un camino de sinodalidad y comunicaci\u00f3n.  Para info: <a href=\"mailto:net4synodcom@gmail.com\">net4synodcom@gmail.com<\/a> <\/p>\n<p style=\"text-align: right;\"><em>Lorenzo Russo<\/em><\/p>\n<p> &nbsp;  &nbsp;  <iframe loading=\"lazy\" title=\"YouTube video player\" src=\"https:\/\/www.youtube.com\/embed\/bat8-y0R9V0?si=oM1zZ__N2MJ5S7QQ\" width=\"560\" height=\"315\" frameborder=\"0\" allowfullscreen=\"allowfullscreen\"><\/iframe><\/p>\n","protected":false},"excerpt":{"rendered":"<p>Periodistas, docentes, expertos de la comunicaci\u00f3n: un laboratorio internacional en el camino sinodal<\/p>\n","protected":false},"author":33,"featured_media":0,"comment_status":"open","ping_status":"open","sticky":false,"template":"","format":"standard","meta":{"give_campaign_id":0,"_seopress_robots_primary_cat":"","_seopress_titles_title":"","_seopress_titles_desc":"","_seopress_robots_index":"","_et_pb_use_builder":"","_et_pb_old_content":"","_et_gb_content_width":"","footnotes":""},"categories":[142,46],"tags":[4094,913],"class_list":["post-312256","post","type-post","status-publish","format-standard","hentry","category-cultura","category-sin-categorizar","tag-di1","tag-ppg"],"_links":{"self":[{"href":"https:\/\/www.focolare.org\/es\/wp-json\/wp\/v2\/posts\/312256","targetHints":{"allow":["GET"]}}],"collection":[{"href":"https:\/\/www.focolare.org\/es\/wp-json\/wp\/v2\/posts"}],"about":[{"href":"https:\/\/www.focolare.org\/es\/wp-json\/wp\/v2\/types\/post"}],"author":[{"embeddable":true,"href":"https:\/\/www.focolare.org\/es\/wp-json\/wp\/v2\/users\/33"}],"replies":[{"embeddable":true,"href":"https:\/\/www.focolare.org\/es\/wp-json\/wp\/v2\/comments?post=312256"}],"version-history":[{"count":0,"href":"https:\/\/www.focolare.org\/es\/wp-json\/wp\/v2\/posts\/312256\/revisions"}],"wp:attachment":[{"href":"https:\/\/www.focolare.org\/es\/wp-json\/wp\/v2\/media?parent=312256"}],"wp:term":[{"taxonomy":"category","embeddable":true,"href":"https:\/\/www.focolare.org\/es\/wp-json\/wp\/v2\/categories?post=312256"},{"taxonomy":"post_tag","embeddable":true,"href":"https:\/\/www.focolare.org\/es\/wp-json\/wp\/v2\/tags?post=312256"}],"curies":[{"name":"wp","href":"https:\/\/api.w.org\/{rel}","templated":true}]}}