{"id":323290,"date":"2014-06-08T03:00:53","date_gmt":"2014-06-08T01:00:53","guid":{"rendered":"https:\/\/www.focolare.org\/el-amor-vence-la-pobreza\/"},"modified":"2024-05-16T14:47:18","modified_gmt":"2024-05-16T12:47:18","slug":"el-amor-vence-la-pobreza","status":"publish","type":"post","link":"https:\/\/www.focolare.org\/es\/el-amor-vence-la-pobreza\/","title":{"rendered":"El amor vence la pobreza"},"content":{"rendered":"<p><a href=\"https:\/\/www.focolare.org\/wp-content\/uploads\/2014\/06\/MarcoTecilla.jpg\"><img loading=\"lazy\" decoding=\"async\" class=\"alignleft  wp-image-106847\" style=\"margin-right: 10px\" alt=\"MarcoTecilla\" src=\"https:\/\/www.focolare.org\/wp-content\/uploads\/2014\/06\/0806-63.jpg\" width=\"300\" height=\"203\" \/><\/a><strong><i>\u00ab<\/i>En el coraz\u00f3n de <a href=\"https:\/\/www.focolare.org\/es\/chiara-lubich\/chi-e-chiara\/\">Chiara Lubich<\/a> hab\u00eda un sue\u00f1o\u00bb. El que habla es Marco Tecilla, quien pas\u00f3 a la historia como el \u201cprimer\u201d focolarino.<\/strong> Tiene delante una platea de un centenar de personas procedentes de 50 pa\u00edses, en representaci\u00f3n de las comunidades locales de los Focolares esparcidas en el mundo. . En la ocasi\u00f3n, \u00a0para tener una luz para nuestros d\u00edas, resulta natural to<strong>mar como referencia la vida de la ciudad de Trento donde el <a href=\"https:\/\/www.focolare.org\/es\/chiara-lubich\/spiritualita-dellunita\/\">carisma de la unidad <\/a>dio sus primeros pasos.<\/strong> \u00a0\u00abMirando desde su ventana desde donde se ve\u00eda toda la ciudad de Trento,<strong> Chiara pensaba en c\u00f3mo resolver el problema social de la ciudad<\/strong>, pero todav\u00eda no ten\u00edamos las fuerzas suficientes. Fue as\u00ed que en diciembre de 1947 nos convoc\u00f3 a todos en la sala Cardenal Massaia para comunicarnos algo. Hab\u00eda notado que en el seno de nuestra comunidad exist\u00edan personas obligadas a vivir en gran estrechez econ\u00f3mica.<strong> Y esto para ella era algo inconcebible. En las primeras comunidades cristianas<\/strong> surgidas en Jerusal\u00e9n en los primeros tiempos de la Iglesia, -como nos dicen los Hechos de los Ap\u00f3stoles- <strong>\u201ctodo se pon\u00eda en com\u00fan y no exist\u00edan entre ellos indigentes\u201d<\/strong> porque el Evangelio era vivido al pie de la letra. Precisamente por ello Chiara decidi\u00f3 hablarnos de la <a href=\"https:\/\/www.focolare.org\/es\/chiara-lubich\/vivere-il-carisma\/economia-e-lavoro\/\">comuni\u00f3n de bienes<\/a> y lanzar este desaf\u00edo a todos nosotros que form\u00e1bamos la primera comunidad trentina. Una comunidad igual y distinta de aqu\u00e9lla de los primeros cristianos\u00bb  Entonces, \u00bfcada uno ten\u00eda que vender sus propios bienes? \u00abNo. A\u00fan teniendo la misma intenci\u00f3n que la primera comunidad cristiana, no se ped\u00eda que cada uno vendiera lo que ten\u00eda y lo llevase a la comunidad, sino <strong>que cada uno donara el \u201ctodo\u201d<\/strong> que sent\u00eda que deb\u00eda dar a los dem\u00e1s y <strong>de lo cual pod\u00eda privarse sin causar da\u00f1o a s\u00ed mismo o a la familia\u00bb<\/strong>  <img loading=\"lazy\" decoding=\"async\" class=\" wp-image-48193 alignright\" style=\"margin-left: 10px\" alt=\"20111030-02\" src=\"https:\/\/www.focolare.org\/wp-content\/uploads\/2011\/10\/20111030-02.jpg\" width=\"204\" height=\"232\" \/>\u00bfC\u00f3mo funcionaba esta forma de caridad \u201corganizada\u201d?<b> <\/b>\u00abCada uno llevaba lo que ten\u00eda de m\u00e1s, sobre todo dinero, y se compromet\u00eda a donar una cifra fija por \u00e9l establecida, mes a mes. El donador y la cifra prometida se manten\u00edan en secreto. Con el dinero recibido, una focolarina encargada por la misma Chiara, <strong>ayudaba mensual y secretamente a familias de la comunidad que viv\u00edan en la indigencia<\/strong>, realizando esta delicada funci\u00f3n con toda la caridad y discreci\u00f3n. <strong>El objetivo era llegar a \u00a0hacer que entre nosotros no existiese ninguna persona pobre<\/strong>, sino que todos tuvi\u00e9semos lo necesario para vivir. El resultado de la suma obtenida y del compromiso mensual fue inesperado y se logr\u00f3, ya en el primer mes, mejorar la vida de unas treinta familias\u00bb  <b>\u00bfQu\u00e9 pensaba Chiara al respecto? <\/b>Mirando nuestro mundo, ella dec\u00eda: \u201cParece algo imposible de realizar en el d\u00eda de hoy, en una sociedad tan \u00e1vida y ego\u00edsta&#8230; sin embargo es as\u00ed. Frente a estos hechos conmovidos y agradecidos \u00a0gritamos:<strong> \u00a1La Caridad es Dios! Y Dios es Omnipotente.<\/strong> En el esp\u00edritu de caridad y de unidad (que no es una simple limosna, sino el don total de s\u00ed mismo a la <a href=\"https:\/\/www.focolare.org\/es\/chiara-lubich\/spiritualita-dellunita\/volonta-di-dio\/\">voluntad de Dios<\/a>) todos encontrar\u00edamos algo para dar. Pero es necesario, antes de pedir, formar los corazones, porque \u2013 a diferencia de los primeros cristianos- aletea entre todos demasiado esp\u00edritu mundano y reina la desunidad y la indiferencia. <strong>S\u00f3lo una s\u00f3lida y profunda formaci\u00f3n evang\u00e9lica puede mantener viva una sociedad ideal de caridad fraterna.<\/strong> Esto seguramente <span style=\"text-decoration: underline\">se<\/span>podr\u00e1 realizar entre nosotros, si estamos unidos, \u00a0y Cristo est\u00e1 en medio nuestro, porque lo que \u00c9l edifica, permanece\u201d. En efecto, lo que se resaltaba mucho en los primeros tiempos del Movimiento de los Focolares era <strong>la importancia de vivir el Evangelio\u00bb<\/strong>  <b>Esta experiencia de la comuni\u00f3n de los bienes no se detuvo en la primera comunidad de Trento, <\/b>sino que continu\u00f3 en el transcurso de los a\u00f1os, ya sea en la elecci\u00f3n de la vocaci\u00f3n de los miembros de los Focolares, como en acciones concretas (como las \u201c<a href=\"https:\/\/www.focolare.org\/es\/news\/2014\/02\/11\/loppiano-primo-week-end-del-dare\/\">redes de comuni\u00f3n<\/a>\u201d) en las cuales se hacen circular los bienes, con una fuerte dosis de solidaridad y justicia social, en una forma que recuerda los antiguos intercambios o trueques.<\/p>\n","protected":false},"excerpt":{"rendered":"<p>Marco Tecilla, trentino y focolarino de los primeros tiempos, relata los primeros pasos de la comunidad de Trento. Reunidas en torno al reencontrado esp\u00edritu evang\u00e9lico, las personas estaban dispuestas incluso a poner sus propios bienes en com\u00fan, para aliviar los sufrimientos de  la posguerra.<\/p>\n","protected":false},"author":34,"featured_media":0,"comment_status":"open","ping_status":"open","sticky":false,"template":"","format":"standard","meta":{"give_campaign_id":0,"_seopress_robots_primary_cat":"","_seopress_titles_title":"","_seopress_titles_desc":"","_seopress_robots_index":"","_et_pb_use_builder":"","_et_pb_old_content":"","_et_gb_content_width":"","footnotes":""},"categories":[904],"tags":[],"class_list":["post-323290","post","type-post","status-publish","format-standard","hentry","category-focolare-worldwide-2-2"],"_links":{"self":[{"href":"https:\/\/www.focolare.org\/es\/wp-json\/wp\/v2\/posts\/323290","targetHints":{"allow":["GET"]}}],"collection":[{"href":"https:\/\/www.focolare.org\/es\/wp-json\/wp\/v2\/posts"}],"about":[{"href":"https:\/\/www.focolare.org\/es\/wp-json\/wp\/v2\/types\/post"}],"author":[{"embeddable":true,"href":"https:\/\/www.focolare.org\/es\/wp-json\/wp\/v2\/users\/34"}],"replies":[{"embeddable":true,"href":"https:\/\/www.focolare.org\/es\/wp-json\/wp\/v2\/comments?post=323290"}],"version-history":[{"count":0,"href":"https:\/\/www.focolare.org\/es\/wp-json\/wp\/v2\/posts\/323290\/revisions"}],"wp:attachment":[{"href":"https:\/\/www.focolare.org\/es\/wp-json\/wp\/v2\/media?parent=323290"}],"wp:term":[{"taxonomy":"category","embeddable":true,"href":"https:\/\/www.focolare.org\/es\/wp-json\/wp\/v2\/categories?post=323290"},{"taxonomy":"post_tag","embeddable":true,"href":"https:\/\/www.focolare.org\/es\/wp-json\/wp\/v2\/tags?post=323290"}],"curies":[{"name":"wp","href":"https:\/\/api.w.org\/{rel}","templated":true}]}}