{"id":323300,"date":"2014-06-13T03:00:00","date_gmt":"2014-06-13T01:00:00","guid":{"rendered":"https:\/\/www.focolare.org\/mundiales-2014-la-alegria-de-un-deporte-autentico\/"},"modified":"2024-05-16T14:47:19","modified_gmt":"2024-05-16T12:47:19","slug":"mundiales-2014-la-alegria-de-un-deporte-autentico","status":"publish","type":"post","link":"https:\/\/www.focolare.org\/es\/mundiales-2014-la-alegria-de-un-deporte-autentico\/","title":{"rendered":"Mundiales 2014: la alegr\u00eda de un deporte aut\u00e9ntico"},"content":{"rendered":"<p>\u00abEs verdad que al final de este mundial, s\u00f3lo un equipo se llevar\u00e1 la Copa ganadora, pero es necesario que aprendemos las lecciones que el deporte nos ense\u00f1a: todos seremos vencedores si reforzamos los v\u00ednculos que nos unen\u00bb, afirm\u00f3 el Papa Francisco en su <a href=\"http:\/\/press.vatican.va\/content\/salastampa\/it\/bollettino\/pubblico\/2014\/06\/12\/0431\/00983.html\">video-mensaje<\/a> con ocasi\u00f3n del mundial 2014.  Una cultura de la derrota para una nueva cultura de la victoria, era el provocador t\u00edtulo de la reflexi\u00f3n de <a href=\"http:\/\/www.sportmeet.org\/es\/chi-siamo\/\">Sportmeet<\/a>, la red mundial de los deportistas y trabajadores del \u00e1mbito del deporte, a quienes <a href=\"https:\/\/www.focolare.org\/es\/chiara-lubich\/chi-e-chiara\/\">Chiara Lubich<\/a> dirigi\u00f3 estas palabras:  <img loading=\"lazy\" decoding=\"async\" class=\"wp-image-107063 alignleft\" style=\"margin-right: 10px\" alt=\"ChiaraLubich_Sport\" src=\"https:\/\/www.focolare.org\/wp-content\/uploads\/2014\/06\/ChiaraLubich_Sport.jpg\" width=\"288\" height=\"289\" \/>\u00abCon el cristianismo, <strong>quien pierde conoce el valor del sufrimiento y de la derrota<\/strong>, porque el Hijo de Dios los ha valorizado. Gracias a \u00c9l podemos experimentar la alegr\u00eda m\u00e1s profunda que nace del haber dado: dado s\u00ed mismo en los entrenamientos, o en las relaciones rec\u00edprocas para construir el equipo, dado todo de s\u00ed mismo en el momento de la competencia o de la presentaci\u00f3n al p\u00fablico.  <strong>Porque la alegr\u00eda interior nace solamente de la <\/strong><strong>donaci\u00f3n,<\/strong> del amor; una alegr\u00eda m\u00e1s l\u00edmpida, m\u00e1s pura, para quien gana (si luch\u00f3 y gan\u00f3 por amor) y para quien pierde (si tambi\u00e9n luch\u00f3 y perdi\u00f3 por amor).  <strong>Entonces el deporte ser\u00e1 aut\u00e9ntico<\/strong> y ser\u00e1 elevado a su dignidad social. Podr\u00e1 contribuir a distender a los hombres en esta civilizaci\u00f3n demasiado extenuante, a ser un elemento de afinidad, de fraternidad y de paz entre pueblos y naciones.  En la antigua Grecia, durante las Olimp\u00edadas se suspend\u00edan las guerras. \u00a1Que hoy no seamos menos que entonces!\u00bb.  <i><a href=\"https:\/\/www.focolare.org\/es\/chiara-lubich\/\">Chiara Lubich,<\/a> 10 de septiembre de 2005, mensaje al tercer congreso internacional de <a href=\"http:\/\/www.sportmeet.org\/\">Sportmeet<\/a><\/i>  <b>\u00a0<\/b><\/p>\n","protected":false},"excerpt":{"rendered":"<p>Mientras los ojos de muchos est\u00e1n dirigidos a los mundiales de futbol en Brasil, y se encienden las pol\u00e9micas sobre los costes de la manifestaci\u00f3n, volvemos a proponer las palabras de Chiara Lubich a un grupo de deportistas que estaban reunidos para celebrar el deporte y la alegr\u00eda. Un mensaje actual como nunca en este momento.<\/p>\n","protected":false},"author":34,"featured_media":0,"comment_status":"open","ping_status":"open","sticky":false,"template":"","format":"standard","meta":{"give_campaign_id":0,"_seopress_robots_primary_cat":"","_seopress_titles_title":"","_seopress_titles_desc":"","_seopress_robots_index":"","_et_pb_use_builder":"","_et_pb_old_content":"","_et_gb_content_width":"","footnotes":""},"categories":[46],"tags":[],"class_list":["post-323300","post","type-post","status-publish","format-standard","hentry","category-sin-categorizar"],"_links":{"self":[{"href":"https:\/\/www.focolare.org\/es\/wp-json\/wp\/v2\/posts\/323300","targetHints":{"allow":["GET"]}}],"collection":[{"href":"https:\/\/www.focolare.org\/es\/wp-json\/wp\/v2\/posts"}],"about":[{"href":"https:\/\/www.focolare.org\/es\/wp-json\/wp\/v2\/types\/post"}],"author":[{"embeddable":true,"href":"https:\/\/www.focolare.org\/es\/wp-json\/wp\/v2\/users\/34"}],"replies":[{"embeddable":true,"href":"https:\/\/www.focolare.org\/es\/wp-json\/wp\/v2\/comments?post=323300"}],"version-history":[{"count":0,"href":"https:\/\/www.focolare.org\/es\/wp-json\/wp\/v2\/posts\/323300\/revisions"}],"wp:attachment":[{"href":"https:\/\/www.focolare.org\/es\/wp-json\/wp\/v2\/media?parent=323300"}],"wp:term":[{"taxonomy":"category","embeddable":true,"href":"https:\/\/www.focolare.org\/es\/wp-json\/wp\/v2\/categories?post=323300"},{"taxonomy":"post_tag","embeddable":true,"href":"https:\/\/www.focolare.org\/es\/wp-json\/wp\/v2\/tags?post=323300"}],"curies":[{"name":"wp","href":"https:\/\/api.w.org\/{rel}","templated":true}]}}