{"id":323342,"date":"2014-07-04T03:00:29","date_gmt":"2014-07-04T01:00:29","guid":{"rendered":"https:\/\/www.focolare.org\/vivir-el-evangelio-como-los-primeros-cristianos\/"},"modified":"2024-05-16T14:47:27","modified_gmt":"2024-05-16T12:47:27","slug":"vivir-el-evangelio-como-los-primeros-cristianos","status":"publish","type":"post","link":"https:\/\/www.focolare.org\/es\/vivir-el-evangelio-como-los-primeros-cristianos\/","title":{"rendered":"Vivir el Evangelio como los primeros cristianos"},"content":{"rendered":"<p><img loading=\"lazy\" decoding=\"async\" class=\" wp-image-107803 alignright\" style=\"margin-left: 10px\" alt=\"20140630-01\" src=\"https:\/\/www.focolare.org\/wp-content\/uploads\/2014\/06\/20140630-01.jpg\" width=\"239\" height=\"349\" \/><strong>\u00abConoc\u00ed a <a href=\"https:\/\/www.focolare.org\/es\/chiara-lubich\/chi-e-chiara\/\">Chiara Lubich<\/a> poco despu\u00e9s de que termin\u00f3 la guerra.<\/strong> Fui a Trento donde estaban esas chicas de quienes se dec\u00eda que \u201cviv\u00edan el Evangelio como los primeros cristianos\u201d. Las palabras de Chiara me hicieron entrar en crisis. Proven\u00eda de una familia cristiana y estaba en la Acci\u00f3n Cat\u00f3lica, pero me di cuenta de que mi religiosidad ten\u00eda poco de cristiana, porque pr\u00e1cticamente no viv\u00eda el Evangelio.  <strong>Con nuestro grupo a menudo \u00edbamos a Trento y tambi\u00e9n Chiara ven\u00eda a Rovereto,<\/strong> nuestro pueblo, a visitarnos. Nos hablaba del Evangelio y hac\u00eda que nos enamor\u00e1ramos de Jes\u00fas. Enseguida, en Rovereto se form\u00f3 \u00a0una comunidad de la que formaban parte el director de la compa\u00f1\u00eda telef\u00f3nica, la profesora de matem\u00e1ticas, el zapatero, el relojero, un pap\u00e1, una mam\u00e1, chicos y chicas. Eramos muchos \u00a0y realmente nos quer\u00edamos. Cada tanto nos encontr\u00e1bamos como comunidad y trat\u00e1bamos de asumir siempre un nuevo compromiso de vivir el Evangelio, cambiando nuestras vidas y ocup\u00e1ndonos de los necesitados que nos rodeaban.  <div id=\"attachment_107807\" style=\"width: 118px\" class=\"wp-caption alignleft\"><img loading=\"lazy\" decoding=\"async\" aria-describedby=\"caption-attachment-107807\" class=\"size-full wp-image-107807 \" style=\"margin-right: 10px\" alt=\"ViolettoSartori\" src=\"https:\/\/www.focolare.org\/wp-content\/uploads\/2014\/06\/ViolettoSartori.jpg\" width=\"108\" height=\"130\" \/><p id=\"caption-attachment-107807\" class=\"wp-caption-text\">Violetta Sartori<\/p><\/div>  <strong>Un d\u00eda, una amiga nos hizo conocer a un joven que hab\u00eda sido herido durante la guerra:<\/strong> una bomba le hab\u00eda explotado en la cara y se hab\u00eda quedado ciego. Cada vez que participaba en nuestros encuentros nos dec\u00eda: \u201c\u00a1Qu\u00e9 ba\u00f1o de luz!\u201d.\u00a0 <strong>Trat\u00e1bamos de comunicar nuestro descubrimiento, \u201cDios nos ama inmensamente\u201d,<\/strong> a cada persona que encontr\u00e1bamos. Muchos sintieron el llamado a seguir a Dios.  \u00a0  El Ideal de la unidad se expandi\u00f3 y la comunidad era visible. Hab\u00eda quien nos acog\u00eda y quien nos criticaba, y dec\u00eda que \u00e9ramos exagerados. Recuerdo que una vez, Chiara vino a hablar en un teatro y hab\u00eda muchas personas. Algunas personas la aceptaron y otras la criticaron. Igino Giordani, escribi\u00f3 en un peri\u00f3dico de Trento un art\u00edculo con el t\u00edtulo \u201cLos bomberos\u201d. \u00c9l dec\u00eda que los bomberos son los que apagan el fuego, que basta que vean el fuego un poco encendido, en el coraz\u00f3n de las personas, y est\u00e1n listos con las mangueras de agua para apagarlo. Ellos son como un ej\u00e9rcito de personas que marcan el paso, es decir, se mueven, pero no avanzan. Pero Chiara explicaba que nosotros no podemos conocer el designio de Dios sobre cada criatura. No podemos juzgar por la apariencia, sino amar, amar, amar siempre. Estar siempre disponibles.  <strong>Recuerdo otra oportunidad en la que Chiara dijo que a menudo sentimos que somos \u00a0nada, unas pobres personas.<\/strong> Pero Jes\u00fas dio la vida, muri\u00f3 por cada uno de nosotros: Es como si alguien viniera y nos trajera un regalo precioso \u2013dec\u00eda- y nosotros lo dej\u00e1ramos de lado llen\u00e1ndose de polvo, sin tenerlo en cuenta \u00a0y seguimos sinti\u00e9ndonos pobres\u201d. En fin, nos animaba a apuntar a la misericordia y al amor de Dios por cada uno de nosotros.  Y as\u00ed, poco a poco, Chiara llenaba nuestros corazones del amor por Jes\u00fas y nosotros lo comunic\u00e1bamos a muchos otros\u00bb.  <em>(Testimonio contado durante el encuentro de los representantes de las comunidades locales de los Focolares en el mundo \u2013 Castelgandolfo, 29 de mayo de 2014)<\/em>  \u00a0  \u00a0<\/p>\n","protected":false},"excerpt":{"rendered":"<p>El testimonio de Violeta Sartori, una de las protagonistas en el comienzo de las primeras comunidades de los Focolares alrededor de Trento, donde naci\u00f3 el Movimiento.<\/p>\n","protected":false},"author":34,"featured_media":0,"comment_status":"open","ping_status":"open","sticky":false,"template":"","format":"standard","meta":{"give_campaign_id":0,"_seopress_robots_primary_cat":"","_seopress_titles_title":"","_seopress_titles_desc":"","_seopress_robots_index":"","_et_pb_use_builder":"","_et_pb_old_content":"","_et_gb_content_width":"","footnotes":""},"categories":[904],"tags":[],"class_list":["post-323342","post","type-post","status-publish","format-standard","hentry","category-focolare-worldwide-2-2"],"_links":{"self":[{"href":"https:\/\/www.focolare.org\/es\/wp-json\/wp\/v2\/posts\/323342","targetHints":{"allow":["GET"]}}],"collection":[{"href":"https:\/\/www.focolare.org\/es\/wp-json\/wp\/v2\/posts"}],"about":[{"href":"https:\/\/www.focolare.org\/es\/wp-json\/wp\/v2\/types\/post"}],"author":[{"embeddable":true,"href":"https:\/\/www.focolare.org\/es\/wp-json\/wp\/v2\/users\/34"}],"replies":[{"embeddable":true,"href":"https:\/\/www.focolare.org\/es\/wp-json\/wp\/v2\/comments?post=323342"}],"version-history":[{"count":0,"href":"https:\/\/www.focolare.org\/es\/wp-json\/wp\/v2\/posts\/323342\/revisions"}],"wp:attachment":[{"href":"https:\/\/www.focolare.org\/es\/wp-json\/wp\/v2\/media?parent=323342"}],"wp:term":[{"taxonomy":"category","embeddable":true,"href":"https:\/\/www.focolare.org\/es\/wp-json\/wp\/v2\/categories?post=323342"},{"taxonomy":"post_tag","embeddable":true,"href":"https:\/\/www.focolare.org\/es\/wp-json\/wp\/v2\/tags?post=323342"}],"curies":[{"name":"wp","href":"https:\/\/api.w.org\/{rel}","templated":true}]}}