{"id":323380,"date":"2014-07-23T03:00:28","date_gmt":"2014-07-23T01:00:28","guid":{"rendered":"https:\/\/www.focolare.org\/los-chicos-de-los-focolares-en-los-lugares-de-desembarque-de-sicilia\/"},"modified":"2024-05-16T14:47:33","modified_gmt":"2024-05-16T12:47:33","slug":"los-chicos-de-los-focolares-en-los-lugares-de-desembarque-de-sicilia","status":"publish","type":"post","link":"https:\/\/www.focolare.org\/es\/los-chicos-de-los-focolares-en-los-lugares-de-desembarque-de-sicilia\/","title":{"rendered":"Los chicos de los Focolares en los lugares de desembarque de Sicilia"},"content":{"rendered":"<p><img loading=\"lazy\" decoding=\"async\" class=\"alignleft size-large wp-image-108548\" style=\"margin-right: 10px\" alt=\"2014_07_rpu_sicillia_sbarchi\" src=\"https:\/\/www.focolare.org\/wp-content\/uploads\/2014\/07\/2014_07_rpu_sicillia_sbarchi-210x139.jpg\" width=\"210\" height=\"139\" \/>Los <a href=\"https:\/\/www.focolare.org\/es\/movimento-dei-focolari\/un-popolo\/rpu\/\">Chicos por la Unidad<\/a> de Italia del sur realizaron, del 1\u00b0 al 6 de julio de 2014, su encuentro anual con el t\u00edtulo \u201cBig Bang\u201d, en las extremas periferias de Sicilia. Esta es la quinta cita y tambi\u00e9n este a\u00f1o ha sido rico de contenidos, lleno de emociones, abundante de compromisos.  <strong>La preparaci\u00f3n estuvo a cargo de los mismos chicos<\/strong> quienes no s\u00f3lo decidieron los contenidos, sino tambi\u00e9n la l\u00ednea y las din\u00e1micas a implementar. Se recorre la historia de estos cinco a\u00f1os y al mismo tiempo se mira al hoy. Fueron los j\u00f3venes redactores del peri\u00f3dico de los Chicos por la Unidad de Calabria y Sicilia, \u201cGRAFOTEENS\u201d, quienes presentaron tem\u00e1ticas \u00e1lgidas de la adolescencia, entre ellas la relaci\u00f3n problem\u00e1tica con el propio cuerpo, que ha hecho que se incrementen los casos de anorexia y bulimia. Los chicos quisieron cambiar el enfoque del problema. Lo trabajaron a trav\u00e9s de art\u00edculos de peri\u00f3dico y despu\u00e9s, escenificaron un \u201cpsicodrama\u201d con un final abierto que ten\u00edan que elaborar los distintos grupos de trabajo.  <strong>Otro tema \u00e1lgido fue el de la relaci\u00f3n entre los chicos y sus padres,<\/strong> propuesto por el psiquiatra y ensayista <strong>Ezio Aceti <\/strong>quien se refiri\u00f3 a la comunicaci\u00f3n y a sentimientos fuertes que hoy desmejoran la amistad, el amor y dificultan la educaci\u00f3n.  <strong>La noticia de la tragedia de los 45 inmigrantes que murieron en la bodega de una embarcaci\u00f3n<\/strong> irrumpi\u00f3 en el programa del taller con todo su drama. El barco pesquero con los cad\u00e1veres arrib\u00f3 al puerto de Pozzallo, a pocos kil\u00f3metros del lugar donde se realizaba el taller. Los Chicos por la Unidad decidieron suspender su fiesta final para participar en una vigilia de oraci\u00f3n para recordar a los difuntos y alentar a los sobrevivientes. A partir de esa decisi\u00f3n empez\u00f3 un camino de profundizaci\u00f3n que los llev\u00f3 a entrar en la llaga de la tragedia de la inmigraci\u00f3n, a trav\u00e9s de un di\u00e1logo con los funcionarios locales de C\u00e1ritas sobre el itinerario que realizan los inmigrantes y cu\u00e1les son las causas m\u00e1s profundas que obligan a miles de personas a huir de sus pa\u00edses en guerra, en busca de paz y trabajo.  De la <a href=\"http:\/\/www.diocesinoto.it\/diocesi_di_noto\/00004891_Home_Page.html\">Di\u00f3cesis<\/a> del lugar solicitaron a los Chicos por la Unidad que dieran su aporte al programa de la Vigilia. Los chicos decidieron aportar \u201csus ra\u00edces y sus alas\u201d, refiri\u00e9ndose a su camino dentro del Movimiento de los Focolares. Decidieron leer parte de un texto de <a href=\"https:\/\/www.focolare.org\/es\/chiara-lubich\/chi-e-chiara\/igino-giordani\/\">Igino Giordani\u00a0<\/a> de 1926: <strong>\u201cVen hermano exiliado, abrac\u00e9monos\u201d;<\/strong> el mismo explica el compromiso con los dem\u00e1s y con los \u00faltimos. Las alas en cambio las representaba una carta a los 45 inmigrantes muertos, escrita por Enrica, una chica de 14 a\u00f1os, quien ped\u00eda perd\u00f3n por la insensibilidad de un mundo que se demuestra indiferente.  Al final de la Vigilia, quienes recibieron a los Chicos por la Unidad y les agradecieron por lo que hab\u00edan le\u00eddo, adem\u00e1s del vicario del obispo, fueron los mismos inmigrantes que hab\u00edan escapado de la muerte algunos d\u00edas antes, junto con un grupo de menores. Enseguida naci\u00f3 un di\u00e1logo, en una especie de ingl\u00e9s balbuceado y un italiano precario, en el que los chicos de los <b>Focolares <\/b>concordaron con los inmigrantes algunas citas para ayudarlos a insertarse en el territorio. El verdadero \u201cBig Bang\u201d termin\u00f3 as\u00ed, o mejor dicho empez\u00f3 con este arribo y con un reconocimiento: el \u201cPremio <b><a href=\"http:\/\/www.chiaraluce.org\/\">Chiara Luce Badano<\/a>\u201d, <\/b>entregado a las comunidades sicilianas de Ispica y Rosolini por la acogida ofrecida a los inmigrantes, especialmente a los j\u00f3venes en busca de un futuro.  <em><b>Fuente:<\/b><\/em><em> <a href=\"http:\/\/www.cittanuova.it\/index.php?idsito=1\"><i>Citt\u00e0 Nuova<\/i><\/a> online<\/em><i><\/i><\/p>\n","protected":false},"excerpt":{"rendered":"<p>En un campamento de trabajo en la periferia siciliana se analizan las problem\u00e1ticas propias de la adolescencia pero tambi\u00e9n se comprometen en el territorio. Junto a los inmigrantes se planifica un proyecto de inserci\u00f3n despu\u00e9s de la traves\u00eda del Mediterr\u00e1neo.<\/p>\n","protected":false},"author":34,"featured_media":0,"comment_status":"open","ping_status":"open","sticky":false,"template":"","format":"standard","meta":{"give_campaign_id":0,"_seopress_robots_primary_cat":"","_seopress_titles_title":"","_seopress_titles_desc":"","_seopress_robots_index":"","_et_pb_use_builder":"","_et_pb_old_content":"","_et_gb_content_width":"","footnotes":""},"categories":[904],"tags":[],"class_list":["post-323380","post","type-post","status-publish","format-standard","hentry","category-focolare-worldwide-2-2"],"_links":{"self":[{"href":"https:\/\/www.focolare.org\/es\/wp-json\/wp\/v2\/posts\/323380","targetHints":{"allow":["GET"]}}],"collection":[{"href":"https:\/\/www.focolare.org\/es\/wp-json\/wp\/v2\/posts"}],"about":[{"href":"https:\/\/www.focolare.org\/es\/wp-json\/wp\/v2\/types\/post"}],"author":[{"embeddable":true,"href":"https:\/\/www.focolare.org\/es\/wp-json\/wp\/v2\/users\/34"}],"replies":[{"embeddable":true,"href":"https:\/\/www.focolare.org\/es\/wp-json\/wp\/v2\/comments?post=323380"}],"version-history":[{"count":0,"href":"https:\/\/www.focolare.org\/es\/wp-json\/wp\/v2\/posts\/323380\/revisions"}],"wp:attachment":[{"href":"https:\/\/www.focolare.org\/es\/wp-json\/wp\/v2\/media?parent=323380"}],"wp:term":[{"taxonomy":"category","embeddable":true,"href":"https:\/\/www.focolare.org\/es\/wp-json\/wp\/v2\/categories?post=323380"},{"taxonomy":"post_tag","embeddable":true,"href":"https:\/\/www.focolare.org\/es\/wp-json\/wp\/v2\/tags?post=323380"}],"curies":[{"name":"wp","href":"https:\/\/api.w.org\/{rel}","templated":true}]}}