{"id":323396,"date":"2014-07-31T03:00:45","date_gmt":"2014-07-31T01:00:45","guid":{"rendered":"https:\/\/www.focolare.org\/un-abrazo-planetario\/"},"modified":"2024-05-16T14:47:37","modified_gmt":"2024-05-16T12:47:37","slug":"un-abrazo-planetario","status":"publish","type":"post","link":"https:\/\/www.focolare.org\/es\/un-abrazo-planetario\/","title":{"rendered":"Un abrazo planetario"},"content":{"rendered":"<p><img loading=\"lazy\" decoding=\"async\" class=\"alignleft size-large wp-image-109184\" style=\"margin-right: 10px\" alt=\"2014_07_roberto\" src=\"https:\/\/www.focolare.org\/wp-content\/uploads\/2014\/07\/2014_07_roberto-210x157.jpg\" width=\"210\" height=\"157\" \/><b>\u201cSiempre en alto\u201d y \u201csiempre para adelante\u201d, <\/b>parec\u00eda decir Roberto con el pulgar y el \u00edndice de la mano. Este fue el \u00faltimo gesto de Roberto, s\u00edmbolo de su \u00faltima aventura en esta tierra, antes de deslizarse dulcemente el jueves 24 de julio en los brazos del Padre.  <b>Martes 6 de mayo. Roberto y su esposa Federica, <\/b>ya tienen comprados los pasajes para un viaje a Par\u00eds, pero ese d\u00eda tienen que correr a la Emergencia del hospital, pues Roberto advierte\u00a0 algunos s\u00edntomas dolorosos. Nada les hace presentir que sea algo grave. Pero el s\u00e1bado 10 de mayo, el resultado de la Tomograf\u00eda Computarizada manifiesta una enfermedad sin ninguna esperanza de curaci\u00f3n.  <b>Desde hac\u00eda alg\u00fan tiempo Roberto compart\u00eda su vida con los <a href=\"https:\/\/www.focolare.org\/es\/movimento-dei-focolari\/scelte-e-impegno\/volontari\/\">voluntarios<\/a> del Movimiento de los Focolares, <\/b>personas que libremente eligen a Dios y se comprometen a vivir el Evangelio en el campo social. Una experiencia de fe, de unidad y de amor mutuo. El ideal de la unidad fue potenciando lo que \u00e9l ya era: un hombre que amaba con libertad, meticuloso, creativo, generoso.<i> <\/i>  <b>Peppe, su amigo <\/b>y tambi\u00e9n \u00e9l voluntario, ese d\u00eda estaba con ellos. Como m\u00e9dico, fue el primero en tener el resultado del estudio en sus manos. Hay dos modos de jugar este partido<b>:<\/b> desesperarse o lograr leerlo como un signo del Amor del Padre. Recordando lo que <a href=\"https:\/\/www.focolare.org\/es\/chiara-lubich\/\">Chiara Lubich<\/a> contaba de Santa Teresita, le dice a Roberto, que cuando tuvo el flujo de sangre no dijo que era tuberculosis, sino que dijo que hab\u00eda llegado el Esposo<b>:<\/b> \u201c<b>Bueno Robi, \u00a1llega Jes\u00fas! \u00a1Empieza un partido entre t\u00fa y El!\u201d. <\/b>Roberto sab\u00eda bien lo que significa la enfermedad, y en especial \u00e9sta. Conoce el sufrimiento, el tener que consumirse, porque ya lo hab\u00eda vivido en su familia. <b>Volviendo a casa, consciente de la situaci\u00f3n, Roberto tiene un momento de rebeld\u00eda. <\/b>Pero dura pocos minutos. Federica lo encuentra sereno, radiante. Le dice: <b>\u201c\u00bfSabes? Estoy preparado\u201d. <\/b>Incluso en el sufrimiento, la adhesi\u00f3n incondicional a los planes de Dios, a veces misteriosos, genera en su casa una realidad profunda, casi alegre. Quien va a su casa con la intenci\u00f3n de consolar, sale en cambio consolado. Todo se da vuelta. Los planes humanos \u201cse esfuman\u201d, y entre \u00e9stos, sobre todo, el proyecto de adoptar a dos hermanitos, se transforman en incienso, oraci\u00f3n, ofrecimiento.  <b>Durante la primera serie de quimioterapia, <\/b>para darle \u00e1nimo, Federica crea un grupo en Whatsapp, y enseguida en Facebook nace el <b>\u201cabrazo planetario\u201d, <\/b>una familia de personas que quieren sostenerlo y expresarle su afecto, que comparten los peque\u00f1os y grandes hechos de la vida cotidiana. Desde Brasil a \u00c1frica, a Suecia&#8230; Son los amigos que Roberto y Federica conocieron durante sus numerosos viajes, con la mochila al hombro, queriendo as\u00ed\u00a0 saciar su sed de amistad, con esp\u00edritu de verdadera hermandad. \u201c\u00a1Gracias! \u00a1<b>Cu\u00e1nto amor me tiene Dios, ustedes y mucha gente!. \u00a1<\/b>No imaginaba que pudiese ocurrir esta explosi\u00f3n de unidad!, exclama un d\u00eda Roberto.  <b>En las \u00faltimas semanas,<\/b> como en la monta\u00f1a,<b> comienza<\/b><b> el tramo de subida m\u00e1s arduo<\/b>. Sus ojos son trozos de cielo, que revelan el encanto y el abandono en los planes de Dios. Roberto expresa salud, no la salud del cuerpo, que poco a poco va decayendo, sino la del esp\u00edritu, que se va elevando. Hay un gran esfuerzo, un sufrimiento muy agudo, pero nunca la oscuridad. La noche del mi\u00e9rcoles, Robi le dice a Federica<b>:<\/b> <b>\u201cDebes estar serena, porque yo estoy sereno\u201d.<\/b>  De un testimonio en el funeral<b>:<\/b> <b>\u00abUna extraordinaria normalidad envuelve sus \u00faltimas horas. <\/b>Alrededor de su cama, junto con Federica, rezamos, cantamos, escuchamos los <i>N\u00f3mades, <\/i>tambi\u00e9n comimos un plato de pasta. Llegan los <a href=\"https:\/\/www.focolare.org\/es\/movimento-dei-focolari\/un-popolo\/rpu\/\">Chicos por la Unidad<\/a>, por quienes Roberto tiene un especial afecto. Le traen su agradecimiento. Mientras su respiraci\u00f3n se hace cada vez m\u00e1s dificultosa, a\u00fan en el dolor profundo de la separaci\u00f3n, nos damos cuenta de que su alma est\u00e1 por despegar el vuelo, y vemos con nuestros ojos que la muerte es s\u00f3lo un pasaje de la vida terrena a la Vida que no termina nunca. Vivir \u201csiempre para adelante y siempre en alto\u201d es ahora el modo de decirle nuestro gracias\u00bb.<\/p>\n","protected":false},"excerpt":{"rendered":"<p>La semana pasada nos dej\u00f3 Roberto Del Giudice. A su  alrededor, una cadena de corazones en todo el mundo vivi\u00f3 una extraordinaria historia: florecimiento de vida, de capacidad de escucha, momentos de  comunidad, de comuni\u00f3n.<\/p>\n","protected":false},"author":34,"featured_media":0,"comment_status":"open","ping_status":"open","sticky":false,"template":"","format":"standard","meta":{"give_campaign_id":0,"_seopress_robots_primary_cat":"","_seopress_titles_title":"","_seopress_titles_desc":"","_seopress_robots_index":"","_et_pb_use_builder":"","_et_pb_old_content":"","_et_gb_content_width":"","footnotes":""},"categories":[904],"tags":[],"class_list":["post-323396","post","type-post","status-publish","format-standard","hentry","category-focolare-worldwide-2-2"],"_links":{"self":[{"href":"https:\/\/www.focolare.org\/es\/wp-json\/wp\/v2\/posts\/323396","targetHints":{"allow":["GET"]}}],"collection":[{"href":"https:\/\/www.focolare.org\/es\/wp-json\/wp\/v2\/posts"}],"about":[{"href":"https:\/\/www.focolare.org\/es\/wp-json\/wp\/v2\/types\/post"}],"author":[{"embeddable":true,"href":"https:\/\/www.focolare.org\/es\/wp-json\/wp\/v2\/users\/34"}],"replies":[{"embeddable":true,"href":"https:\/\/www.focolare.org\/es\/wp-json\/wp\/v2\/comments?post=323396"}],"version-history":[{"count":0,"href":"https:\/\/www.focolare.org\/es\/wp-json\/wp\/v2\/posts\/323396\/revisions"}],"wp:attachment":[{"href":"https:\/\/www.focolare.org\/es\/wp-json\/wp\/v2\/media?parent=323396"}],"wp:term":[{"taxonomy":"category","embeddable":true,"href":"https:\/\/www.focolare.org\/es\/wp-json\/wp\/v2\/categories?post=323396"},{"taxonomy":"post_tag","embeddable":true,"href":"https:\/\/www.focolare.org\/es\/wp-json\/wp\/v2\/tags?post=323396"}],"curies":[{"name":"wp","href":"https:\/\/api.w.org\/{rel}","templated":true}]}}