{"id":323414,"date":"2014-08-09T03:00:53","date_gmt":"2014-08-09T01:00:53","guid":{"rendered":"https:\/\/www.focolare.org\/klaus-hemmerle-el-sacerdote-hoy-3\/"},"modified":"2024-05-16T14:47:41","modified_gmt":"2024-05-16T12:47:41","slug":"klaus-hemmerle-el-sacerdote-hoy-3","status":"publish","type":"post","link":"https:\/\/www.focolare.org\/es\/klaus-hemmerle-el-sacerdote-hoy-3\/","title":{"rendered":"Klaus Hemmerle: El sacerdote hoy\/3"},"content":{"rendered":"<p><a href=\"https:\/\/www.focolare.org\/wp-content\/uploads\/2014\/08\/ChiaraLubich-Klaus-Hemmerle.jpg\"><img loading=\"lazy\" decoding=\"async\" class=\"wp-image-109433 alignright\" style=\"margin-left: 10px\" alt=\"ChiaraLubich-Klaus-Hemmerle\" src=\"https:\/\/www.focolare.org\/wp-content\/uploads\/2014\/08\/ChiaraLubich-Klaus-Hemmerle.jpg\" width=\"288\" height=\"188\" \/><\/a>\u00ab<strong>Si se puede comprender al sacerdote,<\/strong> en su grandeza y en su peque\u00f1ez, en su mandato y en su fragilidad, solamente mirando a Cristo; si el sacerdote hace presente en la historia el despojo que Cristo ha actuado en s\u00ed mismo, entonces ninguna otra palabra lograr\u00e1 expresar tan bien la existencia sacerdotal como la de S. Pablo: \u00abYa no vivo yo, sino que Cristo vive en m\u00ed\u00bb, (Gal 2,20).  Esta palabra, es verdad, vale para cada cristiano, igual que el texto de <a href=\"https:\/\/www.focolare.org\/es\/chiara-lubich\/\">Chiara Lubich<\/a> concierne a todos los cristianos. En el bautismo, en efecto, ya ha ocurrido el hecho decisivo para nuestra persona. Ya no se es aquel yo que se afirma a s\u00ed mismo contra Dios y por lo tanto tiene que morir. En cambio, es el yo que, muerto con Jesucristo en Dios, Le hace sitio, al propio Dios, al propio Jesucristo, dentro de si. Mi \u00abyo\u00bb le pertenece a Jesucristo. En cada instante, morir de nuevo en \u00c9l, de modo que \u00c9l pueda vivir en m\u00ed: \u00e9ste es el verdadero modo de encontrarse a si mismo, de realizarse a s\u00ed mismos. Decir \u00abtu\u00bb a Jes\u00fas cada vez que digo \u00abyo\u00bb: \u00e9ste es el camino de la santificaci\u00f3n que tiene su principio en el bautismo. Es as\u00ed que puedo estar en continua contemplaci\u00f3n, en continua uni\u00f3n con Dios; y al mismo tiempo \u00e9sta es la condici\u00f3n que \u00c9l, Dios, el Amor que en Cristo se dona a la humanidad, puede donarse en esta \u00e9poca, puede comunicarse a los hombres de hoy.  <strong>Por esto, no existe un modelo m\u00e1s v\u00e1lido que Mar\u00eda<\/strong>. Ella, mira solamente a Dios y a su voluntad y acogi\u00e9ndolo dentro todo de s\u00ed, Lo da a los otros, Lo dona al mundo. La \u00abgratia plena\u00bb es al mismo tiempo la \u00abtheotokos\u00bb, generadora de Dios.  Ahora, si <strong>el sacerdote<\/strong> es el que por mandato y autorizaci\u00f3n est\u00e1 constituido para \u00ab<strong>agere en persona Christi\u00bb,<\/strong> entonces este mandato y esta autorizaci\u00f3n no pueden limitarse a poner aquellos actos sacramentales para los que, en sentido estrecho, han sido otorgados. Estos actos sacramentales, estas realizaciones del poder sacerdotal se volver\u00e1n testimonio en la medida en que el sacerdote corresponder\u00e1 con toda su vida a aquellos actos. Por tanto, cuanto m\u00e1s profundamente el sacerdote vivir\u00e1 su cristianismo, su bautismo, &#8211; es decir, cuanto m\u00e1s ser\u00e1, en el sentido anteriormente explicado, \u00abmariano\u00bb &#8211; tanto m\u00e1s resplandecer\u00e1 en \u00e9l Cristo Sacerdote.  <strong>\u00a1S\u00e9 completamente sacerdote siendo completamente cristiano<\/strong>! \u00a1Vive totalmente Cristo Sacerdote viviendo totalmente Mar\u00eda, su donaci\u00f3n, su servicio!  El sacerdote deber\u00e1 donarse completamente a El. No deber\u00e1 existir otra cosa que lo sacie, ni posesi\u00f3n, ni exigencia, ni nada de qu\u00e9 disponer. Esas c\u00e9lulas del coraz\u00f3n humano que podr\u00edan ser reservadas para las m\u00e1s bonitas, nobles y sagradas exigencias humanas, deber\u00e1 tenerlas libres, solo para Jesucristo. Sus manos deber\u00e1n estar tan vac\u00edas sin tener nada m\u00e1s que a \u00c9l y poder donar luego \u00c9l mismo a los otros. Estar unido con Jes\u00fas solo y tener por lo tanto una \u00a0gran libertad para poder estar cerca de todos y acercar a Jes\u00fas a todos<i>\u00bb. (Continua)<\/i>  <a href=\"https:\/\/www.focolare.org\/es\/news\/2014\/01\/23\/1994-2014-ricordando-klaus-hemmerle\/\">Klaus Hemmerle<\/a>: <a href=\"https:\/\/www.focolare.org\/es\/news\/2014\/07\/26\/klaus-hemmerle-il-sacerdote-oggi1\/\">El sacerdote hoy\/1\u00a0<\/a>\u00a0\u00a0\u00a0 <a href=\"https:\/\/www.focolare.org\/es\/news\/2014\/08\/02\/klaus-hemmerle-il-sacerdote-oggi2\/\" target=\"_blank\" rel=\"noopener\">\/2<\/a>\u00a0\u00a0 <a href=\"https:\/\/www.focolare.org\/es\/news\/2014\/08\/09\/klaus-hemmerle-il-sacerdote-oggi3\/\">\/3<\/a><\/p>\n","protected":false},"excerpt":{"rendered":"<p>Klaus Hemmerle: El sacerdote hoy\/3<br \/>\nVida sacerdotal como cristianismo radical. Continua il discorso di Mons. Klaus Hemmerle, gi\u00e0 vescovo di Aachen, al Congresso internazionale di sacerdoti, religiosi e seminaristi svoltosi in Vaticano il 30 aprile 1982.<\/p>\n","protected":false},"author":34,"featured_media":0,"comment_status":"open","ping_status":"open","sticky":false,"template":"","format":"standard","meta":{"give_campaign_id":0,"_seopress_robots_primary_cat":"","_seopress_titles_title":"","_seopress_titles_desc":"","_seopress_robots_index":"","_et_pb_use_builder":"","_et_pb_old_content":"","_et_gb_content_width":"","footnotes":""},"categories":[904],"tags":[],"class_list":["post-323414","post","type-post","status-publish","format-standard","hentry","category-focolare-worldwide-2-2"],"_links":{"self":[{"href":"https:\/\/www.focolare.org\/es\/wp-json\/wp\/v2\/posts\/323414","targetHints":{"allow":["GET"]}}],"collection":[{"href":"https:\/\/www.focolare.org\/es\/wp-json\/wp\/v2\/posts"}],"about":[{"href":"https:\/\/www.focolare.org\/es\/wp-json\/wp\/v2\/types\/post"}],"author":[{"embeddable":true,"href":"https:\/\/www.focolare.org\/es\/wp-json\/wp\/v2\/users\/34"}],"replies":[{"embeddable":true,"href":"https:\/\/www.focolare.org\/es\/wp-json\/wp\/v2\/comments?post=323414"}],"version-history":[{"count":0,"href":"https:\/\/www.focolare.org\/es\/wp-json\/wp\/v2\/posts\/323414\/revisions"}],"wp:attachment":[{"href":"https:\/\/www.focolare.org\/es\/wp-json\/wp\/v2\/media?parent=323414"}],"wp:term":[{"taxonomy":"category","embeddable":true,"href":"https:\/\/www.focolare.org\/es\/wp-json\/wp\/v2\/categories?post=323414"},{"taxonomy":"post_tag","embeddable":true,"href":"https:\/\/www.focolare.org\/es\/wp-json\/wp\/v2\/tags?post=323414"}],"curies":[{"name":"wp","href":"https:\/\/api.w.org\/{rel}","templated":true}]}}