{"id":323466,"date":"2014-09-02T13:05:23","date_gmt":"2014-09-02T11:05:23","guid":{"rendered":"https:\/\/www.focolare.org\/sport-y-religiones-juntos-por-la-paz-en-el-mundo\/"},"modified":"2024-05-16T14:47:50","modified_gmt":"2024-05-16T12:47:50","slug":"sport-y-religiones-juntos-por-la-paz-en-el-mundo","status":"publish","type":"post","link":"https:\/\/www.focolare.org\/es\/sport-y-religiones-juntos-por-la-paz-en-el-mundo\/","title":{"rendered":"Sport y religiones juntos por la paz en el mundo"},"content":{"rendered":"<p><div id=\"attachment_110472\" style=\"width: 310px\" class=\"wp-caption alignleft\"><a href=\"https:\/\/www.focolare.org\/wp-content\/uploads\/2014\/09\/20140902-03.jpg\"><img loading=\"lazy\" decoding=\"async\" aria-describedby=\"caption-attachment-110472\" class=\"size-full wp-image-110472 \" style=\"margin-right: 10px\" alt=\"20140902-03\" src=\"https:\/\/www.focolare.org\/wp-content\/uploads\/2014\/09\/20140902-03.jpg\" width=\"300\" height=\"225\" \/><\/a><p id=\"caption-attachment-110472\" class=\"wp-caption-text\">En audiencia con el Papa Francisco<\/p><\/div>  \u00ab\u00a1Asist de Maradona&#8230;. y gol de Baggio!\u00bb No, no era s\u00f3lo nostalgia. Ayer de noche en el Estadio Ol\u00edmpico de Roma, el Partido Interreligioso por la Paz deseado por el <a href=\"http:\/\/w2.vatican.va\/content\/francesco\/it.html\" target=\"_blank\" rel=\"noopener\">Papa Francisco<\/a> regal\u00f3 no s\u00f3lo rayos de magia futbol\u00edstica, sino que fue tambi\u00e9n una ocasi\u00f3n sin precedentes para enviar un mensaje que tuvo la capacidad de unir a decenas de pa\u00edses vinculados por internet.  <i>\u00abLa gente, especialmente los j\u00f3venes, los miran con admiraci\u00f3n por su capacidad atl\u00e9tica\u00bb <\/i>&#8211; les dijo Francisco a los atletas cuando los recibi\u00f3 en <span style=\"text-decoration: underline\"><a href=\"http:\/\/w2.vatican.va\/content\/francesco\/es\/events\/event.html\/content\/vaticanevents\/it\/2014\/9\/1\/incontroconglisportivieipromotoridellapartitadicalciointerreligiosaperlapace1settembre2014\">audiencia<\/a> <\/span>antes del evento: <i>\u00abtambi\u00e9n con<\/i> <i>sus actitudes cotidianas, cargadas de fe y de espiritualidad, de humanidad y de altruismo, ustedes pueden dar un testimonio en favor de los ideales de convivencia pac\u00edfica, civil y social, para la edificaci\u00f3n de una civilizaci\u00f3n fundada en el amor, en la solidaridad y en la paz\u00bb <\/i>Un mensaje de enorme actualidad, en un momento de grav\u00edsimas tensiones en muchas \u00e1reas del mundo, que expres\u00f3 muy bien a <b>las numerosas organizaciones que adhirieron y sostuvieron la iniciativa, entre ellas los <\/b><span style=\"text-decoration: underline\"><a href=\"https:\/\/www.focolare.org\/es\/movimento-dei-focolari\/storia\/\">Focolares,<\/a> <\/span>que en las palabras de <span style=\"text-decoration: underline\"><a href=\"https:\/\/www.focolare.org\/es\/la-presidente\/\">Mar\u00eda Voce,<\/a> <\/span>actual presidente, la hab\u00eda definido como: <i>\u00ab<\/i>Una preciosa contribuci\u00f3n a la formaci\u00f3n de una mentalidad nueva, abierta a la acogida \u00a0y al di\u00e1logo. Su realizaci\u00f3n \u2013 continuaba- ser\u00e1 un signo de esperanza y colocar\u00e1 en el coraz\u00f3n de muchas personas, nuevas semillas de paz\u00bb.  El match promov\u00eda los esfuerzos de dos asociaciones comprometidas en el apoyo\u00a0 directo a las franjas m\u00e1s d\u00e9biles de la sociedad, en Europa, en Sudam\u00e9rica y en el resto del mundo, que dieron el nombre a los equipos contendientes\u00a0 y facilitaron los fondos para su realizaci\u00f3n. Por un lado la <a href=\"http:\/\/www.scholasoccurrentes.org\/\" target=\"_blank\" rel=\"noopener\">Scholas Occurrentes<\/a>, ente educativo promovido por el mismo pont\u00edfice que tiene su sede en la\u00a0 Pontificia de las Ciencias en el Vaticano y por otro lado <b>la Fundaci\u00f3n <\/b><a href=\"http:\/\/www.fondazionepupi.org\/\" target=\"_blank\" rel=\"noopener\">P.U.P.I. Onlus<\/a>, creada por Paula y Javier Zanetti, ex legendario capit\u00e1n del Inter, campe\u00f3n de Europa en el 2010. Tambi\u00e9n apoy\u00f3 el evento la\u00a0 Nacional argentina, que desde hace diez a\u00f1os promueve y sostiene programas de adopci\u00f3n a distancia y asistencia para socorrer \u00a0distintas situaciones de necesidad a trav\u00e9s del proyecto <b>\u201cUna alternativa de Vida\u201d, <\/b>dirigido a ni\u00f1os de 3 a 13 a\u00f1os que viven en contextos socioecon\u00f3micos carenciados.  <img loading=\"lazy\" decoding=\"async\" class=\" wp-image-110473 alignright\" style=\"margin-left: 10px\" alt=\"20140902-02\" src=\"https:\/\/www.focolare.org\/wp-content\/uploads\/2014\/09\/20140902-02.jpg\" width=\"336\" height=\"241\" \/>Despu\u00e9s de un momento musical conducido por la actriz y cantante argentina Tini Stoessel, popular por su rol Disney de <b>Violetta, <\/b>el partido comenz\u00f3 contando con 52 atletas, algunos de los cuales son verdaderos astros del f\u00fatbol. Muy voluntarioso el m\u00edtico <b>Diego Armando Maradona, <\/b>quien fue capaz de permanecer en la cancha los 90 minutos, a sus 53 a\u00f1os de edad; siempre emocionante el toque de <b>Roberto Baggio <\/b>que no pisaba la cancha desde Mayo de 2004, pero acept\u00f3 ponerse los tacos de f\u00fatbol para la ocasi\u00f3n. Tambi\u00e9n se vio a <b>Shevchenko, Trezeguet y Del Piero, <\/b>inolvidables campeones del Mil\u00e1n y del Juventus, adem\u00e1s de muchos otros jugadores que est\u00e1n actualmente en actividad, procedentes de cada \u00e1ngulo del planeta. Fue amplia tambi\u00e9n la cobertura medi\u00e1tica: fueron 12 las TV extranjeras presentes, adem\u00e1s de la RAI.  Para la cr\u00f3nica, el partido lo gan\u00f3 el equipo de P.U.P.I. con el resultado 6-3: pero <b>el vencedor fue el mensaje de paz que desde el Ol\u00edmpico parti\u00f3 hacia el mundo: <\/b>un partido dif\u00edcil, apenas comenzado, pero que es posible vencer.<\/p>\n","protected":false},"excerpt":{"rendered":"<p>\u00c9ste es el significado que el Papa Francisco quiso dar al Primer Partido Interreligioso de f\u00fatbol por la Paz. Se jug\u00f3 el 2 de septiembre en el Estadio Ol\u00edmpico de Roma ante 20 mil espectadores.<\/p>\n","protected":false},"author":24,"featured_media":0,"comment_status":"open","ping_status":"open","sticky":false,"template":"","format":"standard","meta":{"give_campaign_id":0,"_seopress_robots_primary_cat":"","_seopress_titles_title":"","_seopress_titles_desc":"","_seopress_robots_index":"","_et_pb_use_builder":"","_et_pb_old_content":"","_et_gb_content_width":"","footnotes":""},"categories":[46],"tags":[],"class_list":["post-323466","post","type-post","status-publish","format-standard","hentry","category-sin-categorizar"],"_links":{"self":[{"href":"https:\/\/www.focolare.org\/es\/wp-json\/wp\/v2\/posts\/323466","targetHints":{"allow":["GET"]}}],"collection":[{"href":"https:\/\/www.focolare.org\/es\/wp-json\/wp\/v2\/posts"}],"about":[{"href":"https:\/\/www.focolare.org\/es\/wp-json\/wp\/v2\/types\/post"}],"author":[{"embeddable":true,"href":"https:\/\/www.focolare.org\/es\/wp-json\/wp\/v2\/users\/24"}],"replies":[{"embeddable":true,"href":"https:\/\/www.focolare.org\/es\/wp-json\/wp\/v2\/comments?post=323466"}],"version-history":[{"count":0,"href":"https:\/\/www.focolare.org\/es\/wp-json\/wp\/v2\/posts\/323466\/revisions"}],"wp:attachment":[{"href":"https:\/\/www.focolare.org\/es\/wp-json\/wp\/v2\/media?parent=323466"}],"wp:term":[{"taxonomy":"category","embeddable":true,"href":"https:\/\/www.focolare.org\/es\/wp-json\/wp\/v2\/categories?post=323466"},{"taxonomy":"post_tag","embeddable":true,"href":"https:\/\/www.focolare.org\/es\/wp-json\/wp\/v2\/tags?post=323466"}],"curies":[{"name":"wp","href":"https:\/\/api.w.org\/{rel}","templated":true}]}}