{"id":323486,"date":"2014-09-11T03:00:32","date_gmt":"2014-09-11T01:00:32","guid":{"rendered":"https:\/\/www.focolare.org\/un-espacio-de-fraternidad-en-centroafrica\/"},"modified":"2024-05-16T14:47:54","modified_gmt":"2024-05-16T12:47:54","slug":"un-espacio-de-fraternidad-en-centroafrica","status":"publish","type":"post","link":"https:\/\/www.focolare.org\/es\/un-espacio-de-fraternidad-en-centroafrica\/","title":{"rendered":"Un espacio de fraternidad en Centro\u00e1frica"},"content":{"rendered":"<p><img loading=\"lazy\" decoding=\"async\" class=\"alignleft size-full wp-image-110880\" style=\"margin-right: 10px\" alt=\"JustinNary\" src=\"https:\/\/www.focolare.org\/wp-content\/uploads\/2014\/09\/JustinNary.jpg\" width=\"309\" height=\"180\" \/>El P<strong>adre Justin Nary<\/strong>, de 42 a\u00f1os, de la <a href=\"https:\/\/www.focolare.org\/es\/focolare-worldwide\/africa\/repubblica-centrafricana\/\">Rep\u00fablica Centroafricana<\/a>, habla lentamente en el <a href=\"https:\/\/www.focolare.org\/es\/news\/2014\/08\/28\/sacerdoti-per-lumanita\/\">Net-working<\/a>, la reciente cita para sacerdotes y seminaristas que tuvo lugar en <a href=\"http:\/\/www.loppiano.it\/\">Loppiano<\/a>. Habla de su pa\u00eds, que ha estado en el centro de la cr\u00f3nica desde hace poco m\u00e1s de un a\u00f1o despu\u00e9s de la sangrienta guerra civil entre musulmanes, cristianos y animistas.  <strong>Un conflicto casi olvidado,<\/strong> que ya no tiene <i>audience<\/i>, pero que sigue teniendo todav\u00eda hoy pesadas consecuencias cotidianas en la poblaci\u00f3n.  <strong>\u00abDesde hace tres a\u00f1os era p\u00e1rroco en una gran ciudad<\/strong> que, como todo el pa\u00eds, viv\u00eda con la psicosis del eminente conflicto \u00e9tnico-religioso. Todo empez\u00f3 cuando me di cuenta con dolor, de que entre nosotros sacerdotes, pastores e im\u00e1n ni siquiera nos conoc\u00edamos. Deb\u00eda hacer algo porque estaba en juego la vida de nuestra gente\u00bb. Por eso el Padre Justin involucr\u00f3 a los otros l\u00edderes religiosos en citas peri\u00f3dicas para compartir y para buscar juntos la forma de orientar a los fieles hacia un estilo de vida pac\u00edfico.  <strong>El golpe de estado provocado por una minor\u00eda musulmana<\/strong> hizo que r\u00e1pidamente se precipitara la situaci\u00f3n y que empezaran las masacres contra la poblaci\u00f3n no musulmana. Pero no termin\u00f3 all\u00ed: una facci\u00f3n rebelde compuesta por cristianos, paganos y militares de tradici\u00f3n local dio un vuelco a la situaci\u00f3n, tomaron el poder y desplegaron una feroz venganza contra los musulmanes. Quien pod\u00eda dejaba la ciudad, pero alrededor de 2.000 musulmanes corrieron a pedir refugio a la parroquia y el Padre Justin les abri\u00f3 las puertas. No pas\u00f3 mucho tiempo y la cosa se supo. Los rebeldes llegaron para matar a todos, a menos que el Padre Justin reaccionara ante su ultim\u00e1tum.  <img loading=\"lazy\" decoding=\"async\" class=\"alignleft  wp-image-110884\" style=\"margin-right: 10px\" alt=\"20140911-01\" src=\"https:\/\/www.focolare.org\/wp-content\/uploads\/2014\/09\/20140911-01.jpg\" width=\"204\" height=\"307\" \/>  <strong>El sacerdote sigue contando:<\/strong> \u00abHab\u00eda hecho lo posible para buscar \u00a0la ayuda de los militares o de las autoridades, pero hab\u00eda sido en vano. Fue mientras celebraba la misa que entend\u00ed que Dios me ped\u00eda que le donara la cosa m\u00e1s grande que ten\u00eda, la vida.  <strong>Entonces decid\u00ed que me iba a quedar con mi gente<\/strong>, musulmana y no musulmana, \u00a0hasta el final, consciente de que me estaba arriesgando a ser masacrado junto a ellos. Ante mi determinaci\u00f3n, tambi\u00e9n mis hermanos de comunidad, que hab\u00edan venido para rescatarme, decidieron hacer lo mismo\u00bb.  <strong>Faltaban poqu\u00edsimas horas para que se venciera el ultim\u00e1tum,<\/strong> cuando, de repente, son\u00f3 el tel\u00e9fono celular del Padre Justin. Era el jefe del ej\u00e9rcito de la Uni\u00f3n Africana que le aseguraba su ayuda enviando al ej\u00e9rcito, que lleg\u00f3 precisamente 17 minutos antes que los rebeldes, salvando la vida de todos.  \u00abDespu\u00e9s de un fallido intento de ataque, la mayor parte de los refugiados logr\u00f3 emigrar a Camer\u00fan \u2013<strong>concluye el Padre Justin-<\/strong>, mientras que todav\u00eda 800 de ellos est\u00e1n en la parroquia. Lo que me da la fuerza en los momentos m\u00e1s dif\u00edciles es preguntarme qu\u00e9 har\u00edan mis amigos de los Focolares y Chiara Lubich en mi lugar. Me acuerdo de<span style=\"line-height: 1.5em\">\u00a0sus <\/span><a style=\"line-height: 1.5em\" href=\"https:\/\/www.focolare.org\/es\/news\/2014\/05\/03\/la-chiave-del-dialogo-secondo-chiara-lubich\/\">encuentros<\/a><span style=\"line-height: 1.5em\"> con los amigos musulmanes, c\u00f3mo ella los amaba y enseguida todo se vuelve claro: habr\u00eda dado la vida por ellos\u00bb.<\/span><\/p>\n","protected":false},"excerpt":{"rendered":"<p>Son m\u00e1s de 2.000 los musulmanes que el Padre Justin Nary salv\u00f3 de la furia homicida de los rebeldes. El fuerte testimonio del sacerdote que arriesg\u00f3 la vida para salvar \u201ctoda\u201d su gente.<\/p>\n","protected":false},"author":27,"featured_media":0,"comment_status":"open","ping_status":"open","sticky":false,"template":"","format":"standard","meta":{"give_campaign_id":0,"_seopress_robots_primary_cat":"","_seopress_titles_title":"","_seopress_titles_desc":"","_seopress_robots_index":"","_et_pb_use_builder":"","_et_pb_old_content":"","_et_gb_content_width":"","footnotes":""},"categories":[46],"tags":[],"class_list":["post-323486","post","type-post","status-publish","format-standard","hentry","category-sin-categorizar"],"_links":{"self":[{"href":"https:\/\/www.focolare.org\/es\/wp-json\/wp\/v2\/posts\/323486","targetHints":{"allow":["GET"]}}],"collection":[{"href":"https:\/\/www.focolare.org\/es\/wp-json\/wp\/v2\/posts"}],"about":[{"href":"https:\/\/www.focolare.org\/es\/wp-json\/wp\/v2\/types\/post"}],"author":[{"embeddable":true,"href":"https:\/\/www.focolare.org\/es\/wp-json\/wp\/v2\/users\/27"}],"replies":[{"embeddable":true,"href":"https:\/\/www.focolare.org\/es\/wp-json\/wp\/v2\/comments?post=323486"}],"version-history":[{"count":0,"href":"https:\/\/www.focolare.org\/es\/wp-json\/wp\/v2\/posts\/323486\/revisions"}],"wp:attachment":[{"href":"https:\/\/www.focolare.org\/es\/wp-json\/wp\/v2\/media?parent=323486"}],"wp:term":[{"taxonomy":"category","embeddable":true,"href":"https:\/\/www.focolare.org\/es\/wp-json\/wp\/v2\/categories?post=323486"},{"taxonomy":"post_tag","embeddable":true,"href":"https:\/\/www.focolare.org\/es\/wp-json\/wp\/v2\/tags?post=323486"}],"curies":[{"name":"wp","href":"https:\/\/api.w.org\/{rel}","templated":true}]}}