{"id":323520,"date":"2014-09-26T10:23:17","date_gmt":"2014-09-26T08:23:17","guid":{"rendered":"https:\/\/www.focolare.org\/contemplar-salir-hacer-escuela-las-tres-palabras-de-francisco-a-los-focolares\/"},"modified":"2024-05-16T14:48:00","modified_gmt":"2024-05-16T12:48:00","slug":"contemplar-salir-hacer-escuela-las-tres-palabras-de-francisco-a-los-focolares","status":"publish","type":"post","link":"https:\/\/www.focolare.org\/es\/contemplar-salir-hacer-escuela-las-tres-palabras-de-francisco-a-los-focolares\/","title":{"rendered":"Contemplar, salir, hacer escuela: las tres palabras de Francisco a los Focolares"},"content":{"rendered":"<p><strong>Alegr\u00eda, emoci\u00f3n, sorpresa<\/strong> y tambi\u00e9n curiosidad. Muchos y distintos sentimientos y tambi\u00e9n gran expectativa de los 500 participantes de la <a href=\"https:\/\/www.focolare.org\/es\/news\/category\/assemblea-generale-2014\/\">Asamblea general <\/a>de los Focolares en audiencia con el Papa Francisco. El grupo, en efecto, est\u00e1 compuesto por personas procedentes de 137 pa\u00edses. Entre ellos hay cat\u00f3licos, cristianos de otras iglesias; hay tambi\u00e9n alguno que no tiene referencias religiosas.  <img loading=\"lazy\" decoding=\"async\" class=\"alignleft  wp-image-111749\" style=\"margin-right: 10px\" alt=\"1_0_827615\" src=\"https:\/\/www.focolare.org\/wp-content\/uploads\/2014\/09\/1_0_827615.jpg\" width=\"250\" height=\"167\" \/>As\u00ed se ha expresado la Presidente <a href=\"https:\/\/www.focolare.org\/es\/news\/2014\/09\/15\/maria-voce\/\">Maria Voce<\/a> presentando a la Asamblea. Estaban reunidos en la Sala Clementina, en el Vaticano, y dirigi\u00e9ndose al Papa le dijo: \u00abLas personas aqu\u00ed presentes, de varias edades, culturas, vocaciones, laicos y consagrados, v\u00edrgenes y casados, vivieron una experiencia apasionante de comuni\u00f3n en la cual, por el constante y siempre renovado amor rec\u00edproco, recorrieron un camino de discernimiento comunitario, en escucha del Esp\u00edritu, en la distinci\u00f3n de las l\u00edneas a seguir para poder responder a los dolores y a las esperanzas de la humanidad de hoy con nuestro espec\u00edfico carisma de la unidad\u00bb  Fue significativa su menci\u00f3n a la <a href=\"http:\/\/w2.vatican.va\/content\/francesco\/it\/apost_exhortations\/documents\/papa-francesco_esortazione-ap_20131124_evangelii-gaudium.html\" target=\"_blank\" rel=\"noopener\">Evangelii Gaudium<\/a>: \u00ab\u00c9sta fue casi una escuela-laboratorio para ejercitarnos en compartir, en pensar y trabajar con Jes\u00fas entre nosotros, redescubri\u00e9ndonos el pueblo nacido del Evangelio y llamado por lo tanto, a vivir y testimoniar nuestro carisma y donarlo a todos. Su exhortaci\u00f3n apost\u00f3lica fue, sin duda, uno de los faros que ilumin\u00f3 nuestros trabajos\u00bb. Otra nota significativa que testimonia el car\u00e1cter \u201cecum\u00e9nico\u201d de la Asamblea de los Focolares: \u00abNos hemos sentido particularmente solicitados (llamados, interpelados) a buscar con fe nueva los posibles caminos para unirnos y que se produzca una participaci\u00f3n cada vez m\u00e1s plena en la vida y en la conducci\u00f3n del Movimiento de los hermanos y hermanas cristianas de las varias Iglesias que lo integran\u00bb Y el <strong>Papa Francisco<\/strong>, alentando a vivir el carisma de la unidad hasta el fondo, se expres\u00f3 de esta forma:  <em>\u00abQueridos hermanos y hermanas<\/em>: Os saludo a todos los que form\u00e1is la Asamblea General de la Obra de Mar\u00eda y quer\u00e9is vivirla plenamente insertados en el \u00abhoy\u00bb de la Iglesia. Saludo de especial manera a Maria Voce, que ha sido ratificada como presidenta durante otro sexenio. Al darle las gracias por las palabras que me ha dirigido tambi\u00e9n en vuestro nombre, formulo a ella y a sus m\u00e1s estrechos colaboradores mis cordiales deseos de una provechosa labor al servicio del Movimiento, que durante estos a\u00f1os ha ido creciendo y enriqueci\u00e9ndose con nuevas obras y actividades, incluso en la Curia Romana.  Cincuenta a\u00f1os despu\u00e9s del <a href=\"http:\/\/www.vatican.va\/archive\/hist_councils\/ii_vatican_council\/index_it.htm\" target=\"_blank\" rel=\"noopener\">Concilio,<\/a> la Iglesia est\u00e1 llamada a recorrer una etapa de la evangelizaci\u00f3n testimoniando el amor de Dios por toda persona humana, empezando por los m\u00e1s pobres y por los excluidos, y para\u00a0\u00a0 fomentar con la esperanza, la fraternidad y la alegr\u00eda el camino de la humanidad hacia la unidad.  <img loading=\"lazy\" decoding=\"async\" class=\"wp-image-111719 alignright\" style=\"margin-left: 10px\" alt=\"Udienza20142609_2\" src=\"https:\/\/www.focolare.org\/wp-content\/uploads\/2014\/09\/Udienza20142609_2.jpg\" width=\"269\" height=\"170\" \/>La<strong> Obra de Mar\u00eda<\/strong> \u2013de todos conocida con el nombre de <a href=\"https:\/\/www.focolare.org\/es\/movimento-dei-focolari\/\" target=\"_blank\" rel=\"noopener\">Movimiento de los Focolares<\/a>\u2013 naci\u00f3, en el seno de la Iglesia cat\u00f3lica, de una peque\u00f1a semilla, que con el paso de los a\u00f1os ha dado vida a un \u00e1rbol que ahora extiende sus ramas por todas las expresiones de la familia cristiana e incluso entre miembros de las diferentes religiones y entre muchos que cultivan la justicia y la solidaridad junto con la b\u00fasqueda de la verdad. Esta Obra surgi\u00f3 de un don del Esp\u00edritu Santo \u2013\u00a1sin duda!\u2013, el carisma de la unidad que el Padre quiere dar a la Iglesia y al mundo para contribuir a realizar con incisividad y profec\u00eda la oraci\u00f3n de Jes\u00fas: \u00abPara que todos sean uno\u00bb (Jn 17, 21).  Nuestro pensamiento va con gran afecto y gratitud a <a href=\"https:\/\/www.focolare.org\/it\/chiara-lubich\/\">Chiara Lubich<strong>,<\/strong><\/a>, testigo extraordinaria de este don, quien durante su fecunda existencia llev\u00f3 el perfume de Jes\u00fas a tantas situaciones humanas y a tantas partes del mundo.  Fiel al carisma del que naci\u00f3 y del que se alimenta, el Movimiento de los Focolares se encuentra hoy ante la misma tarea que aguarda a toda la Iglesia: aportar, con responsabilidad y creatividad, su peculiar contribuci\u00f3n a esta nueva \u00e9poca de la evangelizaci\u00f3n. La creatividad es importante: no se puede seguir adelante sin ella. \u00a1Es importante! Y, en este contexto, quisiera transmitir tres palabras a los que pertenec\u00e9is al Movimiento de los Focolares y a quienes, de diferentes maneras, comparten su esp\u00edritu y sus ideales: <strong>contemplar, salir y hacer escuela<\/strong>. (leer m\u00e1s el <a href=\"http:\/\/www.revistaecclesia.com\/discurso-en-espanol-del-papa-francisco-la-asamblea-general-del-movimiento-de-los-focolares-26-9-2014\/\" target=\"_blank\" rel=\"noopener\">texto \u00edntegro del Papa<\/a>)  (RV).- (Con <a href=\"http:\/\/media01.radiovaticana.va\/audiomp3\/00445943.MP3\">audio<\/a>)<\/p>\n","protected":false},"excerpt":{"rendered":"<p>26 de septiembre, los 500 asistentes de la Asamblea general de los Focolares con Mar\u00eda Voce y Jes\u00fas Mor\u00e1n fueron recibidos en audiencia por el Papa Francisco, El texto del Papa.<\/p>\n","protected":false},"author":34,"featured_media":0,"comment_status":"open","ping_status":"open","sticky":false,"template":"","format":"standard","meta":{"give_campaign_id":0,"_seopress_robots_primary_cat":"","_seopress_titles_title":"","_seopress_titles_desc":"","_seopress_robots_index":"","_et_pb_use_builder":"","_et_pb_old_content":"","_et_gb_content_width":"","footnotes":""},"categories":[46],"tags":[],"class_list":["post-323520","post","type-post","status-publish","format-standard","hentry","category-sin-categorizar"],"_links":{"self":[{"href":"https:\/\/www.focolare.org\/es\/wp-json\/wp\/v2\/posts\/323520","targetHints":{"allow":["GET"]}}],"collection":[{"href":"https:\/\/www.focolare.org\/es\/wp-json\/wp\/v2\/posts"}],"about":[{"href":"https:\/\/www.focolare.org\/es\/wp-json\/wp\/v2\/types\/post"}],"author":[{"embeddable":true,"href":"https:\/\/www.focolare.org\/es\/wp-json\/wp\/v2\/users\/34"}],"replies":[{"embeddable":true,"href":"https:\/\/www.focolare.org\/es\/wp-json\/wp\/v2\/comments?post=323520"}],"version-history":[{"count":0,"href":"https:\/\/www.focolare.org\/es\/wp-json\/wp\/v2\/posts\/323520\/revisions"}],"wp:attachment":[{"href":"https:\/\/www.focolare.org\/es\/wp-json\/wp\/v2\/media?parent=323520"}],"wp:term":[{"taxonomy":"category","embeddable":true,"href":"https:\/\/www.focolare.org\/es\/wp-json\/wp\/v2\/categories?post=323520"},{"taxonomy":"post_tag","embeddable":true,"href":"https:\/\/www.focolare.org\/es\/wp-json\/wp\/v2\/tags?post=323520"}],"curies":[{"name":"wp","href":"https:\/\/api.w.org\/{rel}","templated":true}]}}