{"id":323580,"date":"2014-10-23T03:00:16","date_gmt":"2014-10-23T01:00:16","guid":{"rendered":"https:\/\/www.focolare.org\/hong-kong-los-jovenes-con-paraguas\/"},"modified":"2024-05-16T14:48:11","modified_gmt":"2024-05-16T12:48:11","slug":"hong-kong-los-jovenes-con-paraguas","status":"publish","type":"post","link":"https:\/\/www.focolare.org\/es\/hong-kong-los-jovenes-con-paraguas\/","title":{"rendered":"Hong Kong: los j\u00f3venes con paraguas"},"content":{"rendered":"<p><div id=\"attachment_113028\" style=\"width: 379px\" class=\"wp-caption alignleft\"><a href=\"https:\/\/www.focolare.org\/wp-content\/uploads\/2014\/10\/20141023-05.jpg\"><img loading=\"lazy\" decoding=\"async\" aria-describedby=\"caption-attachment-113028\" class=\" wp-image-113028 \" style=\"margin-right: 10px\" alt=\"20141023-05\" src=\"https:\/\/www.focolare.org\/wp-content\/uploads\/2014\/10\/20141023-05.jpg\" width=\"369\" height=\"277\" \/><\/a><p id=\"caption-attachment-113028\" class=\"wp-caption-text\">Para no interrumpir las actividades cotidianas los estudiantes organizaron \u00e1reas de estudio al aire libre para poder seguir estudiando.<\/p><\/div>  <b>Son reflexiones emblem\u00e1ticas de los j\u00f3venes de Hong Kong <\/b>que observan con perplejidad el movimiento de protesta de la metr\u00f3polis china. <i>\u201cOccupy central with peace and love\u201d, <\/i>es el nombre<i> <\/i>del movimiento que comenz\u00f3 a fines de septiembre y que \u2013 despu\u00e9s de algunas semanas en las cuales los medios internacionales de comunicaci\u00f3n, enfocaron su atenci\u00f3n sobre las plazas de Hong Kong \u2013 contin\u00faa con menor intensidad la propia batalla, pero manteniendo firme el objetivo: obtener un \u201cverdadero\u201d sufragio universal para las elecciones de 2017. Los sentimientos al respecto son contrastantes.  <b>\u00abEn estos d\u00edas tambi\u00e9n yo particip\u00e9 en la manifestaci\u00f3n de protesta <\/b>aunque por mi car\u00e1cter no ser\u00eda un tipo de persona muy activo, sin embargo siento firmemente que como joven que vive por un mundo unido y como una estudiante de HK, frente a un sistema social tan injusto debemos expresarnos y proclamar nuestras demandas\u00bb. Y contin\u00faa: <b>\u00abSent\u00ed en mi propia persona lo que quiere decir desarmon\u00eda, <\/b>hasta ahora pensaba que estos hechos suced\u00edan s\u00f3lo en naciones que est\u00e1n en guerra y lejanas de HK, pero cuando vi a la polic\u00eda lanzando gases lacrim\u00f3genos a los estudiantes, desencadenando una cierta violencia, me di cuenta que este problema lo ten\u00eda muy cercano. Toda esta situaci\u00f3n en la ciudad que amo me produce dolor. Lo que puedo hacer es s\u00f3lo seguir rezando y seguir creyendo que Dios cuidar\u00e1 a HK\u00bb  \u00abDurante esta demostraci\u00f3n, tambi\u00e9n yo como estudiante particip\u00e9 y estoy orgullosa de ser una joven de HK. Pero en estos d\u00edas la situaci\u00f3n se puso fuera de control. Esta protesta me demuestra que en nuestra sociedad faltan el amor y la comprensi\u00f3n. Mi compromiso es el de amar a cada uno y rezar para que exista la paz en el coraz\u00f3n de cada uno, para que la esperanza llegue a todos\u00bb  <div id=\"attachment_113034\" style=\"width: 378px\" class=\"wp-caption alignright\"><img loading=\"lazy\" decoding=\"async\" aria-describedby=\"caption-attachment-113034\" class=\"wp-image-113034   \" style=\"margin-left: 10px\" alt=\"20141023-06\" src=\"https:\/\/www.focolare.org\/wp-content\/uploads\/2014\/10\/20141023-06.jpg\" width=\"368\" height=\"276\" \/><p id=\"caption-attachment-113034\" class=\"wp-caption-text\">Los estudiantes dejan mensajes y se comprometen a vivir este per\u00edodo en la paz<\/p><\/div>  <b>En un carta colectiva, escriben a la presidente de los Focolares, <span style=\"text-decoration: underline\"><a href=\"https:\/\/www.focolare.org\/es\/news\/2014\/09\/15\/maria-voce\/\">Mar\u00eda Voce<\/a>, <\/span><\/b>\u00abLeemos cada d\u00eda en los peri\u00f3dicos y en internet muchas noticias, por un lado cosas lindas \u2013 por ejemplo que los residentes de Hong Kong viven la solidaridad, la paz y que sus acciones son racionales, que los estudiantes viven idealmente&#8230;.- y por otro lado la falta de paz. Vimos a la polic\u00eda, durante los primeros d\u00edas de las manifestaciones con equipos antidisturbios tratando de dispersar a los manifestantes con gases lacrim\u00f3genos. \u00a0Muchas personas con ideas diferentes han entrado en conflicto unas contra otras y diversas voces dentro de la sociedad se han levantado en medio de litigios y desunidad\u00bb, en medio de esta situaci\u00f3n los j\u00f3venes expresan el renovado deseo de seguir con todas las fuerzas siendo mensajeros de unidad tambi\u00e9n en una situaci\u00f3n tan dif\u00edcil. Como respuesta, Mar\u00eda Voce los alienta, diciendo que ella est\u00e1 segura de que con la unidad entre ellos, podr\u00e1n tener \u00abla sabidur\u00eda\u00bb y que \u00abencontrar\u00e1n la luz para callar o para hablar\u00bb, siendo as\u00ed \u00aben medio de todos un testimonio de paz\u00bb.<\/p>\n","protected":false},"excerpt":{"rendered":"<p>Los paraguas usados para protegerse de los gases lacrim\u00f3genos se convirtieron en el s\u00edmbolo de una protesta compuesta por voces y opiniones distintas. Lejos de realizar una evaluaci\u00f3n pol\u00edtica, comunicamos los sentimientos, aunque son contrastantes, de los j\u00f3venes por un mundo unido que tambi\u00e9n en Hong Kong quieren vivir por un ideal de fraternidad.<\/p>\n","protected":false},"author":34,"featured_media":0,"comment_status":"open","ping_status":"open","sticky":false,"template":"","format":"standard","meta":{"give_campaign_id":0,"_seopress_robots_primary_cat":"","_seopress_titles_title":"","_seopress_titles_desc":"","_seopress_robots_index":"","_et_pb_use_builder":"","_et_pb_old_content":"","_et_gb_content_width":"","footnotes":""},"categories":[904],"tags":[],"class_list":["post-323580","post","type-post","status-publish","format-standard","hentry","category-focolare-worldwide-2-2"],"_links":{"self":[{"href":"https:\/\/www.focolare.org\/es\/wp-json\/wp\/v2\/posts\/323580","targetHints":{"allow":["GET"]}}],"collection":[{"href":"https:\/\/www.focolare.org\/es\/wp-json\/wp\/v2\/posts"}],"about":[{"href":"https:\/\/www.focolare.org\/es\/wp-json\/wp\/v2\/types\/post"}],"author":[{"embeddable":true,"href":"https:\/\/www.focolare.org\/es\/wp-json\/wp\/v2\/users\/34"}],"replies":[{"embeddable":true,"href":"https:\/\/www.focolare.org\/es\/wp-json\/wp\/v2\/comments?post=323580"}],"version-history":[{"count":0,"href":"https:\/\/www.focolare.org\/es\/wp-json\/wp\/v2\/posts\/323580\/revisions"}],"wp:attachment":[{"href":"https:\/\/www.focolare.org\/es\/wp-json\/wp\/v2\/media?parent=323580"}],"wp:term":[{"taxonomy":"category","embeddable":true,"href":"https:\/\/www.focolare.org\/es\/wp-json\/wp\/v2\/categories?post=323580"},{"taxonomy":"post_tag","embeddable":true,"href":"https:\/\/www.focolare.org\/es\/wp-json\/wp\/v2\/tags?post=323580"}],"curies":[{"name":"wp","href":"https:\/\/api.w.org\/{rel}","templated":true}]}}