{"id":323608,"date":"2014-11-04T04:00:53","date_gmt":"2014-11-04T03:00:53","guid":{"rendered":"https:\/\/www.focolare.org\/schonstatt-desde-hace-100-anos-en-mision\/"},"modified":"2024-05-16T14:48:17","modified_gmt":"2024-05-16T12:48:17","slug":"schonstatt-desde-hace-100-anos-en-mision","status":"publish","type":"post","link":"https:\/\/www.focolare.org\/es\/schonstatt-desde-hace-100-anos-en-mision\/","title":{"rendered":"Sch\u00f6nstatt, desde hace 100 a\u00f1os en misi\u00f3n"},"content":{"rendered":"<p><div id=\"attachment_113661\" style=\"width: 154px\" class=\"wp-caption alignright\"><img loading=\"lazy\" decoding=\"async\" aria-describedby=\"caption-attachment-113661\" class=\" wp-image-113661  \" style=\"margin-left: 10px\" alt=\"2k0914_02josef_kentenich\" src=\"https:\/\/www.focolare.org\/wp-content\/uploads\/2014\/11\/2k0914_02josef_kentenich.jpg\" width=\"144\" height=\"218\" \/><p id=\"caption-attachment-113661\" class=\"wp-caption-text\">Padre Kentenich<\/p><\/div>  <b>Misi\u00f3n y alianza con Mar\u00eda, la madre de Jes\u00fas, <\/b>son los dos ejes de la espiritualidad de la Familia de<a href=\"https:\/\/www.focolare.org\/es\/news\/2013\/10\/30\/100-anni-di-schonstatt\/\"> Sch\u00f6nstatt<\/a>, un movimiento cat\u00f3lico nacido en Alemania hace 100 a\u00f1os. Con ocasi\u00f3n del<strong> centenario de la fundaci\u00f3n<\/strong> (en octubre de 1914), el Papa Francisco recibi\u00f3 en audiencia a 7500 representantes del Movimiento, el pasado 25 de octubre. Di\u00e1logo, testimonios y la palabra del pont\u00edfice: Francisco se concentr\u00f3 en la familia e insisti\u00f3 en un tema que tiene en su coraz\u00f3n, el de las periferias, pero tambi\u00e9n habl\u00f3 de la misi\u00f3n y de la renovaci\u00f3n del coraz\u00f3n para abrirse a la cultura del encuentro.  <b>Adem\u00e1s participaron en el evento los representantes de varios Movimientos Eclesiales, <\/b>entre los cuales la presidente de los Focolares, <a href=\"https:\/\/www.focolare.org\/es\/news\/2014\/09\/15\/maria-voce\/\">Mar\u00eda Voce<\/a>, y el co-presidente <a href=\"https:\/\/www.focolare.org\/es\/news\/2014\/09\/17\/jesus-moran-cepedano\/\">Jes\u00fas Mor\u00e1n<\/a>: \u00abEl \u00faltimo acto que el Papa realiz\u00f3 fue el env\u00edo misionero. Dijo: <i>No los env\u00edo en mi nombre, sino en nombre de Jes\u00fas, en nombre de toda la Iglesia. <\/i>M\u00e1s de 7 mil personas: qu\u00e9 maravilla, \u00a1ver gente as\u00ed que va al mundo a llevar a Jes\u00fas!\u00bb &#8211; dijo Mar\u00eda Voce regresando de la audiencia.  <b>\u00abSaludando al responsable mundial, el Padre Heinrich Walter<\/b>, le agradec\u00ed y le dije que tambi\u00e9n nosotros formamos parte de la \u201cAlianza\u201d (un pacto que los caracteriza y que formulan con la Virgen). Se sent\u00eda una sinton\u00eda profunda. \u00a1Qu\u00e9 don de Dios esta relaci\u00f3n aut\u00e9ntica, concreta! Una de las numerosas cosas bellas que hay en la Iglesia y en la humanidad. Era como una invitaci\u00f3n de Jes\u00fas a tener un coraz\u00f3n amplio capaz de reconocer todos los dones que \u00c9l manda, una invitaci\u00f3n a ir juntos y potenciar nuestro compromiso que involucra a toda la humanidad\u00bb.  En el<a href=\"https:\/\/www.focolare.org\/es\/in-dialogo\/chiese-cristiane\/\"> Centro<\/a> del Movimiento de los Focolares que se dedica a la relaci\u00f3n con los Movimientos y nuevas comunidades eclesiales hay un cuadro, el de la <b>\u201cVirgen tres veces admirable\u201d. <\/b>El cuadro representa y documenta un momento importante: el inicio de una historia de unidad.  En la parte de atr\u00e1s hay una oraci\u00f3n a Mar\u00eda, a Ella que desde un inicio est\u00e1 presente en la Obra del Padre Kentenich, y que representa muy bien en la Iglesia todo lo que tiene relaci\u00f3n con los Carismas. En la oraci\u00f3n se le conf\u00eda la amistad y el camino de comuni\u00f3n de los Movimientos como primer paso para llegar a la fraternidad universal. Entre las firmas est\u00e1 la de <a href=\"https:\/\/www.focolare.org\/es\/chiara-lubich\/\">Chiara Lubich<\/a>.  <a href=\"http:\/\/www.archiv.schoenstatt.de\/news2009\/06\/9t0666it-sch-zehn-jahre-besuch-chiara-lubich.php\">Era junio de 1999<\/a>, un a\u00f1o despu\u00e9s de Pentecost\u00e9s \u201998: el hist\u00f3rico encuentro mundial de los Movimientos y nuevas comunidades con Juan Pablo II, que dio inicio a una nueva etapa de conocimiento y estima rec\u00edproca entre las varias realidades eclesiales, surgidas de los carismas.  <div id=\"attachment_113671\" style=\"width: 273px\" class=\"wp-caption alignright\"><a href=\"https:\/\/www.focolare.org\/wp-content\/uploads\/2014\/11\/Sch\u00f6nstatt_.jpg\"><img loading=\"lazy\" decoding=\"async\" aria-describedby=\"caption-attachment-113671\" class=\"wp-image-113671    \" style=\"margin-left: 10px\" alt=\"Sch\u00f6nstatt_\" src=\"https:\/\/www.focolare.org\/wp-content\/uploads\/2014\/11\/Sch\u00f6nstatt_.jpg\" width=\"263\" height=\"165\" \/><\/a><p id=\"caption-attachment-113671\" class=\"wp-caption-text\">El 10 de junio de 1999: visita de Chiara Lubich y Andrea Riccardi a Sch\u00f6nstatt<\/p><\/div>  Desde el \u201999 la relaci\u00f3n de los Focolares con Sch\u00f6nstatt ha avanzado, es m\u00e1s se ha expandido a todo el mundo. En todas partes se han instaurado relaciones de colaboraci\u00f3n a distinto nivel brindando especial atenci\u00f3n a las \u00a0expectativas de la humanidad: el mundo del trabajo, la lucha contra la pobreza, iniciativas a favor de Europa, la familia y otras m\u00e1s.  Felicitaciones al Movimiento Apost\u00f3lico de Sch\u00f6nstatt por estos primeros cien a\u00f1os: un tiempo largo, un amplio testimonio de vida y de fidelidad al carisma que Dios don\u00f3 al Padre Kentenich y que se ha difundido produciendo tantos frutos en el mundo.<\/p>\n","protected":false},"excerpt":{"rendered":"<p>Las felicitaciones de los Focolares por los cien a\u00f1os del Movimiento del Padre Kentenich. El Papa Francisco: \u00abUna Iglesia sin Mar\u00eda es un orfanato\u00bb.<\/p>\n","protected":false},"author":27,"featured_media":0,"comment_status":"open","ping_status":"open","sticky":false,"template":"","format":"standard","meta":{"give_campaign_id":0,"_seopress_robots_primary_cat":"","_seopress_titles_title":"","_seopress_titles_desc":"","_seopress_robots_index":"","_et_pb_use_builder":"","_et_pb_old_content":"","_et_gb_content_width":"","footnotes":""},"categories":[46],"tags":[],"class_list":["post-323608","post","type-post","status-publish","format-standard","hentry","category-sin-categorizar"],"_links":{"self":[{"href":"https:\/\/www.focolare.org\/es\/wp-json\/wp\/v2\/posts\/323608","targetHints":{"allow":["GET"]}}],"collection":[{"href":"https:\/\/www.focolare.org\/es\/wp-json\/wp\/v2\/posts"}],"about":[{"href":"https:\/\/www.focolare.org\/es\/wp-json\/wp\/v2\/types\/post"}],"author":[{"embeddable":true,"href":"https:\/\/www.focolare.org\/es\/wp-json\/wp\/v2\/users\/27"}],"replies":[{"embeddable":true,"href":"https:\/\/www.focolare.org\/es\/wp-json\/wp\/v2\/comments?post=323608"}],"version-history":[{"count":0,"href":"https:\/\/www.focolare.org\/es\/wp-json\/wp\/v2\/posts\/323608\/revisions"}],"wp:attachment":[{"href":"https:\/\/www.focolare.org\/es\/wp-json\/wp\/v2\/media?parent=323608"}],"wp:term":[{"taxonomy":"category","embeddable":true,"href":"https:\/\/www.focolare.org\/es\/wp-json\/wp\/v2\/categories?post=323608"},{"taxonomy":"post_tag","embeddable":true,"href":"https:\/\/www.focolare.org\/es\/wp-json\/wp\/v2\/tags?post=323608"}],"curies":[{"name":"wp","href":"https:\/\/api.w.org\/{rel}","templated":true}]}}