{"id":323616,"date":"2014-11-07T10:49:08","date_gmt":"2014-11-07T09:49:08","guid":{"rendered":"https:\/\/www.focolare.org\/el-papa-a-los-obispos-amigos-del-movimiento-focolari-globalizacion-de-la-solidaridad-contra-la-indiferencia\/"},"modified":"2024-05-16T14:48:19","modified_gmt":"2024-05-16T12:48:19","slug":"el-papa-a-los-obispos-amigos-del-movimiento-focolari-globalizacion-de-la-solidaridad-contra-la-indiferencia","status":"publish","type":"post","link":"https:\/\/www.focolare.org\/es\/el-papa-a-los-obispos-amigos-del-movimiento-focolari-globalizacion-de-la-solidaridad-contra-la-indiferencia\/","title":{"rendered":"El Papa a los obispos amigos del Movimiento Focolari: Globalizaci\u00f3n de la solidaridad contra la indiferencia"},"content":{"rendered":"<p><a href=\"https:\/\/www.focolare.org\/wp-content\/uploads\/2014\/11\/Vescovi_PapaFrancesco_21.jpg\"><img loading=\"lazy\" decoding=\"async\" class=\" wp-image-113955 alignright\" style=\"margin-left: 10px\" alt=\"Vescovi_PapaFrancesco_2\" src=\"https:\/\/www.focolare.org\/wp-content\/uploads\/2014\/11\/Vescovi_PapaFrancesco_21.jpg\" width=\"384\" height=\"247\" \/><\/a><strong>\u00abLa Eucarist\u00eda, misterio de comuni\u00f3n<\/strong>\u00bb es el tema del <a href=\"https:\/\/www.focolare.org\/press\/files\/2014\/11\/20141102CS_ConvegnoEcumenicoVescoviAmiciFocolari_ES.pdf\" target=\"_blank\" rel=\"noopener\">Convenio ecum\u00e9nico de los obispos amigos del Movimiento Focolari<\/a>. Se trata de un evento anual que re\u00fane a obispos procedentes no s\u00f3lo de diversos pa\u00edses sino de diferentes iglesias y comunidades eclesiales y que el Papa Francisco ha definido como \u00bbun resultado de lo que produce el amor por la palabra de Dios y la voluntad de conformar la existencia al Evangelio\u00bb. \u00bbEstas actitudes suscitadas y acompa\u00f1adas por la gracia del Esp\u00edritu Santo hacen brotar muchas iniciativas, florecer amistades duraderas, e intensos momentos de compartici\u00f3n y fraternidad\u00bb, a\u00f1adi\u00f3 recibiendo esta ma\u00f1ana en audiencia a cuarenta participantes en ese encuentro.  El Santo Padre recalc\u00f3 la importancia del valor, en este mundo atribulado, \u00bbde un testimonio claro de la unidad entre los cristianos y de una declaraci\u00f3n expl\u00edcita de la estima, el respeto y, m\u00e1s precisamente, de la fraternidad entre nosotros, como signo luminoso &#8230; de la fe en Cristo resucitado. De hecho, si queremos responder, como cristianos, de una manera significativa a los muchos problemas y los dramas de nuestro tiempo, es necesario hablar y actuar como hermanos, y de modo tal que todos los puedan reconocer f\u00e1cilmente. Es tambi\u00e9n una manera &#8211; tal vez para nosotros la primera &#8211; de responder a la globalizaci\u00f3n de la indiferencia con una globalizaci\u00f3n de la solidaridad y de la fraternidad\u00bb.  <a href=\"http:\/\/www.news.va\/es\/news\/el-papa-a-los-obispos-amigos-del-movimiento-focola\" target=\"_blank\" rel=\"noopener\">\u00a0Radio Vaticano<\/a><\/p>\n","protected":false},"excerpt":{"rendered":"<p>\u00abLa fraternidad, como signo luminoso &#8230; de la fe en Cristo resucitado\u00bb a\u00f1adi\u00f3 recibiendo esta ma\u00f1ana en audiencia a cuarenta participantes en Convenio ecum\u00e9nico de los obispos amigos del Movimiento Focolari.  Noticia de Radio Vaticana.<\/p>\n","protected":false},"author":34,"featured_media":0,"comment_status":"open","ping_status":"open","sticky":false,"template":"","format":"standard","meta":{"give_campaign_id":0,"_seopress_robots_primary_cat":"","_seopress_titles_title":"","_seopress_titles_desc":"","_seopress_robots_index":"","_et_pb_use_builder":"","_et_pb_old_content":"","_et_gb_content_width":"","footnotes":""},"categories":[46],"tags":[],"class_list":["post-323616","post","type-post","status-publish","format-standard","hentry","category-sin-categorizar"],"_links":{"self":[{"href":"https:\/\/www.focolare.org\/es\/wp-json\/wp\/v2\/posts\/323616","targetHints":{"allow":["GET"]}}],"collection":[{"href":"https:\/\/www.focolare.org\/es\/wp-json\/wp\/v2\/posts"}],"about":[{"href":"https:\/\/www.focolare.org\/es\/wp-json\/wp\/v2\/types\/post"}],"author":[{"embeddable":true,"href":"https:\/\/www.focolare.org\/es\/wp-json\/wp\/v2\/users\/34"}],"replies":[{"embeddable":true,"href":"https:\/\/www.focolare.org\/es\/wp-json\/wp\/v2\/comments?post=323616"}],"version-history":[{"count":0,"href":"https:\/\/www.focolare.org\/es\/wp-json\/wp\/v2\/posts\/323616\/revisions"}],"wp:attachment":[{"href":"https:\/\/www.focolare.org\/es\/wp-json\/wp\/v2\/media?parent=323616"}],"wp:term":[{"taxonomy":"category","embeddable":true,"href":"https:\/\/www.focolare.org\/es\/wp-json\/wp\/v2\/categories?post=323616"},{"taxonomy":"post_tag","embeddable":true,"href":"https:\/\/www.focolare.org\/es\/wp-json\/wp\/v2\/tags?post=323616"}],"curies":[{"name":"wp","href":"https:\/\/api.w.org\/{rel}","templated":true}]}}