{"id":323642,"date":"2014-11-18T04:06:00","date_gmt":"2014-11-18T03:06:00","guid":{"rendered":"https:\/\/www.focolare.org\/en-la-proximidad-del-iii-congreso-mundial-de-los-movimientos-y-nuevas-comunidades\/"},"modified":"2024-05-16T14:48:24","modified_gmt":"2024-05-16T12:48:24","slug":"en-la-proximidad-del-iii-congreso-mundial-de-los-movimientos-y-nuevas-comunidades","status":"publish","type":"post","link":"https:\/\/www.focolare.org\/es\/en-la-proximidad-del-iii-congreso-mundial-de-los-movimientos-y-nuevas-comunidades\/","title":{"rendered":"En la proximidad del III Congreso mundial de los Movimientos y Nuevas comunidades"},"content":{"rendered":"<p><p><img loading=\"lazy\" decoding=\"async\" class=\"alignright wp-image-114487\" src=\"https:\/\/www.focolare.org\/wp-content\/uploads\/2014\/11\/20111118-01.jpg\" alt=\"20111118-01\" width=\"320\" height=\"214\" \/><\/p>\n<p><strong>El III Congreso mundial en el Vaticano fue presentado por <\/strong>el Presidente del Dicasterio, el Cardenal Stanislaw Rylko, junto con el \u201csecretario Mons. Josef Clemens. Las expectativas de los Movimientos y de las Comunidades fueron expresadas por Mar\u00eda Voce, presidente de los Focolares, y Jean-Luc Moens, responsable de las relaciones internacionales de las \u201cCommunaut\u00e9 de l\u2019Emmanuel\u201d<\/p>\n<p><strong>Se trata de la tercera etapa de un \u201ccrecimiento hacia la madurez eclesial\u201d. <\/strong>La <a href=\"https:\/\/www.focolare.org\/es\/in-dialogo\/chiesa-cattolica\/page\/111\/\"><strong>primera manifestaci\u00f3n<\/strong><\/a> fue en 1998 y sucesivamente en el <a href=\"https:\/\/www.focolare.org\/es\/news\/2006\/06\/07\/pentecoste-2006-lo-spirito-nei-suoi-doni-e-multiforme-soffia-dove-vuole\/\"><strong>2006<\/strong><\/a><strong>, <\/strong>concomitantemente con las dos grandes asambleas de los Movimientos. La primera con Juan Pablo II \u2013quien defin\u00eda el fen\u00f3meno de los Movimientos como una \u201ccorriente de gracia\u201d, afirmando que la Iglesia se esperaba de ellos \u201cfrutos <em>maduros<\/em> de comuni\u00f3n y de compromiso\u201d \u2013 y la segunda con Benedicto XVI, quien ve\u00eda en este camino \u201cuna provocaci\u00f3n saludable\u201d para la Iglesia, \u201cminor\u00edas creativas\u201d decisivas para el futuro de la humanidad.<\/p>\n<p>El Papa Francisco se encontr\u00f3 con los Movimientos y las nuevas comunidades <strong><a href=\"https:\/\/www.focolare.org\/es\/news\/2013\/05\/19\/uscite-fuori-uscite-linvito-di-papa-francesco\/\">el 18 de mayo de 2013<\/a>, <\/strong>y ahora el tercer Congreso mundial toma la l\u00ednea de su Exhortaci\u00f3n <strong><em><a href=\"http:\/\/www.vatican.va\/evangelii-gaudium\/sp\/\">Evangelii Gaudium<\/a>. <\/em><\/strong>En la misma, Francisco le pide a los movimientos que \u201csean verdaderos protagonistas de una nueva etapa de la misi\u00f3n evangelizadora de la Iglesia, caracterizada por la alegr\u00eda\u201d, dirigida hacia las \u201cperiferias geogr\u00e1ficas y existenciales de nuestro mundo\u201d, \u201ccercana a todos los pobres, sufrientes y excluidos \u2013 amargo producto de la <em>cultura del descarte <\/em>hoy dominante\u201d.<\/p>\n<p>Ante los periodistas, <strong>el cardenal Stanislaw Rylko hizo propia la pregunta que muchos se plantean. <\/strong>\u00bfC\u00f3mo es posible \u201cen un mundo que de forma tan radical rechaza a Dios, <strong>todav\u00eda hay tantos hombres y mujeres, adultos y j\u00f3venes que descubren la alegr\u00eda y la belleza de ser cristianos\u201d y <\/strong>\u201celigen a Cristo y su Evangelio como br\u00fajula segura de su existencia?\u201d. La variedad y la riqueza de los nuevos carismas \u201cproponen itinerarios pedag\u00f3gicos\u201d de vida cristiana de \u201cimpresionante eficacia, capaces de cambiar la vida de las personas y de despertar en ellas un extraordinario entusiasmo evangelizador\u201d, con \u201csu fantas\u00eda misionera, con su capacidad de encontrar modos y caminos siempre nuevos de testimoniar y de anunciar el Evangelio\u201d<\/p>\n<p><strong>Mons. Josef Clemens<\/strong>, Secretario del Pontificio Consejo para los laicos subray\u00f3 el <strong>contenido <\/strong>de los tres d\u00edas: el contexto y los diversos aspectos de la evangelizaci\u00f3n, la purificaci\u00f3n de los obst\u00e1culos e impedimentos, el dinamismo y la colaboraci\u00f3n entre los carismas, el rol de las mujeres y los programas de inclusi\u00f3n de los pobres.<\/p>\n<p><strong>Maria Voce, presidente de los Focolares,<\/strong> puso en evidencia que el Concilio Vaticano II es para los laicos un \u201cincentivo y espejo\u201d de la propia \u201cvocaci\u00f3n y responsabilidad dentro de la Iglesia y en el mundo contempor\u00e1neo\u201d. Al expresar las expectativas de los laicos augur\u00f3 que el Congreso<strong> \u201cmarque un paso de madurez\u201d<\/strong> y que adem\u00e1s \u201clas reflexiones y los di\u00e1logos, la puesta en com\u00fan de \u00e9xitos y derrotas, de las experiencias y de los proyectos, establezcan las condiciones para que Dios, Se\u00f1or de la historia, pueda extraer de todo el conjunto no s\u00f3lo los frutos de comuni\u00f3n y de enriquecimiento rec\u00edproco\u201d, sino que pueda orientar a todos juntos \u201ca mirar y a vivir siempre y con alegr\u00eda renovada por la \u00fanica gran finalidad de la iglesia de Cristo: \u2018Padre, que sean una sola cosa&#8230;.que todos sean uno\u2019. \u00c9ste es el \u2018sue\u00f1o de Dios\u2019. Esperemos que sepamos responder a las expectativas m\u00e1s profundas de los hombres y de las mujeres de hoy y contribuir a que la humanidad sea una sola gran familia\u201d.<\/p>\n<p>\u201cQueremos avanzar en el camino de conversi\u00f3n pastoral\u201d que nos pide el Papa, y sobre todo \u201chacer una \u2018experiencia de comuni\u00f3n\u2019\u201d, dijo <strong>Jean-Luc Moens de la Communaut\u00e9 de l\u2019Emmanuel, <\/strong>quien afirm\u00f3<strong> \u201cpara nosotros es muy interesante descubrir c\u00f3mo el Esp\u00edritu Santo trabaja en los dem\u00e1s. El Congreso ser\u00e1 una ocasi\u00f3n \u00fanica para realizar este descubrimiento rec\u00edproco\u201d.<\/strong><\/p>\n<p><strong>Informaci\u00f3n: <\/strong><a href=\"http:\/\/www.laici.va\"><strong>www.laici.va<\/strong><\/a><\/p>\n<p>De la <a href=\"https:\/\/www.focolare.org\/es\/news\/2014\/11\/18\/movimenti-ecclesiali-una-storia-comune-e-feconda\/?doing_wp_cron=1416327530.2341210842132568359375\" target=\"_blank\" rel=\"noopener\">intervenci\u00f3n <\/a>de Maria Voce en la rueda de prensa de presentaci\u00f3n del 3er Congreso de los Movimientos Eclesiales y de las Nuevas Comunidades<\/p>\n<p>&nbsp;<\/p>\n<p><strong>\u00a0<\/strong><\/p>\n<p>&nbsp;<\/p>\n<p><strong>\u00a0<\/strong><\/p>\n<p>&nbsp;<\/p><\/p>\n","protected":false},"excerpt":{"rendered":"<p>Contar\u00e1 con la asistencia de 300 delegados procedentes de un centenar de realidades eclesiales de todo el mundo. Tendr\u00e1 lugar en Roma desde el 20 al 22 de noviembre, promovido por el Pontificio Consejo para los Laicos. El tema ser\u00e1: \u201cLa alegr\u00eda del Evangelio: una alegr\u00eda misionera\u201d.<\/p>\n","protected":false},"author":27,"featured_media":0,"comment_status":"open","ping_status":"open","sticky":false,"template":"","format":"standard","meta":{"give_campaign_id":0,"_seopress_robots_primary_cat":"","_seopress_titles_title":"","_seopress_titles_desc":"","_seopress_robots_index":"","_et_pb_use_builder":"","_et_pb_old_content":"","_et_gb_content_width":"","footnotes":""},"categories":[46],"tags":[],"class_list":["post-323642","post","type-post","status-publish","format-standard","hentry","category-sin-categorizar"],"_links":{"self":[{"href":"https:\/\/www.focolare.org\/es\/wp-json\/wp\/v2\/posts\/323642","targetHints":{"allow":["GET"]}}],"collection":[{"href":"https:\/\/www.focolare.org\/es\/wp-json\/wp\/v2\/posts"}],"about":[{"href":"https:\/\/www.focolare.org\/es\/wp-json\/wp\/v2\/types\/post"}],"author":[{"embeddable":true,"href":"https:\/\/www.focolare.org\/es\/wp-json\/wp\/v2\/users\/27"}],"replies":[{"embeddable":true,"href":"https:\/\/www.focolare.org\/es\/wp-json\/wp\/v2\/comments?post=323642"}],"version-history":[{"count":0,"href":"https:\/\/www.focolare.org\/es\/wp-json\/wp\/v2\/posts\/323642\/revisions"}],"wp:attachment":[{"href":"https:\/\/www.focolare.org\/es\/wp-json\/wp\/v2\/media?parent=323642"}],"wp:term":[{"taxonomy":"category","embeddable":true,"href":"https:\/\/www.focolare.org\/es\/wp-json\/wp\/v2\/categories?post=323642"},{"taxonomy":"post_tag","embeddable":true,"href":"https:\/\/www.focolare.org\/es\/wp-json\/wp\/v2\/tags?post=323642"}],"curies":[{"name":"wp","href":"https:\/\/api.w.org\/{rel}","templated":true}]}}