{"id":323662,"date":"2014-11-26T04:00:42","date_gmt":"2014-11-26T03:00:42","guid":{"rendered":"https:\/\/www.focolare.org\/francisco-a-los-movimientos-eclesiales-siempre-adelante-siempre-en-movimiento\/"},"modified":"2024-05-16T14:48:27","modified_gmt":"2024-05-16T12:48:27","slug":"francisco-a-los-movimientos-eclesiales-siempre-adelante-siempre-en-movimiento","status":"publish","type":"post","link":"https:\/\/www.focolare.org\/es\/francisco-a-los-movimientos-eclesiales-siempre-adelante-siempre-en-movimiento\/","title":{"rendered":"Francisco a los Movimientos eclesiales: \u201c\u00a1Siempre adelante, siempre en movimiento!\u201d"},"content":{"rendered":"<p><img loading=\"lazy\" decoding=\"async\" class=\"alignright size-full wp-image-114938\" src=\"https:\/\/www.focolare.org\/wp-content\/uploads\/2014\/11\/2014StazioneTermini.jpg\" alt=\"2014StazioneTermini\" width=\"205\" height=\"300\" \/><strong>\u201cEsa alegr\u00eda que veo en tus ojos la quiero tambi\u00e9n yo\u201d,<\/strong> dice un chico a Daniela de la Comunidad Nuevos Horizontes, la noche en la que, venciendo sus temores hab\u00eda ido a la Estaci\u00f3n de trenes de Termini. Ese joven que hab\u00eda intentado suicidarse tres veces, se convierte para Daniela en el inicio de una nueva vida.<\/p>\n<p><strong>Historias como \u00e9sta son las que traen en su coraz\u00f3n los 300 participantes. <\/strong>Representan a 100 Movimientos y Nuevas Comunidades, de 40 pa\u00edses, y se reunieron en Roma del 20 al 22 de noviembre para su <a href=\"http:\/\/www.laici.va\/content\/laici\/es\/eventi\/altri-eventi\/iii-congresso-mondiale-dei-movimenti-ecclesiali-e-delle-nuove-co.html\">tercer Congreso Mundial <\/a>sobre el tema \u201cLa alegr\u00eda del Evangelio: una alegr\u00eda misionera\u201d.<\/p>\n<p><strong>Querido por el <\/strong><a href=\"http:\/\/www.laici.va\/content\/laici\/es.html\" target=\"_blank\" rel=\"noopener\">Consejo Pontificio para los Laicos<\/a> (PCPL) para responder al llamado a la conversi\u00f3n que el Papa Francisco dirigi\u00f3 a todos los cristianos, la cita quer\u00eda seguir la l\u00ednea de los encuentros promovidos por Juan Pablo II en 1998 y Benedicto XVI en el 2006.<\/p>\n<p><strong>Imprevisto e inesperado ha sido el florecimiento de tantas nuevas realidades eclesiales. <\/strong>El Card. Rylko, presidente del PCPL<strong>, <\/strong>en el discurso de apertura, record\u00f3 que la Iglesia lo considera como \u201cuna respuesta tempestiva del Esp\u00edritu Santo al dif\u00edcil desaf\u00edo de la evangelizaci\u00f3n en el mundo contempor\u00e1neo\u201d. Tambi\u00e9n el Papa Francisco insiste al decir que los nuevos carismas son \u201cregalos del Esp\u00edritu que forman parte del cuerpo eclesial, atra\u00eddos hacia el centro que es Cristo, desde donde desencadenan un impulso a la evangelizaci\u00f3n\u201d.<\/p>\n<p><img loading=\"lazy\" decoding=\"async\" class=\"alignleft wp-image-114936 size-full\" src=\"https:\/\/www.focolare.org\/wp-content\/uploads\/2014\/11\/2014CongressoMovEcclesiali.jpg\" alt=\"2014CongressoMovEcclesiali\" width=\"350\" height=\"239\" \/><strong>Apasionantes experiencias se entretejen con reflexiones <\/strong>ricas y variadas, densas de doctrina, con el objetivo de profundizar aspectos cruciales de la enc\u00edclica <a href=\"http:\/\/w2.vatican.va\/content\/francesco\/es\/apost_exhortations\/documents\/papa-francesco_esortazione-ap_20131124_evangelii-gaudium.html\">Evangelii Gaudium<\/a>, que fue la carta magna de todo el Congreso.<\/p>\n<p><strong>\u00bfLos temas tratados?<\/strong> Van desde la renovaci\u00f3n personal para la renovaci\u00f3n eclesial, a la comuni\u00f3n entre los Movimientos (colaborar para no correr en vano), de la revoluci\u00f3n de la ternura al genio femenino en la evangelizaci\u00f3n.<\/p>\n<p><strong>Una gran atenci\u00f3n a leer los \u201csignos de los tiempos\u201d que exigen nuevas respuestas <\/strong>a nuevos interrogantes. Tres d\u00edas que anularon diferencias y reservas, en un creciente clima de fraternidad entre los representantes de Movimientos de m\u00e1s de 50 a\u00f1os de historia y las nuevas comunidades que desde hace poco han asumido una dimensi\u00f3n internacional. Numerosa la presencia de obispos y sacerdotes, sumergidos junto a los laicos, en un clima de escucha rec\u00edproca. Todos estaban sedientos de conocer las experiencias rec\u00edprocas para \u201caprender a discernir la voz del Esp\u00edritu hoy, que impulsa a ir lejos y anunciar a todos el amor de Dios por cada hombre\u201d, como dijo uno de los presentes. Por el<a href=\"https:\/\/www.focolare.org\/es\/chi-siamo\/\"> Movimiento de los Focolares<\/a>, junto a la Presidente <a href=\"https:\/\/www.focolare.org\/es\/news\/2014\/11\/18\/movimenti-ecclesiali-una-storia-comune-e-feconda\/\">Mar\u00eda Voce<\/a>, al nuevo co-presidente <a href=\"https:\/\/www.focolare.org\/es\/news\/2014\/11\/22\/jesus-moran-e-lora-della-fedelta-creativa\/\">Jes\u00fas Mor\u00e1n<\/a>, al co-presidente saliente Giancarlo Faletti fue una delegaci\u00f3n compuesta por Anna Pelli, Severin Schmidt, Gisela Lauber y Marta Chierico.<\/p>\n<p><img loading=\"lazy\" decoding=\"async\" class=\"alignleft size-full wp-image-114935\" src=\"https:\/\/www.focolare.org\/wp-content\/uploads\/2014\/11\/2014FrancescoMovEcclesiali.jpg\" alt=\"2014FrancescoMovEcclesiali\" width=\"350\" height=\"233\" \/><strong>\u201cUn encuentro de verdadera y profunda comuni\u00f3n donde todos \u00e9ramos hermanos\u201d<\/strong>, lo define Maria Voce en una entrevista realizada para focolare.org \u201cque se pone a\u00fan m\u00e1s de relieve si pensamos de d\u00f3nde partimos en 1998\u201d. \u201cCuando fuimos donde el Papa &#8211; contin\u00faa \u2013 se sent\u00eda en \u00c9l la alegr\u00eda de haber podido experimentar esta comuni\u00f3n, y en el fondo, era \u00e9ste el don que quer\u00edamos ofrecerle\u201d. \u00bf<strong>Qu\u00e9 pasos nuevos se abren ahora para los Movimientos<\/strong>? Para Maria Voce dos posibles pistas por explorar son: la apertura \u201chacia los Movimientos que pertenecen a otras Iglesias, no cat\u00f3licas, porque ah\u00ed hay experiencias muy fuertes de personas que viven como nosotros el Evangelio\u201d; y la \u201ccomuni\u00f3n m\u00e1s profunda a\u00fan entre laicos y clero\u201d, \u201cgracias a la cual no exista separaci\u00f3n entre la parte eclesi\u00e1stica y la parte laica en los distintos Movimientos y tampoco en su conjunto\u201d. Salida que subrayar\u00eda \u201cuna unidad m\u00e1s vital, entre pastor y grey\u201d.<\/p>\n<p><strong>Toda excusa era buena: el intervalo del caf\u00e9, el momento del almuerzo, <\/strong>la cena al final del d\u00eda. Misiones en las calles, comunidades para drogadictos, evangelizaci\u00f3n en los lugares m\u00e1s inveros\u00edmiles del planeta, adoraci\u00f3n y trabajo, atenci\u00f3n a los ancianos y a los discapacitados, trabajo con los j\u00f3venes: Filadelfia, Kansas, Ecuador, Corea, M\u00e9xico, Roma, Palermo. El di\u00e1logo denso e ininterrumpido culmin\u00f3 con el encuentro con el papa Francisco: \u00abUstedes ya han dado muchos frutos a la Iglesia y al mundo entero, pero pueden dar m\u00e1s y m\u00e1s grandes con la ayuda del Esp\u00edritu Santo\u00bb, afirm\u00f3 el Papa en su <a href=\"http:\/\/w2.vatican.va\/content\/francesco\/es\/events\/event.dir.html\/content\/vaticanevents\/it\/2014\/11\/22\/movimentiecclesiali.html\">discurso<\/a>. \u00abPara llegar a la madurez eclesial es necesario <strong>mantener la frescura del carisma, respetar la libertad de las personas y buscar la comuni\u00f3n<\/strong>\u00bb, sintetizando el nuevo programa que entreg\u00f3 a los presentes, y concluy\u00f3 diciendo: \u00abVayan adelante: siempre en movimiento&#8230; \u00a1No se detengan nunca! \u00a1Siempre en movimiento!\u00bb.<\/p>\n<p><img loading=\"lazy\" decoding=\"async\" class=\"alignright size-full wp-image-114955\" src=\"https:\/\/www.focolare.org\/wp-content\/uploads\/2014\/11\/20141122Francesco-JMoran.jpg\" alt=\"20141122Francesco-JMoran\" width=\"410\" height=\"325\" \/><strong>\u00abPara m\u00ed, que participaba por vez primera en un encuentro de este tipo<\/strong>, la experiencia ha sido verdaderamente extraordinaria &#8211; afirma Jes\u00fas Mor\u00e1n -. He saboreado una comuni\u00f3n especial con muchos Movimientos y Comunidades en este <em>kairos<\/em> o tiempo de Dios formidable que vive la Iglesia con el don del Papa Francisco. A este respecto, he vuelto a sentir con una nueva fuerza su llamada a la conversi\u00f3n misionera, que interpela a todos los carismas y los lleva a alcanzar una madurez a la altura de los tiempos (dejando a un lado toda tentaci\u00f3n de autoreferencialidad) y una\u00a0radicalidad anclada en la frescura del carisma\u00bb.<\/p>\n<p><strong>\u00abUn <em>plus<\/em> de eclesialidad y de compromiso social\u00bb<\/strong> es la exigencia advertida todav\u00eda por Mor\u00e1n. \u00abEn este sentido &#8211; concluye &#8211; debemos tender hacia un modo de pensar verdaderamente \u201ctrinitario\u201d que cualifique con mayor profundidad nuestra comuni\u00f3n. No basta ya una colaboraci\u00f3n cualquiera y cordial sino un vivir el uno por el otro, un rec\u00edproco potenciarse y enriquecerse para poder salir y hacerse cargo juntos de los dolores de la humanidad \u00bb.<\/p>\n<p><a href=\"http:\/\/www.laici.va\/content\/laici\/es.html\" target=\"_blank\" rel=\"noopener\">www.laici.va<\/a><\/p>\n<p>&nbsp;<\/p>\n<p>&nbsp;<\/p>\n<p>&nbsp;<\/p>\n<p>&nbsp;<\/p>\n","protected":false},"excerpt":{"rendered":"<p>Misiones en las calles, comunidades para drogadictos, adoraci\u00f3n y trabajo, atenci\u00f3n a los ancianos y a las personas con discapacidad: los Movimientos juntos quieren anunciar la alegr\u00eda del Evangelio en todos los ambientes. El \u00e1pice del Congreso fue el encuentro con el papa Francisco.<\/p>\n","protected":false},"author":34,"featured_media":0,"comment_status":"open","ping_status":"open","sticky":false,"template":"","format":"standard","meta":{"give_campaign_id":0,"_seopress_robots_primary_cat":"","_seopress_titles_title":"","_seopress_titles_desc":"","_seopress_robots_index":"","_et_pb_use_builder":"","_et_pb_old_content":"","_et_gb_content_width":"","footnotes":""},"categories":[46],"tags":[],"class_list":["post-323662","post","type-post","status-publish","format-standard","hentry","category-sin-categorizar"],"_links":{"self":[{"href":"https:\/\/www.focolare.org\/es\/wp-json\/wp\/v2\/posts\/323662","targetHints":{"allow":["GET"]}}],"collection":[{"href":"https:\/\/www.focolare.org\/es\/wp-json\/wp\/v2\/posts"}],"about":[{"href":"https:\/\/www.focolare.org\/es\/wp-json\/wp\/v2\/types\/post"}],"author":[{"embeddable":true,"href":"https:\/\/www.focolare.org\/es\/wp-json\/wp\/v2\/users\/34"}],"replies":[{"embeddable":true,"href":"https:\/\/www.focolare.org\/es\/wp-json\/wp\/v2\/comments?post=323662"}],"version-history":[{"count":0,"href":"https:\/\/www.focolare.org\/es\/wp-json\/wp\/v2\/posts\/323662\/revisions"}],"wp:attachment":[{"href":"https:\/\/www.focolare.org\/es\/wp-json\/wp\/v2\/media?parent=323662"}],"wp:term":[{"taxonomy":"category","embeddable":true,"href":"https:\/\/www.focolare.org\/es\/wp-json\/wp\/v2\/categories?post=323662"},{"taxonomy":"post_tag","embeddable":true,"href":"https:\/\/www.focolare.org\/es\/wp-json\/wp\/v2\/tags?post=323662"}],"curies":[{"name":"wp","href":"https:\/\/api.w.org\/{rel}","templated":true}]}}