{"id":323676,"date":"2014-11-30T04:00:54","date_gmt":"2014-11-30T03:00:54","guid":{"rendered":"https:\/\/www.focolare.org\/religiosos-nuevo-impulso-a-la-espiritualidad-de-comunion\/"},"modified":"2024-05-16T14:48:29","modified_gmt":"2024-05-16T12:48:29","slug":"religiosos-nuevo-impulso-a-la-espiritualidad-de-comunion","status":"publish","type":"post","link":"https:\/\/www.focolare.org\/es\/religiosos-nuevo-impulso-a-la-espiritualidad-de-comunion\/","title":{"rendered":"Religiosos, nuevo impulso a la espiritualidad de comuni\u00f3n"},"content":{"rendered":"<p><p><img loading=\"lazy\" decoding=\"async\" class=\"alignleft size-full wp-image-115210\" src=\"https:\/\/www.focolare.org\/wp-content\/uploads\/2014\/11\/Anno-vita-consacrata_11.jpg\" alt=\"Anno vita consacrata_1\" width=\"376\" height=\"210\" \/><strong>\u00abEl motivo principal de esta carta es el de atraer la atenci\u00f3n sobre el A\u00f1o de la Vida Consagrada <\/strong> que comienza el domingo 30 de noviembre. De varias partes del mundo nos llegan noticias de iniciativas locales, diocesanas y nacionales. Estamos seguros de la adhesi\u00f3n de ustedes a estas iniciativas sobre la base de las posibilidades que cada persona individualmente o como grupo considere oportuno\u00bb <strong>Es la invitaci\u00f3n que hacen los centros internacionales de los religiosos y de las religiosas<\/strong> a todos los que, de diversas familias religiosas en el mundo, comparten la espiritualidad<strong> de los Focolares,<\/strong> una invitaci\u00f3n que est\u00e1 muy en sinton\u00eda con todo lo que escribe el papa Francisco en su<strong> <a href=\"http:\/\/w2.vatican.va\/content\/francesco\/es\/apost_letters\/documents\/papa-francesco_lettera-ap_20141121_lettera-consacrati.html\" target=\"_blank\" rel=\"noopener\">carta a todos los consagrados.<\/a><\/strong><\/p>\n<p><strong>Las iniciativas son abundantes, comunicamos algunos ejemplos: <\/strong> en la di\u00f3cesis de Homa Bay (<a href=\"https:\/\/www.focolare.org\/es\/focolare-worldwide\/africa\/kenya\/\">Kenia<\/a>) el obispo confi\u00f3 a un grupo de religiosos, hermanas y sacerdotes, guiado por Fray Leo van deWeijer CMM, la coordinaci\u00f3n de las iniciativas sobre la Vida Consagrada de este a\u00f1o. El 24, 25 y 26 de noviembre en Nairobi, se debutar\u00e1 con un seminario al que est\u00e1n invitados todos los grupos de las otras di\u00f3cesis. Estos d\u00edas de reflexi\u00f3n y estudio concluir\u00e1n el 27 de noviembre con una celebraci\u00f3n por el inicio del A\u00f1o de la vida consagrada presidida por el Cardenal y el Nuncio.<\/p>\n<p><strong>Tambi\u00e9n la prensa, y sobre todo las publicaciones sobre la vida consagrada <\/strong>hablan de este A\u00f1o especial. En \u2018<em>Vida Religiosa\u2019 <\/em>de noviembre se lee que \u00abel papa Francisco lanz\u00f3 el A\u00f1o de la Vida Consagrada porque percibe que la Iglesia y la humanidad entera tienen necesidad de la fidelidad, de la alegr\u00eda y de la capacidad de renovaci\u00f3n que el Se\u00f1or ha puesto en la vida religiosa. Y \u00e9l cree en esto. Nos invita a ser fieles al proyecto en el que el Padre nos ha involucrado por el bien de toda la humanidad\u00bb. Por su parte, en <em>U<\/em><em>nidad y Carismas, <\/em>en sus varias ediciones idiom\u00e1ticas, dedicar\u00e1 al tema un n\u00famero especial en el a\u00f1o 2015. Tambien en <a href=\"https:\/\/www.focolare.org\"><strong>www.focolare.org<\/strong><\/a> habr\u00e1 una secci\u00f3n que seguir\u00e1 con atenci\u00f3n los principales encuentros de este a\u00f1o, dando espacio sobre todo a la vida de muchos religiosos y religiosas que ofrecen al mundo un testimonio por sus elecciones valientes.<\/p>\n<p>En la carta se plantea la pregunta sobre cu\u00e1l podr\u00eda ser \u00abla <em>contribuci\u00f3n espec\u00edfica<\/em> que el Esp\u00edritu Santo sugiere para este A\u00f1o de la Vida Consagrada\u00bb a los religiosos y a las religiosas que conocen y viven la espiritualidad de la unidad. Esta<em> caracteristica espec\u00edfica <\/em> est\u00e1 indicado a trav\u00e9s de dos desaf\u00edos que exigen en su respuesta \u00abinventiva y creatividad, que se concreten en la vida de las personas o del grupo, con una particular atenci\u00f3n hacia los j\u00f3venes religiosos\u00bb.<\/p>\n<p>Se trata de \u00ab<strong>dar un nuevo impulso a la espiritualidad de comuni\u00f3n <\/strong>indicada por S. Juan Pablo II en la <strong><a href=\"http:\/\/www.vatican.va\/holy_father\/john_paul_ii\/apost_letters\/2001\/documents\/hf_jp-ii_apl_20010106_novo-millennio-ineunte_sp.html\" target=\"_blank\" rel=\"noopener\">Novo Millennio Ineunte<\/a>\u201d, <\/strong> adem\u00e1s, de dar \u00abuna ulterior contribuci\u00f3n, tal vez menos evidente pero seguramente m\u00e1s eficaz y apreciada\u00bb <strong>entrando \u00aben todas las llagas de la vida consagrada de hoy\u00bb <\/strong> reconociendo en ellas la presencia de <a href=\"https:\/\/www.focolare.org\/de\/chiara-lubich\/spiritualita-dellunita\/gesu-abbandonato\/\">Jes\u00fas en su Abandono,<\/a> \u00abpara abrazarlo y asumirlo\u00bb.<\/p>\n<p>En este momento, en que todo el Movimiento de los Focolares es enviado \u2013seg\u00fan la orientaci\u00f3n de la Asamblea General y seg\u00fan la invitaci\u00f3n del papa Francisco \u2013 a <em>salir, juntos y oportunamente preparados, <\/em> los religiosos se disponen a vivir con este esp\u00edritu la etapa de este a\u00f1o. \u00abQuisi\u00e9ramos comenzar con esta alma \u2013 concluye la carta- participando en la apertura del A\u00f1o de la Vida Consagrada con un solo coraz\u00f3n, como un solo cuerpo\u00bb.<\/p><\/p>\n","protected":false},"excerpt":{"rendered":"<p>Comienza el a\u00f1o de la Vida Consagrada: los religiosos del Movimiento de los Focolares escriben una carta a todos los hermanos y hermanas de varias familias religiosas, que viven la espiritualidad de la unidad, interrog\u00e1ndose sobre la propia y espec\u00edfica contribuci\u00f3n.<\/p>\n","protected":false},"author":34,"featured_media":0,"comment_status":"open","ping_status":"open","sticky":false,"template":"","format":"standard","meta":{"give_campaign_id":0,"_seopress_robots_primary_cat":"","_seopress_titles_title":"","_seopress_titles_desc":"","_seopress_robots_index":"","_et_pb_use_builder":"","_et_pb_old_content":"","_et_gb_content_width":"","footnotes":""},"categories":[46],"tags":[],"class_list":["post-323676","post","type-post","status-publish","format-standard","hentry","category-sin-categorizar"],"_links":{"self":[{"href":"https:\/\/www.focolare.org\/es\/wp-json\/wp\/v2\/posts\/323676","targetHints":{"allow":["GET"]}}],"collection":[{"href":"https:\/\/www.focolare.org\/es\/wp-json\/wp\/v2\/posts"}],"about":[{"href":"https:\/\/www.focolare.org\/es\/wp-json\/wp\/v2\/types\/post"}],"author":[{"embeddable":true,"href":"https:\/\/www.focolare.org\/es\/wp-json\/wp\/v2\/users\/34"}],"replies":[{"embeddable":true,"href":"https:\/\/www.focolare.org\/es\/wp-json\/wp\/v2\/comments?post=323676"}],"version-history":[{"count":0,"href":"https:\/\/www.focolare.org\/es\/wp-json\/wp\/v2\/posts\/323676\/revisions"}],"wp:attachment":[{"href":"https:\/\/www.focolare.org\/es\/wp-json\/wp\/v2\/media?parent=323676"}],"wp:term":[{"taxonomy":"category","embeddable":true,"href":"https:\/\/www.focolare.org\/es\/wp-json\/wp\/v2\/categories?post=323676"},{"taxonomy":"post_tag","embeddable":true,"href":"https:\/\/www.focolare.org\/es\/wp-json\/wp\/v2\/tags?post=323676"}],"curies":[{"name":"wp","href":"https:\/\/api.w.org\/{rel}","templated":true}]}}