{"id":323720,"date":"2014-12-17T04:07:48","date_gmt":"2014-12-17T03:07:48","guid":{"rendered":"https:\/\/www.focolare.org\/budistas-y-cristianos-senderos-para-nuestro-tiempo\/"},"modified":"2024-05-16T14:48:37","modified_gmt":"2024-05-16T12:48:37","slug":"budistas-y-cristianos-senderos-para-nuestro-tiempo","status":"publish","type":"post","link":"https:\/\/www.focolare.org\/es\/budistas-y-cristianos-senderos-para-nuestro-tiempo\/","title":{"rendered":"Budistas y cristianos, senderos para nuestro tiempo"},"content":{"rendered":"<p><img loading=\"lazy\" decoding=\"async\" class=\"alignright wp-image-116164\" src=\"https:\/\/www.focolare.org\/wp-content\/uploads\/2014\/12\/2014-12-11-Meeting-group-2.jpg\" alt=\"2014 12 11 Meeting group 2\" width=\"380\" height=\"198\" \/>  <strong>\u00bfUna Europa algo cansada y pesimista? <\/strong>Puede ser. En estos t\u00e9rminos habl\u00f3 tambi\u00e9n el papa Francisco durante su <a href=\"https:\/\/w2.vatican.va\/content\/francesco\/es\/travels\/2014\/outside\/documents\/papa-francesco-strasburgo-2014.html\">visita al Consejo Europeo<\/a> en Estrasburgo. Son numerosos los desaf\u00edos que Europa, y todo el mundo, deben afrontar.  <strong>El congreso de di\u00e1logo entre budistas y cristianos, <\/strong>que tuvo lugar, el 10 de diciembre, en la Pontificia Universidad Urbaniana, trat\u00f3 de transmitir un mensaje com\u00fan de esperanza para que el mundo no gire s\u00f3lo alrededor del inter\u00e9s econ\u00f3mico, sino que tenga en su coraz\u00f3n una orientaci\u00f3n antropol\u00f3gica que afirme la sacralidad de la persona humana.  <strong>El evento fue promovido <\/strong>por la Oficina Nacional para el Ecumenismo y el Di\u00e1logo interreligioso de la Conferencia Episcopal italiana (UNEDI), por el Consejo Pontificio para el di\u00e1logo interreligioso, por la Uni\u00f3n Budista Italiana, y varios organismos cristianos y budistas.  <strong>La crisis vista desde varias perspectivas: <\/strong>la antropol\u00f3gico-teol\u00f3gica para poner los cimientos, y la econ\u00f3mico-financiera para ofrecer algunos imput. Las palabras de<strong> Vincenzo Giorgino<\/strong> de la Universidad de Tur\u00edn, y de <strong>Luigino Bruni<\/strong> de la Universidad de Lumsa de Roma, uno budista y otro cristiano, ten\u00edan el objetivo de profundizar en la crisis y en la incertidumbre del hombre contempor\u00e1neo. A partir de all\u00ed surigieron algunas ideas para estudiar y reflexionar sobre el capitalismo que puede ser superado mediante nuevos paradigmas como el de la Econom\u00eda de Comuni\u00f3n.  <strong>Se presentaron despu\u00e9s una serie de testimonios sobre la lucha contra la crisis.<\/strong> La Comunidad de San Egidio habl\u00f3 de c\u00f3mo avanzan por su camino, que est\u00e1 hecho de oraci\u00f3n, los pobres y la paz; las hermanas de Madre Teresa de Calcuta hablaron de c\u00f3mo ayudan a las madres solteras en Italia; el Movimiento de los Focolares se refiri\u00f3 al apoyo a los inmigrantes que llegan a Lampedusa y sobre el camino de fraternidad iniciado con los musulmanes en Sicilia. Por la parte budista, <a href=\"http:\/\/rkina.org\/risshokoseikai.html\">la Rissho Kosei-kai <\/a>de Jap\u00f3n dio un testimonio de c\u00f3mo recogen fondos con la campa\u00f1a <em>Skip a meal <\/em>(salta una comida) ante situaciones de pobreza, emergencias, necesidades educativas, ambientales, de los refugiados, y otras. La <a href=\"http:\/\/tw.tzuchi.org\/en\/\">Fundaci\u00f3n Tzu-chi de Taiw\u00e1n<\/a>, iniciada por un peque\u00f1o grupo de monjas budistas y de amas de casa, cuenta con 10 millones de voluntarios y donadores y pudo enviar ayuda a 85 pa\u00edses.  <img loading=\"lazy\" decoding=\"async\" class=\"alignleft wp-image-116165\" src=\"https:\/\/www.focolare.org\/wp-content\/uploads\/2014\/12\/CG1_2836.jpg\" alt=\"CG1_2836\" width=\"380\" height=\"253\" \/><strong>Al <strong>d\u00eda siguiente, la delegaci\u00f3n de la Fundaci\u00f3n Tzu-chi, <\/strong><\/strong>guiada por su portavoz el <strong>Rey-Shen Her,<\/strong> fue recibida en la sede internacional del <a href=\"https:\/\/www.focolare.org\/es\/movimento-dei-focolari\/\">Movimiento de los Focolares<\/a> para un encuentro de conocimiento rec\u00edproco. Estuvieron presentes algunos amigos budistas de Roma y miembros de los Focolares comprometidos en varios \u00e1mbitos. Tzu-chi, que en chino quiere decir \u201ccompasi\u00f3n y socorro\u201d, es la organizaci\u00f3n budista de obras de caridad m\u00e1s grande del mundo. Fue fundada en 1966 por Cheng Yen, monja budista, ganadora del Premio Niwano por la Paz 2007.  \u00abDespu\u00e9s de las respectivas presentaciones de la espiritualidad y las actividades, si bien muy sint\u00e9ticas, sigui\u00f3 un di\u00e1logo abierto y se pudieron identificar algunas caracter\u00edsticas comunes\u00bb, explic\u00f3 <strong>Christina Lee<\/strong>, del <a href=\"https:\/\/www.focolare.org\/es\/in-dialogo\/grandi-religioni\/\">Centro para el di\u00e1logo interreligioso<\/a> de los Focolares: \u00abambas fueron fundadas por una mujer, viven la cultura del dar, subrayan el sentido de familia, el amor rec\u00edproco y el altruismo\u00bb, por ejemplo.  Respondiendo a las preguntas, <strong>el prof. Her <\/strong>afirm\u00f3 que \u00ablas actividades de compasi\u00f3n hacia los necesitados nos purifican\u00bb. \u00abSomos conscientes de que nuestro encuentro con el otro, o est\u00e1 lleno de humanidad y de compasi\u00f3n o fracasa en su misi\u00f3n, es decir, llevar a Dios a los hombres de hoy, en forma discreta y a veces escondida, pero no por eso eso menos aut\u00e9ntica y significativa\u00bb,\u00a0concluy\u00f3 el padre <strong>Cristiano Bettega, director de la UNEDI.<\/strong>  \u00abSon palabras \u2013afirma Christina Lee \u2013 que a nosotros nos hacen recordar las de <a href=\"https:\/\/www.focolare.org\/chiara-lubich\/\">Chiara Lubich<\/a>, cuando dijo que \u201cvamos a Dios a trav\u00e9s del hermano\u201d. Son elementos que nos unen en el camino com\u00fan hacia la fraternidad universal y por el bien de la humanidad\u00bb.<\/p>\n","protected":false},"excerpt":{"rendered":"<p>M\u00e1s de 200 estudiantes en la Universidad Urbaniana para reflexionar, desde la \u00f3ptica budista y  cristiana, sobre las reca\u00eddas antropol\u00f3gicas de la crisis. Una esperanza que proviene de las religiones.<\/p>\n","protected":false},"author":27,"featured_media":0,"comment_status":"open","ping_status":"open","sticky":false,"template":"","format":"standard","meta":{"give_campaign_id":0,"_seopress_robots_primary_cat":"","_seopress_titles_title":"","_seopress_titles_desc":"","_seopress_robots_index":"","_et_pb_use_builder":"","_et_pb_old_content":"","_et_gb_content_width":"","footnotes":""},"categories":[46],"tags":[],"class_list":["post-323720","post","type-post","status-publish","format-standard","hentry","category-sin-categorizar"],"_links":{"self":[{"href":"https:\/\/www.focolare.org\/es\/wp-json\/wp\/v2\/posts\/323720","targetHints":{"allow":["GET"]}}],"collection":[{"href":"https:\/\/www.focolare.org\/es\/wp-json\/wp\/v2\/posts"}],"about":[{"href":"https:\/\/www.focolare.org\/es\/wp-json\/wp\/v2\/types\/post"}],"author":[{"embeddable":true,"href":"https:\/\/www.focolare.org\/es\/wp-json\/wp\/v2\/users\/27"}],"replies":[{"embeddable":true,"href":"https:\/\/www.focolare.org\/es\/wp-json\/wp\/v2\/comments?post=323720"}],"version-history":[{"count":0,"href":"https:\/\/www.focolare.org\/es\/wp-json\/wp\/v2\/posts\/323720\/revisions"}],"wp:attachment":[{"href":"https:\/\/www.focolare.org\/es\/wp-json\/wp\/v2\/media?parent=323720"}],"wp:term":[{"taxonomy":"category","embeddable":true,"href":"https:\/\/www.focolare.org\/es\/wp-json\/wp\/v2\/categories?post=323720"},{"taxonomy":"post_tag","embeddable":true,"href":"https:\/\/www.focolare.org\/es\/wp-json\/wp\/v2\/tags?post=323720"}],"curies":[{"name":"wp","href":"https:\/\/api.w.org\/{rel}","templated":true}]}}