{"id":323762,"date":"2014-12-26T08:26:44","date_gmt":"2014-12-26T07:26:44","guid":{"rendered":"https:\/\/www.focolare.org\/lucio-dal-soglio-su-navidad\/"},"modified":"2024-05-16T14:48:44","modified_gmt":"2024-05-16T12:48:44","slug":"lucio-dal-soglio-su-navidad","status":"publish","type":"post","link":"https:\/\/www.focolare.org\/es\/lucio-dal-soglio-su-navidad\/","title":{"rendered":"Lucio Dal Soglio, su Navidad"},"content":{"rendered":"<p><p><img loading=\"lazy\" decoding=\"async\" class=\"alignright  wp-image-116662\" src=\"https:\/\/www.focolare.org\/wp-content\/uploads\/2014\/12\/LucioDalSoglio1.jpg\" alt=\"LucioDalSoglio\" width=\"178\" height=\"258\" \/><strong>\u201cTe fuiste en silencio, casi furtivamente y sin molestar.<\/strong> Tal vez deseabas llegar a tiempo para celebrar tu Navidad definitiva, la de la Vida, all\u00e1 arriba,&#8230;.\u201d, escribe uno de los focolarinos que vivi\u00f3 con \u00e9l en los \u00faltimos a\u00f1os en Rocca di Papa.<\/p>\n<p><strong>Nace en Vicenza (Italia) el 22 de febrero de 1927.<\/strong> Conoce el Ideal de la unidad en Pisa en el \u201952, siendo estudiante de la Facultad de Medicina. Despu\u00e9s de vivir algunos a\u00f1os en Roma, Pescara y Tur\u00edn, se produce un gran cambio: \u00c1frica.<\/p>\n<p>Transcurr\u00edan los primeros d\u00edas de octubre del \u201962 cuando <a href=\"https:\/\/www.focolare.org\/es\/chiara-lubich\/chi-e-chiara\/\">Chiara Lubich<\/a> y Padre Foresi le preguntaron a \u00e9l y a Nicasio Triolo, otro m\u00e9dico focolarino: \u201c\u00bfEst\u00e1n dispuestos a partir para \u00c1frica?\u201d<\/p>\n<p><strong>El 11 de febrero del \u201963 llega a Camer\u00fan, junto con Danilo Gioacchin<\/strong>, veterinario, veneto como Lucio. La vida en \u00c1frica es un cotidiano preguntarse sobre la realidad circundante, en una actitud de honesto y desarmado respeto hacia una cultura hasta el momento completamente extra\u00f1a y tambi\u00e9n con un gran respeto hacia sus habitantes. Estupor, incertidumbre, descubrimientos y percepciones agudas de los l\u00edmites frente al misterio, pero sobre todo apertura incondicional a los planes de ese Dios que transformar\u00e1 todo en un magn\u00edfico \u201ccanto de amor\u201d que transcurre paralelamente a <strong>la fundaci\u00f3n del Movimiento y a la irradiaci\u00f3n del <a href=\"https:\/\/www.focolare.org\/es\/chiara-lubich\/spiritualita-dellunita\/\">Ideal de la unidad<\/a> en el continente africano.<\/strong> Este per\u00edodo tan particular, Lucio lo vivir\u00e1 en estrecha relaci\u00f3n con <strong>Chiara Lubich, que viajar\u00e1 a Camer\u00fan en el \u201965, \u201966 y en el \u201969<\/strong>. M\u00e1s adelante, en el \u201992, Chiara ir\u00e1 a <a href=\"https:\/\/www.focolare.org\/es\/focolare-worldwide\/africa\/kenya\/\">Kenia<\/a> y nuevamente a <strong>Fontem (Camer\u00fan)<\/strong>, donde, durante ese tiempo, hab\u00eda nacido <strong>la primera ciudadela de los Focolares en \u00c1frica<\/strong>. <strong>En el 2000 Chiara visita \u00c1frica por \u00faltima vez.<\/strong> Lucio est\u00e1 content\u00edsimo cuando constata que \u201cen el lapso de 35 a\u00f1os el sue\u00f1o de Chiara se convirti\u00f3 en una realidad, que Dios est\u00e1, que el amor es verdadero y que el amor mutuo es el secreto de la felicidad: y esto es as\u00ed porque la Virgen nos abraz\u00f3 a todos en una sola familia\u201d.<\/p>\n<div id=\"attachment_116655\" style=\"width: 360px\" class=\"wp-caption alignleft\"><a href=\"https:\/\/www.focolare.org\/wp-content\/uploads\/2014\/12\/Lucio-e-Marilen-a-Fontem.jpg\"><img loading=\"lazy\" decoding=\"async\" aria-describedby=\"caption-attachment-116655\" class=\"wp-image-116655\" src=\"https:\/\/www.focolare.org\/wp-content\/uploads\/2014\/12\/Lucio-e-Marilen-a-Fontem.jpg\" alt=\"FONTEM 1970-75\" width=\"350\" height=\"233\" \/><\/a><p id=\"caption-attachment-116655\" class=\"wp-caption-text\">Desde la izquierda: Lucio Dal Soglio, Georges Mani, Dominic Nyukilim, Teresina Tumuhairwe, Benedict Murac Manjo, Marilen Holzhauser, d. Adolfo Raggio, Nicolette Manka Ndingsa.<\/p><\/div>\n<p><strong>A Lucio no le gustaba hablar de s\u00ed mismo, no se pon\u00eda nunca como modelo, no aparec\u00eda.<\/strong> Pero para aqu\u00e9llos que tuvieron la fortuna de conocerlo, Lucio fue un \u201cgran Baobab\u201d \u2013 como algunos amigos africanos escribieron en estos d\u00edas. Son much\u00edsimos los ecos que llegan desde \u00c1frica: \u201cNo estaremos nunca suficientemente agradecidos a \u00e9l por todo lo que hizo por la Obra de Mar\u00eda aqu\u00ed en \u00c1frica!!!\u201d. \u201cSu amor hacia el hombre era infinito, porque para \u00e9l cada hombre era Cristo, a quien Lucio amaba sin medida&#8230;\u201d \u201cLo recordamos sobre todo por su radicalidad y sinceridad en vivir el Evangelio, era un hermano mayor, un amigo verdadero que nos acompa\u00f1\u00f3 siempre en este \u2018santo viaje\u2019 de la vida\u201d. \u201cImagino a \u2018Mar\u00eda Africana\u2019 con los brazos abiertos de par en par para recibir a este hijo suyo predilecto junto con muchos otros que vivieron, sufrieron, trabajaron y amaron sin medida para llevar el Ideal de la unidad a la tierra africana. \u00c9ste no es un momento de tristeza, sino de agradecimiento profundo a Dios por el don de haber recorrido un tramo de nuestro santo viaje con <strong>Lucio que nos hizo de padre, de hermano mayor y de amigo\u201d.<\/strong><\/p>\n<p>La palabra del Evangelio que Chiara Lubich le hab\u00eda indicado como faro para su vida, era: \u201cY dejando las noventa y nueve, fue a buscar a la oveja perdida\u201d (Mt 18, 12).<\/p>\n<p>\u201cRezamos por \u00e9l \u2013 escribe <a href=\"https:\/\/www.focolare.org\/es\/news\/2014\/09\/15\/maria-voce\/\">Mar\u00eda Voce<\/a> a los miembros de los Focolares- y le pedimos que ayude a toda la Obra de Mar\u00eda a cumplir el designio de Dios, para que todos sean uno\u201d.<\/p>\n<p>&nbsp;<\/p><\/p>\n","protected":false},"excerpt":{"rendered":"<p>El 23 de diciembre pasado, falleci\u00f3 Lucio Dal Soglio. Fue el primero en llevar la espiritualidad de los Focolares a \u00c1frica. El pueblo africano y el Movimiento de los Focolares en el mundo lo recuerdan con inmensa gratitud.<\/p>\n","protected":false},"author":33,"featured_media":0,"comment_status":"open","ping_status":"open","sticky":false,"template":"","format":"standard","meta":{"give_campaign_id":0,"_seopress_robots_primary_cat":"","_seopress_titles_title":"","_seopress_titles_desc":"","_seopress_robots_index":"","_et_pb_use_builder":"","_et_pb_old_content":"","_et_gb_content_width":"","footnotes":""},"categories":[904],"tags":[],"class_list":["post-323762","post","type-post","status-publish","format-standard","hentry","category-focolare-worldwide-2-2"],"_links":{"self":[{"href":"https:\/\/www.focolare.org\/es\/wp-json\/wp\/v2\/posts\/323762","targetHints":{"allow":["GET"]}}],"collection":[{"href":"https:\/\/www.focolare.org\/es\/wp-json\/wp\/v2\/posts"}],"about":[{"href":"https:\/\/www.focolare.org\/es\/wp-json\/wp\/v2\/types\/post"}],"author":[{"embeddable":true,"href":"https:\/\/www.focolare.org\/es\/wp-json\/wp\/v2\/users\/33"}],"replies":[{"embeddable":true,"href":"https:\/\/www.focolare.org\/es\/wp-json\/wp\/v2\/comments?post=323762"}],"version-history":[{"count":0,"href":"https:\/\/www.focolare.org\/es\/wp-json\/wp\/v2\/posts\/323762\/revisions"}],"wp:attachment":[{"href":"https:\/\/www.focolare.org\/es\/wp-json\/wp\/v2\/media?parent=323762"}],"wp:term":[{"taxonomy":"category","embeddable":true,"href":"https:\/\/www.focolare.org\/es\/wp-json\/wp\/v2\/categories?post=323762"},{"taxonomy":"post_tag","embeddable":true,"href":"https:\/\/www.focolare.org\/es\/wp-json\/wp\/v2\/tags?post=323762"}],"curies":[{"name":"wp","href":"https:\/\/api.w.org\/{rel}","templated":true}]}}