{"id":323764,"date":"2014-12-27T06:00:17","date_gmt":"2014-12-27T05:00:17","guid":{"rendered":"https:\/\/www.focolare.org\/palabra-de-vida-una-continua-novedad\/"},"modified":"2024-05-16T14:48:45","modified_gmt":"2024-05-16T12:48:45","slug":"palabra-de-vida-una-continua-novedad","status":"publish","type":"post","link":"https:\/\/www.focolare.org\/es\/palabra-de-vida-una-continua-novedad\/","title":{"rendered":"Palabra de Vida, una continua novedad"},"content":{"rendered":"<p><p><strong><a href=\"https:\/\/www.focolare.org\/wp-content\/uploads\/2014\/12\/FabioCiardi.jpg\"><img loading=\"lazy\" decoding=\"async\" class=\"alignleft wp-image-116684 size-full\" src=\"https:\/\/www.focolare.org\/wp-content\/uploads\/2014\/12\/FabioCiardi.jpg\" alt=\"Padre_FabioCiardi\" width=\"150\" height=\"200\" \/><\/a>Los comentarios a la Palabra de Vida del 2015 estar\u00e1n a cargo de Fabio Ciardi<\/strong>, oblato de Mar\u00eda Inmaculada. <strong>\u00bfPor <\/strong><strong>qu\u00e9<\/strong><strong>? <\/strong>La respuesta la encontramos en la revista Citt\u00e0 Nuova del 25 de noviembre, donde \u00e9l mismo contesta a la pregunta: \u00abTal vez porque viv\u00ed por muchos a\u00f1os al lado de <a href=\"https:\/\/www.focolare.org\/es\/chiara-lubich\/chi-e-chiara\/\">Chiara Lubich<\/a>, trabajando con ella sobre todo en el \u00e1mbito de la teolog\u00eda espiritual. Ya en los \u00faltimos tiempos, cuando estaba enferma, pude colaborar con ella en la preparaci\u00f3n de los comentarios a la Palabra de Vida. Espero que mi prolongada presencia en la Escuela Abba \u2013 el equipo que estudia los textos que han marcado el periodo fundacional del carisma de la unidad \u2013 me haya permitido asimilar un poco de su sabidur\u00eda y expresarla tambi\u00e9n en estos nuevos comentarios\u00bb.<\/p>\n<p><strong>Generaciones de cristianos han vivido la Palabra de Dios. \u00bfCu\u00e1l es la novedad introducida por Chiara Lubich?<\/strong> Se pregunta adem\u00e1s en la entrevista. \u00abHabitualmente nos detenemos en meditar o rezar la Palabra. Aqu\u00ed se nos pide ponerla en pr\u00e1ctica, transformarla en vida, como exhorta Santiago: \u201cSed hacedores de la palabra y no solamente oidores\u201d (Santiago 1,22). La escucha aut\u00e9ntica, la del coraz\u00f3n y no s\u00f3lo del o\u00eddo, equivale a la asimilaci\u00f3n e interiorizaci\u00f3n de la Palabra, de manera tal que pueda impregnar de ella toda la existencia cristiana. Chiara adem\u00e1s focaliz\u00f3 la atenci\u00f3n sobre la <strong>dimensi\u00f3n social de la Palabra de Dios<\/strong>: ella debe poder generar una comunidad cristiana. En este sentido es muy \u00fatil la \u201ccomuni\u00f3n sobre la Palabra de Vida\u201d, es decir la comunicaci\u00f3n, entre los que la viven, de los efectos que ella produce, a fin de ayudarse a descubrir todas sus potencialidades\u00bb.<\/p>\n<p>\u00abSi observamos bien, antes de ser nosotros quienes vivimos la Palabra, es la Palabra la que nos hace vivir\u00bb, contin\u00faa. \u00abEl destino de la Palabra, escribi\u00f3 Chiara, es el de \u201cser \u2018comida\u2019 para dar vida a Cristo en nosotros y a Cristo entre nosotros\u201d. Relatando la experiencia vivida en los inicios del Movimiento, afirmaba: \u201cNos nutr\u00edamos de ella todos los momentos de nuestra vida. Es as\u00ed: como el cuerpo respira para vivir, as\u00ed el alma, para vivir, viv\u00eda la Palabra\u201d\u00bb.<\/p>\n<p>En la entrevista a Citt\u00e0 Nuova, el Padre Ciardi remarca: \u00abDando continuidad a la tradici\u00f3n abierta por Chiara, estamos llamados a seguir interpelando la Escritura, exactamente como hac\u00eda ella, porque contiene siempre nuevas respuestas a situaciones cada vez distintas\u00bb. Y agrega: \u00abSus comentarios permanecen como un precioso tesoro al que seguiremos recurriendo, y ser\u00e1n siempre objeto de meditaci\u00f3n y fuente de inspiraci\u00f3n\u00bb.<\/p>\n<p>Y concluye: \u00abSoy consciente de que la m\u00eda es s\u00f3lo una peque\u00f1a introducci\u00f3n a la lectura de la Palabra de Vida. Es ella la que finalmente queda en el lector, no el comentario, y es ella la que da fruto\u00bb.<\/p>\n<p><strong>Fuente:<\/strong> Citt\u00e0 Nuova, 25 de noviembre de 2014<\/p>\n<p><strong>\u00a0<\/strong><\/p>\n<p>&nbsp;<\/p><\/p>\n","protected":false},"excerpt":{"rendered":"<p>Desde el mes de enero y durante todo el 2015, el comentario a la frase de la Sagrada escritura, elegida cada mes, llevar\u00e1 la firma de padre Fabio Ciardi.<\/p>\n","protected":false},"author":34,"featured_media":0,"comment_status":"open","ping_status":"open","sticky":false,"template":"","format":"standard","meta":{"give_campaign_id":0,"_seopress_robots_primary_cat":"","_seopress_titles_title":"","_seopress_titles_desc":"","_seopress_robots_index":"","_et_pb_use_builder":"","_et_pb_old_content":"","_et_gb_content_width":"","footnotes":""},"categories":[46],"tags":[],"class_list":["post-323764","post","type-post","status-publish","format-standard","hentry","category-sin-categorizar"],"_links":{"self":[{"href":"https:\/\/www.focolare.org\/es\/wp-json\/wp\/v2\/posts\/323764","targetHints":{"allow":["GET"]}}],"collection":[{"href":"https:\/\/www.focolare.org\/es\/wp-json\/wp\/v2\/posts"}],"about":[{"href":"https:\/\/www.focolare.org\/es\/wp-json\/wp\/v2\/types\/post"}],"author":[{"embeddable":true,"href":"https:\/\/www.focolare.org\/es\/wp-json\/wp\/v2\/users\/34"}],"replies":[{"embeddable":true,"href":"https:\/\/www.focolare.org\/es\/wp-json\/wp\/v2\/comments?post=323764"}],"version-history":[{"count":0,"href":"https:\/\/www.focolare.org\/es\/wp-json\/wp\/v2\/posts\/323764\/revisions"}],"wp:attachment":[{"href":"https:\/\/www.focolare.org\/es\/wp-json\/wp\/v2\/media?parent=323764"}],"wp:term":[{"taxonomy":"category","embeddable":true,"href":"https:\/\/www.focolare.org\/es\/wp-json\/wp\/v2\/categories?post=323764"},{"taxonomy":"post_tag","embeddable":true,"href":"https:\/\/www.focolare.org\/es\/wp-json\/wp\/v2\/tags?post=323764"}],"curies":[{"name":"wp","href":"https:\/\/api.w.org\/{rel}","templated":true}]}}