{"id":323786,"date":"2015-01-06T05:00:53","date_gmt":"2015-01-06T04:00:53","guid":{"rendered":"https:\/\/www.focolare.org\/aparicion-del-senor-a-los-magos\/"},"modified":"2024-05-16T14:48:49","modified_gmt":"2024-05-16T12:48:49","slug":"aparicion-del-senor-a-los-magos","status":"publish","type":"post","link":"https:\/\/www.focolare.org\/es\/aparicion-del-senor-a-los-magos\/","title":{"rendered":"Aparici\u00f3n del Se\u00f1or a los Magos"},"content":{"rendered":"<p><img loading=\"lazy\" decoding=\"async\" class=\"alignright size-full wp-image-116943\" src=\"https:\/\/www.focolare.org\/wp-content\/uploads\/2015\/01\/20150106-01.jpeg\" alt=\"20150106-01\" width=\"247\" height=\"235\" \/><strong>La estrella nos invita a ponernos en camino;<\/strong> la estrella quiere liberarnos de las cadenas que nos mantienen atados a nosotros mismos o a un sistema puro y simple; quiere animarnos a andar, quiere encaminarnos hacia un lugar en donde nunca hemos estado.  <strong>Esto quiere la estrella.<\/strong> La naturaleza de esta estrella es ir m\u00e1s all\u00e1, aunque tambi\u00e9n se detiene.  Atraviesa el desierto y atraviesa las distancias m\u00e1s remotas, pero despu\u00e9s se detiene encima de la casa. \u00bfDe qu\u00e9\u00a0casa? Encima de mi escuela, por ejemplo, o de mi oficina, o sobre el lugar donde trabajo normalmente. <strong>All\u00ed se detiene la estrella y dice: \u201c\u00c9ste es el lugar: \u00a1aqu\u00ed!\u201d.<\/strong>  Y despu\u00e9s, cuando regreso a casa, se detiene sobre mi casa, sobre mi peque\u00f1o mundo: all\u00ed se detiene la estrella.  <strong>Es en el lugar donde estoy donde debo encontrar lo m\u00e1s precioso,<\/strong> Aquello que m\u00e1s vale. Pero lo m\u00e1s precioso, lo m\u00e1s importante, lo encuentro aqu\u00ed a mi lado\u00a0s\u00f3lo cuando descubro que la estrella se detiene tambi\u00e9n sobre la casa de mi pr\u00f3jimo. <strong>Es all\u00ed donde puedo encontrar a Jes\u00fas.<\/strong>  &nbsp;  <em><strong>(K. Hemmerle, La luce dentro le cose. Meditazioni per ogni giorno. (La luz dentro de las cosas. Meditaciones para cada d\u00eda). Citt\u00e0 Nuova, Roma 1998<\/strong><\/em><\/p>\n","protected":false},"excerpt":{"rendered":"<p>La estrella que gui\u00f3 a los Magos hacia el Ni\u00f1o de Bel\u00e9n, tambi\u00e9n hoy nos invita a ponernos en movimiento en favor de nuestros hermanos. La reflexi\u00f3n de Klaus Hemmerle en un texto de 1993.<\/p>\n","protected":false},"author":34,"featured_media":0,"comment_status":"open","ping_status":"open","sticky":false,"template":"","format":"standard","meta":{"give_campaign_id":0,"_seopress_robots_primary_cat":"","_seopress_titles_title":"","_seopress_titles_desc":"","_seopress_robots_index":"","_et_pb_use_builder":"","_et_pb_old_content":"","_et_gb_content_width":"","footnotes":""},"categories":[46],"tags":[],"class_list":["post-323786","post","type-post","status-publish","format-standard","hentry","category-sin-categorizar"],"_links":{"self":[{"href":"https:\/\/www.focolare.org\/es\/wp-json\/wp\/v2\/posts\/323786","targetHints":{"allow":["GET"]}}],"collection":[{"href":"https:\/\/www.focolare.org\/es\/wp-json\/wp\/v2\/posts"}],"about":[{"href":"https:\/\/www.focolare.org\/es\/wp-json\/wp\/v2\/types\/post"}],"author":[{"embeddable":true,"href":"https:\/\/www.focolare.org\/es\/wp-json\/wp\/v2\/users\/34"}],"replies":[{"embeddable":true,"href":"https:\/\/www.focolare.org\/es\/wp-json\/wp\/v2\/comments?post=323786"}],"version-history":[{"count":0,"href":"https:\/\/www.focolare.org\/es\/wp-json\/wp\/v2\/posts\/323786\/revisions"}],"wp:attachment":[{"href":"https:\/\/www.focolare.org\/es\/wp-json\/wp\/v2\/media?parent=323786"}],"wp:term":[{"taxonomy":"category","embeddable":true,"href":"https:\/\/www.focolare.org\/es\/wp-json\/wp\/v2\/categories?post=323786"},{"taxonomy":"post_tag","embeddable":true,"href":"https:\/\/www.focolare.org\/es\/wp-json\/wp\/v2\/tags?post=323786"}],"curies":[{"name":"wp","href":"https:\/\/api.w.org\/{rel}","templated":true}]}}