{"id":323850,"date":"2015-01-21T08:57:06","date_gmt":"2015-01-21T07:57:06","guid":{"rendered":"https:\/\/www.focolare.org\/sophia-la-cultura-de-la-unidad-desde-el-pensamiento-latinoamericano\/"},"modified":"2024-05-16T14:49:01","modified_gmt":"2024-05-16T12:49:01","slug":"sophia-la-cultura-de-la-unidad-desde-el-pensamiento-latinoamericano","status":"publish","type":"post","link":"https:\/\/www.focolare.org\/es\/sophia-la-cultura-de-la-unidad-desde-el-pensamiento-latinoamericano\/","title":{"rendered":"Sophia: la cultura de la unidad desde el pensamiento latinoamericano"},"content":{"rendered":"<p><a href=\"https:\/\/www.focolare.org\/wp-content\/uploads\/2015\/01\/DSC05495.jpg\"><img loading=\"lazy\" decoding=\"async\" class=\"alignright size-large wp-image-117871\" src=\"https:\/\/www.focolare.org\/wp-content\/uploads\/2015\/01\/DSC05495-210x157.jpg\" alt=\"DSC05495\" width=\"210\" height=\"157\" \/><\/a>Los j\u00f3venes estudiantes proven\u00edan de 10 pa\u00edses de habla espa\u00f1ola y Brasil. M\u00e1s de la mitad de ellos hab\u00edan participado en la <a href=\"https:\/\/www.focolare.org\/es\/news\/2013\/01\/12\/listituto-universitario-sophia-in-trasferta\/\" target=\"_blank\" rel=\"noopener\">primera <\/a>y segunda edici\u00f3n de la EdeV. Fue organizada por el <a href=\"www.iu-sophia.org\" target=\"_blank\" rel=\"noopener\">Instituto Universitario Sophia (IUS)<\/a> -representado en esta oportunidad por los profesores Araceli del Pozo y Sergio Rondinara-, la <a href=\"http:\/\/www.mariapolis.org.ar\" target=\"_blank\" rel=\"noopener\">Mari\u00e1polis L\u00eda<\/a> y un cuerpo de profesores latinoamericanos (procedentes de M\u00e9xico, Guatemala, Panam\u00e1, Colombia, Per\u00fa, Bolivia, Chile, Paraguay, Uruguay y Argentina) que tuvieron a lo largo de estos a\u00f1os varios <a href=\"https:\/\/www.focolare.org\/es\/news\/2013\/09\/30\/sudamerica-verso-la-escuela-de-verano-2014\/\">seminarios <\/a>con Piero Coda (Rector de Sophia) en los que se fue perfilando un trabajo cultural e interdisplinario al servicio de toda Latinoamerica.  El programa se centr\u00f3 en el estudio de la comunicaci\u00f3n, la pedagog\u00eda y el arte. Durante las ma\u00f1anas se presentaron los conceptos centrales de cada disciplina y por la tarde, en general, se realizaron los talleres y actividades: Aprendizaje y Servicio Solidario, la Prosocialidad, las formas actuales de Comunicaci\u00f3n, el Di\u00e1logo entre las culturas originarias y las contempor\u00e1neas, la Expresividad a trav\u00e9s de la literatura y la m\u00fasica.  <a href=\"https:\/\/www.focolare.org\/wp-content\/uploads\/2015\/01\/DSC05514.jpg\"><img loading=\"lazy\" decoding=\"async\" class=\"alignleft size-large wp-image-117870\" src=\"https:\/\/www.focolare.org\/wp-content\/uploads\/2015\/01\/DSC05514-210x157.jpg\" alt=\"DSC05514\" width=\"210\" height=\"157\" \/><\/a>Al inicio de cada ma\u00f1ana, el profesor Sergio Rondinara condujo el espacio de \u201cEjercitaci\u00f3n para una Cultura de la Unidad\u201d, en el cual se presentaron diversos autores y textos, seguidos por reflexiones de la comunidad de aprendizaje reunida en la EdeV.  Tambi\u00e9n se destacaron las participaciones de estudiantes, preparando y conduciendo algunos de los talleres.  Varios docentes compart\u00edan la impresi\u00f3n de haber recorrido juntos un camino de crecimiento, tambi\u00e9n con los estudiantes. Alguno de los j\u00f3venes sent\u00eda que la experiencia de estos a\u00f1os le hab\u00eda \u00abroto la cabeza\u00bb porque descubr\u00eda que su anterior visi\u00f3n de Am\u00e9rica Latina era muy reductiva. Otro dec\u00eda que inexplicablemente, hab\u00eda pasado \u00abde reclamar a comunicarse\u00bb. Otra chica afirmaba, con conmoci\u00f3n, que por primera vez lograba \u00abaceptar y abrazar con amor\u00bb las ra\u00edces ind\u00edgenas de su pueblo, que antes negaba. Otra se sent\u00eda \u00ababrumada y feliz\u00bb por la sensaci\u00f3n de haber derrumbado \u00abmucha cosa superficial\u00bb en su vida. Tantos deseaban \u00abm\u00e1s di\u00e1logo\u00bb, m\u00e1s ocasiones para darse, contarse y comprenderse juntos. Y muchos se planteaban una exigencia sencilla: \u00abquiero profundizar m\u00e1s\u00bb.  <a href=\"https:\/\/www.focolare.org\/wp-content\/uploads\/2015\/01\/DSC05545.jpg\"><img loading=\"lazy\" decoding=\"async\" class=\"alignright size-large wp-image-117872\" src=\"https:\/\/www.focolare.org\/wp-content\/uploads\/2015\/01\/DSC05545-210x157.jpg\" alt=\"DSC05545\" width=\"210\" height=\"157\" \/><\/a>Los momentos de di\u00e1logo personal y en peque\u00f1os grupos entre estudiantes, docentes y tutores fueron un sello de esta escuela. Eran ocasiones privilegiadas para abrir la propia interioridad y comunicar las angustias, los descubrimientos y los anhelos m\u00e1s profundos: \u00bfpara qu\u00e9 estudio?,\u00bfqu\u00e9 camino seguir\u00e9 en la vida?, \u00bfc\u00f3mo distingo lo verdadero en las ideas, en el mundo y en m\u00ed?  Fue una gran exigencia, que los docentes aceptaron con alegr\u00eda y honestidad intelectual, tratando de excavar en s\u00ed mismos para dar de lo propio y caminar juntos hacia la Verdad.  Se cierra una etapa, que sin duda -es el sentir de estudiantes y profesores-, tendr\u00e1 continuidad en la b\u00fasqueda de la cultura de la unidad desde el pensamiento latinoamericano.<\/p>\n","protected":false},"excerpt":{"rendered":"<p>La Escuela de Verano 2015 (EdeV) realizada en la Mari\u00e1polis L\u00eda (Argentina), desde el 5 al 11 de enero, marc\u00f3 una nueva etapa para los 50 alumnos participantes.<\/p>\n","protected":false},"author":34,"featured_media":0,"comment_status":"open","ping_status":"open","sticky":false,"template":"","format":"standard","meta":{"give_campaign_id":0,"_seopress_robots_primary_cat":"","_seopress_titles_title":"","_seopress_titles_desc":"","_seopress_robots_index":"","_et_pb_use_builder":"","_et_pb_old_content":"","_et_gb_content_width":"","footnotes":""},"categories":[46],"tags":[],"class_list":["post-323850","post","type-post","status-publish","format-standard","hentry","category-sin-categorizar"],"_links":{"self":[{"href":"https:\/\/www.focolare.org\/es\/wp-json\/wp\/v2\/posts\/323850","targetHints":{"allow":["GET"]}}],"collection":[{"href":"https:\/\/www.focolare.org\/es\/wp-json\/wp\/v2\/posts"}],"about":[{"href":"https:\/\/www.focolare.org\/es\/wp-json\/wp\/v2\/types\/post"}],"author":[{"embeddable":true,"href":"https:\/\/www.focolare.org\/es\/wp-json\/wp\/v2\/users\/34"}],"replies":[{"embeddable":true,"href":"https:\/\/www.focolare.org\/es\/wp-json\/wp\/v2\/comments?post=323850"}],"version-history":[{"count":0,"href":"https:\/\/www.focolare.org\/es\/wp-json\/wp\/v2\/posts\/323850\/revisions"}],"wp:attachment":[{"href":"https:\/\/www.focolare.org\/es\/wp-json\/wp\/v2\/media?parent=323850"}],"wp:term":[{"taxonomy":"category","embeddable":true,"href":"https:\/\/www.focolare.org\/es\/wp-json\/wp\/v2\/categories?post=323850"},{"taxonomy":"post_tag","embeddable":true,"href":"https:\/\/www.focolare.org\/es\/wp-json\/wp\/v2\/tags?post=323850"}],"curies":[{"name":"wp","href":"https:\/\/api.w.org\/{rel}","templated":true}]}}