{"id":323854,"date":"2015-01-22T15:57:57","date_gmt":"2015-01-22T14:57:57","guid":{"rendered":"https:\/\/www.focolare.org\/loppiano-al-patriarca-bartolome-i-el-doctorado-h-c-del-instituto-universitario-sophia\/"},"modified":"2024-05-16T14:49:01","modified_gmt":"2024-05-16T12:49:01","slug":"loppiano-al-patriarca-bartolome-i-el-doctorado-h-c-del-instituto-universitario-sophia","status":"publish","type":"post","link":"https:\/\/www.focolare.org\/es\/loppiano-al-patriarca-bartolome-i-el-doctorado-h-c-del-instituto-universitario-sophia\/","title":{"rendered":"Loppiano &#8211; Al Patriarca Bartolom\u00e9 I el doctorado h.c. del Instituto Universitario Sophia"},"content":{"rendered":"<p><a href=\"http:\/\/www.loppiano.it\/streaming\/C\/Streaming_loppiano-1820762LUO5452063023\">Live streaming &#8211; Loppiano, 26.10.2015, 17:00 CET<\/a>  <a href=\"https:\/\/www.focolare.org\/wp-content\/uploads\/2015\/10\/PatriarchBartholomew.jpeg\"><img loading=\"lazy\" decoding=\"async\" class=\" size-full wp-image-129969 alignleft\" src=\"https:\/\/www.focolare.org\/wp-content\/uploads\/2015\/10\/PatriarchBartholomew.jpeg\" alt=\"PatriarchBartholomew\" width=\"463\" height=\"231\" \/><\/a><strong>En la motivaci\u00f3n oficial de la entrega del doctorado, <\/strong>el rector del <a href=\"https:\/\/www.focolare.org\/es\/all-opera\/studio-e-formazione\/istituto-universitario-sophia\/\">IUS<\/a> el Prof. Piero Coda explic\u00f3 que el Patriarca es merecedor del mismo por ser protagonista activo y convencido del camino ecum\u00e9nico hacia la plena unidad de los cristianos y en el di\u00e1logo con personas de distintas religiones y convicciones. Adem\u00e1s, se ha distinguido en la promoci\u00f3n de la justicia, de la paz, del respeto por el ambiente y la naturaleza, en conformidad con la visi\u00f3n de la humanidad, de la historia y del cosmos custodiada y actualizada por la tradici\u00f3n espiritual y teol\u00f3gica del Oriente cristiano<strong>.<\/strong>  <strong>La\u00a0<\/strong><a href=\"https:\/\/www.focolare.org\/in-dialogo\/chiese-cristiane\/\">historia<\/a><strong>\u00a0de las relaciones fraternas entre el Movimiento de los Focolares y los ortodoxos <\/strong><strong>tiene su ra\u00edz en el extraordinario encuentro entre<\/strong>\u00a0<a href=\"https:\/\/www.focolare.org\/chiara-lubich\/chi-e-chiara\/\">Chiara Lubich<\/a>\u00a0y el patriarca de Constantinopla <a href=\"https:\/\/www.focolare.org\/es\/news\/2012\/07\/04\/athenagoras-i-e-chiara-lubich\/\">Aten\u00e1goras I.<\/a> \u201cEra el 13 de junio de 1967 \u2013cuenta la misma Chiara. Me acogi\u00f3 como si me conociera desde siempre. \u2018La esperaba\u2019, exclam\u00f3 y quiso que le contara de los contactos del Movimiento con luteranos y anglicanos\u201d. Fueron veinticinco en total las citas de Chiara con Aten\u00e1goras I. Despu\u00e9s las relaciones continuaron con el Patriarca Demetrio I. Y los contactos con el actual patriarca ecum\u00e9nico Bartolom\u00e9 I prosiguieron en el mismo esp\u00edritu de estima y amistad. Mientras tanto la espiritualidad del Movimiento fue acogida tambi\u00e9n por cristianos de las Antiguas Iglesias orientales, desarroll\u00e1ndose as\u00ed el di\u00e1logo con <strong>siro-ortodoxos, coptos, et\u00edopes, armenos y asirios.<\/strong>  El actual evento es una pieza m\u00e1s en el mosaico de la importante relaci\u00f3n de sinton\u00eda y amistad Movimiento de los Focolares y se enmarca dentro de los <a href=\"http:\/\/www.loppiano.it\/stealthV3_pubblica\/1850692LTG4173096085.pdf\">festejos por el 50\u00ba aniversario<\/a> del nacimiento de la Ciudadela de Loppiano, iniciados el pasado septiembre con la manifestaci\u00f3n\u00a0<a href=\"http:\/\/loppiano.it\/dettaglio50\/loppianolab\/C\/loppianolab-1820466LTO6671040005\">LoppianoLab<\/a>.  Fuente: <a href=\"http:\/\/www.loppiano.it\">www.loppiano.it<\/a><\/p>\n","protected":false},"excerpt":{"rendered":"<p>El IUS otorgar\u00e1 el Doctorado Honoris Causa en \u201cCultura de la Unidad\u201d al Patriarca Ecum\u00e9nico Bartolom\u00e9 I de Constantinopla en octubre de 2015, la fecha est\u00e1 por confirmar.<\/p>\n","protected":false},"author":27,"featured_media":0,"comment_status":"open","ping_status":"open","sticky":false,"template":"","format":"standard","meta":{"give_campaign_id":0,"_seopress_robots_primary_cat":"","_seopress_titles_title":"","_seopress_titles_desc":"","_seopress_robots_index":"","_et_pb_use_builder":"","_et_pb_old_content":"","_et_gb_content_width":"","footnotes":""},"categories":[46],"tags":[],"class_list":["post-323854","post","type-post","status-publish","format-standard","hentry","category-sin-categorizar"],"_links":{"self":[{"href":"https:\/\/www.focolare.org\/es\/wp-json\/wp\/v2\/posts\/323854","targetHints":{"allow":["GET"]}}],"collection":[{"href":"https:\/\/www.focolare.org\/es\/wp-json\/wp\/v2\/posts"}],"about":[{"href":"https:\/\/www.focolare.org\/es\/wp-json\/wp\/v2\/types\/post"}],"author":[{"embeddable":true,"href":"https:\/\/www.focolare.org\/es\/wp-json\/wp\/v2\/users\/27"}],"replies":[{"embeddable":true,"href":"https:\/\/www.focolare.org\/es\/wp-json\/wp\/v2\/comments?post=323854"}],"version-history":[{"count":0,"href":"https:\/\/www.focolare.org\/es\/wp-json\/wp\/v2\/posts\/323854\/revisions"}],"wp:attachment":[{"href":"https:\/\/www.focolare.org\/es\/wp-json\/wp\/v2\/media?parent=323854"}],"wp:term":[{"taxonomy":"category","embeddable":true,"href":"https:\/\/www.focolare.org\/es\/wp-json\/wp\/v2\/categories?post=323854"},{"taxonomy":"post_tag","embeddable":true,"href":"https:\/\/www.focolare.org\/es\/wp-json\/wp\/v2\/tags?post=323854"}],"curies":[{"name":"wp","href":"https:\/\/api.w.org\/{rel}","templated":true}]}}