{"id":323880,"date":"2015-02-01T05:00:49","date_gmt":"2015-02-01T04:00:49","guid":{"rendered":"https:\/\/www.focolare.org\/mexico-familia-acogida-reciproca\/"},"modified":"2024-05-16T14:49:05","modified_gmt":"2024-05-16T12:49:05","slug":"mexico-familia-acogida-reciproca","status":"publish","type":"post","link":"https:\/\/www.focolare.org\/es\/mexico-familia-acogida-reciproca\/","title":{"rendered":"M\u00e9xico, familia: acogida rec\u00edproca"},"content":{"rendered":"<p><p><img loading=\"lazy\" decoding=\"async\" class=\"alignright wp-image-118776 \" src=\"https:\/\/www.focolare.org\/wp-content\/uploads\/2015\/02\/20150131-01.jpg\" alt=\"20150131-01\" width=\"262\" height=\"362\" \/><strong>Las dos voces se entrelazan en un creciente sufrimiento y esperanza, <\/strong><strong>conmoci\u00f3n y maravilla. <\/strong>Hasta hacerles descubrir el secreto que los lleva a recomponer la unidad que parec\u00eda rota irremediablemente. Fili empieza el relato: \u00abMe cas\u00e9 con Nacho hace 24 a\u00f1os y tenemos dos hijos. Yo soy la sexta de once hermanos. Hab\u00eda dolores en mi familia, como el hecho de que mi padre ten\u00eda otra mujer y otros hijos y esto me hac\u00eda sufrir mucho\u00bb.<\/p>\n<p><strong>\u00abTambi\u00e9n yo siendo peque\u00f1o \u2013 interviene Nacho \u2013 sufr\u00ed por la ausencia de mi padre <\/strong><strong>y la poca atenci\u00f3n de mi madre. <\/strong>Quien se hac\u00eda cargo de m\u00ed era mi abuela materna. Cuando me cas\u00e9 con Fili est\u00e1bamos enamorados, pero con un vac\u00edo existencial muy grande, en el que cada uno se identificaba con el otro. Unimos nuestras soledades, pero no nos conoc\u00edamos interiormente y muy pronto nos dimos cuenta de que no sab\u00edamos amar ni tampoco qu\u00e9 era el amor\u00bb.<\/p>\n<p><strong>\u00abNuestros problemas empezaron desde el inicio del matrimonio \u2013<\/strong>prosigue Fili-. Yo era muy celosa y posesiva, al punto que Nacho continuamente ten\u00eda que cambiar de trabajo\u00bb.\u00a0 \u00abSu actitud \u2013 prosigue Nacho \u2013 me provocaba rencor, ira y frustraci\u00f3n y las discusiones entre nostros no terminaban nunca. En este ambiente tan poco acogedor nacieron nuestros hijos. Tanto yo como Fili, sent\u00edamos un gran amor por ellos, pero no habiendo amor entre nosotros dos, pens\u00e1bamos suplirlo con cosas materiales, en cambio habr\u00edamos debido darles escucha, ternura. As\u00ed pasaron 15 a\u00f1os. Desilusionado por esta situaci\u00f3n, me fui de la casa. Lo hab\u00eda hecho otras veces, pero todo intento de volver y reconstruir nuestra relaci\u00f3n fracasaba. \u00bf<strong>Qu\u00e9 hacer, me preguntaba, cuando una relaci\u00f3n est\u00e1 completamente rota?<strong>\u00bb<\/strong><\/strong>.<\/p>\n<p>Continua Fili: \u00abDe hecho, para m\u00ed <strong>era imposible reconstruirla, <\/strong>tanto que acept\u00e9 que volviera, s\u00f3lo porque ve\u00eda el sufrimiento de los hijos que ten\u00edan necesidad de \u00e9l\u00bb. \u00abUn s\u00e1bado en la noche \u2013 prosigue Nacho\u00a0 \u2013\u00a0 estaba viendo en la TV un programa de boxeo. No me parec\u00eda interesante y por eso cambi\u00e9 de canal. Estaban dando un programa religioso y <strong>por curiosidad me qued\u00e9 vi\u00e9ndolo. <\/strong>Hab\u00eda una mujer (despu\u00e9s supe que era <a href=\"https:\/\/www.focolare.org\/es\/chiara-lubich\/\">Chiara Lubich<\/a>) que hablaba del Amor. Al final de su discurso, pasaron algunas im\u00e1genes de la ciudadela del Movimiento de los Focolares de <a href=\"https:\/\/www.focolare.org\/es\/focolare-worldwide\/america-nord-e-centrale\/messico\/\">M\u00e9xico<\/a>, que estaba cerca de nuestro pueblo, pero no la conoc\u00eda\u00bb.<\/p>\n<p>\u00abAs\u00ed, al d\u00eda siguiente \u2013 interviene Fili \u2013 fuimos a la Misa a El Diamante (que es el nombre de la ciudadela) con toda la familia. Me impreion\u00f3 la forma como nos recibieron, era como si nos conocieran desde siempre. Faltaba s\u00f3lo una semana para la Mari\u00e1polis, un encuentro que se iba a realizar all\u00ed, y decidimos ir. La propuesta del primer d\u00eda era la frase del Evangelio: \u201c<strong>Perdona hasta setenta veces siete<\/strong>\u201d. Me pregunt\u00e9: \u00bfpero c\u00f3mo es posible perdonar siempre? La explicaci\u00f3n la obtuve cuando me hablaron de Jes\u00fas en el abandono. \u00c9l no s\u00f3lo hab\u00eda perdonado, sino que hab\u00eda dado la vida por nosotros. Me di cuenta de que ante tal amor, mis dolores eran muy perque\u00f1os. No fue f\u00e1cil volver a empezar, pero la Palabra \u201cPerdona setenta veces siete\u201d siempre me ayuda a hacerlo\u00bb.<\/p>\n<p>\u00abTambi\u00e9n para m\u00ed \u2013 confiesa Nacho \u2013 esa Mari\u00e1polis transform\u00f3 mi vida. Aprend\u00ed a tener confianza en ese Dios para quien todo es posible. Con Fili aprendimos a amarnos en la diversidad. Poco a poco nos volvimos a enamorar el uno del otro. Descubrimos una plenitud de amor nunca antes experimentada, ni siquiera cuando \u00e9ramos novios, porque ahora nos am\u00e1bamos en la libertad, en Dios\u00bb.<\/p>\n<p>&nbsp;<\/p><\/p>\n","protected":false},"excerpt":{"rendered":"<p>Dos esposos mexicanos, a pesar de las heridas de sus familias de origen y de la fuerte crisis en su misma relaci\u00f3n, logran recomenzar, por el perd\u00f3n.<\/p>\n","protected":false},"author":34,"featured_media":0,"comment_status":"open","ping_status":"open","sticky":false,"template":"","format":"standard","meta":{"give_campaign_id":0,"_seopress_robots_primary_cat":"","_seopress_titles_title":"","_seopress_titles_desc":"","_seopress_robots_index":"","_et_pb_use_builder":"","_et_pb_old_content":"","_et_gb_content_width":"","footnotes":""},"categories":[904],"tags":[],"class_list":["post-323880","post","type-post","status-publish","format-standard","hentry","category-focolare-worldwide-2-2"],"_links":{"self":[{"href":"https:\/\/www.focolare.org\/es\/wp-json\/wp\/v2\/posts\/323880","targetHints":{"allow":["GET"]}}],"collection":[{"href":"https:\/\/www.focolare.org\/es\/wp-json\/wp\/v2\/posts"}],"about":[{"href":"https:\/\/www.focolare.org\/es\/wp-json\/wp\/v2\/types\/post"}],"author":[{"embeddable":true,"href":"https:\/\/www.focolare.org\/es\/wp-json\/wp\/v2\/users\/34"}],"replies":[{"embeddable":true,"href":"https:\/\/www.focolare.org\/es\/wp-json\/wp\/v2\/comments?post=323880"}],"version-history":[{"count":0,"href":"https:\/\/www.focolare.org\/es\/wp-json\/wp\/v2\/posts\/323880\/revisions"}],"wp:attachment":[{"href":"https:\/\/www.focolare.org\/es\/wp-json\/wp\/v2\/media?parent=323880"}],"wp:term":[{"taxonomy":"category","embeddable":true,"href":"https:\/\/www.focolare.org\/es\/wp-json\/wp\/v2\/categories?post=323880"},{"taxonomy":"post_tag","embeddable":true,"href":"https:\/\/www.focolare.org\/es\/wp-json\/wp\/v2\/tags?post=323880"}],"curies":[{"name":"wp","href":"https:\/\/api.w.org\/{rel}","templated":true}]}}