{"id":323914,"date":"2015-02-18T05:00:52","date_gmt":"2015-02-18T04:00:52","guid":{"rendered":"https:\/\/www.focolare.org\/chiara-lubich-otra-vision-y-ejercicio-del-poder\/"},"modified":"2024-05-16T14:49:13","modified_gmt":"2024-05-16T12:49:13","slug":"chiara-lubich-otra-vision-y-ejercicio-del-poder","status":"publish","type":"post","link":"https:\/\/www.focolare.org\/es\/chiara-lubich-otra-vision-y-ejercicio-del-poder\/","title":{"rendered":"Chiara Lubich, otra visi\u00f3n y ejercicio del poder"},"content":{"rendered":"<p><div id=\"attachment_119638\" style=\"width: 260px\" class=\"wp-caption alignright\"><a href=\"https:\/\/www.focolare.org\/wp-content\/uploads\/2015\/02\/PaoloGiusti.jpg\"><img loading=\"lazy\" decoding=\"async\" aria-describedby=\"caption-attachment-119638\" class=\"wp-image-119638\" src=\"https:\/\/www.focolare.org\/wp-content\/uploads\/2015\/02\/PaoloGiusti.jpg\" alt=\"PaoloGiusti\" width=\"250\" height=\"219\" \/><\/a><p id=\"caption-attachment-119638\" class=\"wp-caption-text\">Paolo Giusta<\/p><\/div>\n<p><strong>\u00abLa vida y el pensamiento de Chiara Lubich <\/strong>introdujeron una novedad radical, que supera de una vez para siempre la concepci\u00f3n del poder como dominio. El concepto del poder como la cima solitaria de una pir\u00e1mide est\u00e1 siempre presente, y a veces domina: a menudo tendemos a pensar que un hombre s\u00f3lo en el poder, con una visi\u00f3n clara y la fuerza de imponerla sea la mejor soluci\u00f3n, la m\u00e1s segura [&#8230;.]. Chiara tuvo siempre un concepto elevado y un respeto absoluto del poder [&#8230;]. Al mismo tiempo, sus relaciones con las personas que estaban en la c\u00faspide de la jerarqu\u00eda, civiles (jefes de Estado y de gobierno, presidentes de las instituciones europeas) o religiosas (Papas, patriarcas&#8230;) no tuvieron nunca nada de servilismo. Al contrario, su respeto por la autoridad se expresaba de forma creativa, ofreciendo ideas y propuestas, en una actitud de di\u00e1logo y de est\u00edmulo, y poniendo su persona y los recursos del <a href=\"https:\/\/www.focolare.org\/es\/chi-siamo\/\"><strong>Movimiento [de los Focolares <\/strong><\/a><em> ndr<\/em>] a disposici\u00f3n de proyectos a favor de la sociedad, sobre todo de los m\u00e1s pobres.<\/p>\n<p><strong>Corresponsabilidad. \u00a0<\/strong>En el ejercicio del poder, dentro del Movimiento que ella fund\u00f3, Chiara quiso que exista [&#8230;] una gesti\u00f3n colectiva de la responsabilidad, en l\u00ednea con la espiritualidad de comuni\u00f3n, t\u00edpica de su carisma. Solo en la presidencia del Movimiento, especialmente por motivos jur\u00eddicos, existe una sola persona, y Chiara quiso que fuese una mujer, seg\u00fan el modelo de Mar\u00eda, Madre de Jes\u00fas, que no ten\u00eda ning\u00fan poder excepto el de amar [&#8230;] Esta es una de las ideas clave del carisma de Chiara: existe la jerarqu\u00eda, tiene un rol insustituible, pero es un trasfondo. Lo que emerge es que todos somos, antes que nada, hermanos y hermanas, todos hijos de un \u00fanico Dios, que es amor [&#8230;]. Todos en la escuela de Jes\u00fas, \u00fanico y verdadero maestro.<\/p>\n<p><strong>Un liderazgo colectivo.<\/strong> Tuve la oportunidad de ver personalmente \u2013cuenta Paolo Giusta\u2013la forma como Chiara ejerc\u00eda su papel de l\u00edder en la preparaci\u00f3n de dos encuentros de los movimientos y comunidades cristianas de distintas Iglesias en <a href=\"http:\/\/www.together4europe.org\/\">Estocolmo en el 2004 y en el 2007<\/a> [&#8230;]. Me impact\u00f3 su actitud con la que daba espacio a cada uno, a sus ideas y a sus preguntas. Era como si estuviese a la escucha de una palabra que Dios habr\u00eda podido pronunciar a trav\u00e9s de alguno de los participantes [&#8230;]. Tomaba cada palabra en serio y la somet\u00eda a la decisi\u00f3n com\u00fan, un verdadero ejemplo de liderazgo colectivo en acci\u00f3n [&#8230;].<\/p>\n<p><strong>Ejercer el propio rol y dar espacio al otro. <\/strong>Es la esencia del concepto del poder que tiene Chiara, como tambi\u00e9n su aspecto parad\u00f3jico: la persona que mantiene una posici\u00f3n de poder debe ejercer plenamente su rol (ser) y contempor\u00e1neamente dar total espacio al otro, incluido el sometimiento (no ser). Al mismo tiempo todos, cualquiera que sea su papel o posici\u00f3n jer\u00e1rquica, ofrecen un aporte indispensable (ser) y, don\u00e1ndolo, lo pierden porque no pueden imponerlo (no ser). Es un dinamismo que crea comuni\u00f3n, la unidad en la diversidad. En efecto para Chiara la unidad no es nunca est\u00e1tica, algo que anula a los integrantes de la misma, sino que cada vez es nuevo y sorprendente porque est\u00e1 en un movimiento vital, a imagen de Dios y de la relaci\u00f3n de amor entre las tres personas de la Trinidad [&#8230;].<\/p>\n<p><strong>Resolver juntos los conflictos. <\/strong>Un ejemplo pr\u00e1ctico del ejercicio del poder como amor, como Chiara lo concibe, es la gesti\u00f3n y la resoluci\u00f3n de los conflictos. Frente a un conflicto existen distintas posibilidades: evitar la dificultad de enfrentarlo, dejar que el responsable decida por todos, o bien decidir ponerse juntos en camino, con todas las personas involucradas en el conflicto: una marcha larga y tal vez dolorosa, para atravesar el conflicto y salir de \u00e9l, no con una decisi\u00f3n individual, sino habiendo hecho una experiencia entre todos. Esta soluci\u00f3n no viene desde arriba ni simplemente desde abajo, sino que es el resultado de un esfuerzo com\u00fan en la que cada uno da su aporte de verdad, a fin de alcanzar una soluci\u00f3n com\u00fan\u00bb.<\/p>\n<p><strong>Lee el <a href=\"http:\/\/www.politicsforunity.com\/#%21Chiara-Lubich-un%E2%80%99altra-visione-e-pratica-del-potere-IT\/cd70\/D6FBC13D-AA7C-4DF4-BE4B-86CBD36CC8AA\">texto integral (italiano(<\/a><\/strong><\/p>\n<p><strong>Chiara Lubich<\/strong><\/p>\n<p><strong>Politcs for Unity<\/strong><\/p>\n<p><strong>Making a world of difference<\/strong><\/p>\n<p><strong>Marzo 2015<\/strong><\/p>\n<p><strong>Info: <a href=\"http:\/\/www.politicsforunity.com\/\">http:\/\/www.politicsforunity.com\/<\/a><\/strong><\/p>\n<p>&nbsp;<\/p><\/p>\n","protected":false},"excerpt":{"rendered":"<p>Paolo Giusta, docente de liderazgo \u00e9tico en el Instituto Universitario Sophia y funcionario europeo, presenta el concepto del poder seg\u00fan Chiara Lubich. #politicis4unity<\/p>\n","protected":false},"author":34,"featured_media":0,"comment_status":"open","ping_status":"open","sticky":false,"template":"","format":"standard","meta":{"give_campaign_id":0,"_seopress_robots_primary_cat":"","_seopress_titles_title":"","_seopress_titles_desc":"","_seopress_robots_index":"","_et_pb_use_builder":"","_et_pb_old_content":"","_et_gb_content_width":"","footnotes":""},"categories":[46],"tags":[],"class_list":["post-323914","post","type-post","status-publish","format-standard","hentry","category-sin-categorizar"],"_links":{"self":[{"href":"https:\/\/www.focolare.org\/es\/wp-json\/wp\/v2\/posts\/323914","targetHints":{"allow":["GET"]}}],"collection":[{"href":"https:\/\/www.focolare.org\/es\/wp-json\/wp\/v2\/posts"}],"about":[{"href":"https:\/\/www.focolare.org\/es\/wp-json\/wp\/v2\/types\/post"}],"author":[{"embeddable":true,"href":"https:\/\/www.focolare.org\/es\/wp-json\/wp\/v2\/users\/34"}],"replies":[{"embeddable":true,"href":"https:\/\/www.focolare.org\/es\/wp-json\/wp\/v2\/comments?post=323914"}],"version-history":[{"count":0,"href":"https:\/\/www.focolare.org\/es\/wp-json\/wp\/v2\/posts\/323914\/revisions"}],"wp:attachment":[{"href":"https:\/\/www.focolare.org\/es\/wp-json\/wp\/v2\/media?parent=323914"}],"wp:term":[{"taxonomy":"category","embeddable":true,"href":"https:\/\/www.focolare.org\/es\/wp-json\/wp\/v2\/categories?post=323914"},{"taxonomy":"post_tag","embeddable":true,"href":"https:\/\/www.focolare.org\/es\/wp-json\/wp\/v2\/tags?post=323914"}],"curies":[{"name":"wp","href":"https:\/\/api.w.org\/{rel}","templated":true}]}}