{"id":323924,"date":"2015-02-23T05:00:40","date_gmt":"2015-02-23T04:00:40","guid":{"rendered":"https:\/\/www.focolare.org\/kenia-congreso-internacional-de-edc\/"},"modified":"2024-05-16T14:49:15","modified_gmt":"2024-05-16T12:49:15","slug":"kenia-congreso-internacional-de-edc","status":"publish","type":"post","link":"https:\/\/www.focolare.org\/es\/kenia-congreso-internacional-de-edc\/","title":{"rendered":"Kenia: Congreso internacional de EdC"},"content":{"rendered":"<p><p><strong><img loading=\"lazy\" decoding=\"async\" class=\"alignright wp-image-119866\" src=\"https:\/\/www.focolare.org\/wp-content\/uploads\/2015\/02\/EdCKenya_Flyer.jpg\" alt=\"EdCKenya_Flyer\" width=\"350\" height=\"497\" \/>\u201cAcu\u00e9rdate, Luigino, de que la <\/strong><a href=\"http:\/\/www.edc-online.org\/it\/studia-con-noi\/summer-school\/3352-loppiano-workshop-school-qstart-up-the-futureq.html\" target=\"_blank\" rel=\"noopener\">EdC <\/a><strong>naci\u00f3 para los pobres.<\/strong> Hac\u00e9is bien en estudiar, pero acu\u00e9rdate siempre de los pobres\u201d. <a href=\"https:\/\/www.focolare.org\/es\/chiara-lubich\/chi-e-chiara\/igino-giordani\/\" target=\"_blank\" rel=\"noopener\">Chiara Lubich<\/a> me repiti\u00f3 muchas veces estas palabras a lo largo de los diez a\u00f1os en los que estuve a su lado, con la comisi\u00f3n internacional, para coordinar la EdC.<\/p>\n<p><strong>El rescate de la pobreza sufrida (bien diferente de la elegida)<\/strong> sigue siendo el fin \u00faltimo del proyecto y el sentido de nuestra acci\u00f3n. Mientras siga habiendo en la tierra personas que no puedan vivir una existencia decente por falta de recursos, ning\u00fan sistema econ\u00f3mico y social podr\u00e1 considerarse justo, y mucho menos de comuni\u00f3n.<\/p>\n<p><strong>Las pobrezas amadas y aliviadas por la EdC en estos 23 a\u00f1os de vida se han diversificado<\/strong> y ampliado. De las favelas de Sao Paulo y del <a href=\"https:\/\/www.focolare.org\/es\/focolare-worldwide\/america-sud\/brasile\/\" target=\"_blank\" rel=\"noopener\">Brasil<\/a>, pasamos en seguida a las favelas de muchas otras ciudades; luego comprendimos, gracias a la acci\u00f3n tenaz de empresarios como Paco Toro (<a href=\"https:\/\/www.focolare.org\/es\/focolare-worldwide\/europa\/spagna\/\" target=\"_blank\" rel=\"noopener\">Espa\u00f1a<\/a>), que para reducir las pobrezas pod\u00edamos crear puestos de trabajo y junto a la ONG <a href=\"http:\/\/www.amu-it.eu\/\" target=\"_blank\" rel=\"noopener\">Acci\u00f3n por un Mundo Unido<\/a><strong> (AMU)<\/strong> comenzamos a apoyar el desarrollo de micro actividades productivas en varios pa\u00edses del mundo. Por \u00faltimo, hemos constatado que la presente crisis ha tra\u00eddo pobrezas antiguas y nuevas tambi\u00e9n a la rica Europa. Una de ellas es la plaga de los juegos de azar, que est\u00e1 devastando centenares de miles de familias, sobre todo entre las m\u00e1s pobres. De aqu\u00ed el esfuerzo de la EdC <a href=\"https:\/\/www.focolare.org\/es\/focolare-worldwide\/europa\/italia\/\" target=\"_blank\" rel=\"noopener\">Italiana <\/a>por apoyar la <strong>campa\u00f1a Slotmob<\/strong>, que en un a\u00f1o ha llegado a m\u00e1s de 70 ciudades y est\u00e1 cambiando la mentalidad de muchas personas.<\/p>\n<p><strong>En los \u00faltimos a\u00f1os, la EdC est\u00e1 extendiendo especialmente en el continente africano<\/strong>, las empresas que este a\u00f1o han empezado a pagar beneficios para apoyar a los pobres del mundo aument\u00f3 a 10, mientras que otras 12 se han acercado al proyecto; hay varias becas a j\u00f3venes africanos, algunos de los cuales asisten con entusiasmo al <strong>Istituto Universitario Sophia.<\/strong><\/p>\n<p>As\u00ed, atra\u00eddos por esta vida nueva y floreciente, como expresi\u00f3n de reciprocidad, <strong>hemos pensado celebrar en Nairobi (<\/strong><a href=\"https:\/\/www.focolare.org\/es\/focolare-worldwide\/africa\/kenya\/\" target=\"_blank\" rel=\"noopener\">Kenia<\/a><strong>) nuestro congreso internacional<\/strong>, a cuatro a\u00f1os de distancia del que tuvo lugar en Brasil en 2011.<\/p>\n<p><strong><img loading=\"lazy\" decoding=\"async\" class=\"alignleft\" src=\"http:\/\/www.edc-online.org\/images\/Report_2014\/Pag_15_Africa_EoC_Logo_Final_rid.PNG\" alt=\"Pag 15 Africa EoC Logo Final rid\" width=\"200\" height=\"200\" \/><\/strong><strong>Estaremos en esta gran ciudad del 27 al 31 de mayo, mientras que del 22 al 26 tendr\u00e1 lugar la primera escuela panafricana para j\u00f3venes<\/strong>. \u00c1frica \u2013que hoy sigue sufriendo todav\u00eda mucho por las relaciones predatorias que muchos pa\u00edses industrializados han mantenido y mantienen con ella, primero olvid\u00e1ndola y luego aisl\u00e1ndola, cuando siente el peligro del contagio \u2013 est\u00e1 destinada a ser la gran protagonista de la econom\u00eda y de la sociedad del ma\u00f1ana.<\/p>\n<p>Su deseo de vivir, sus j\u00f3venes, sus culturas antiqu\u00edsimas, lo dicen ya con fuerza. <strong>La EdC quiere ir a \u00c1frica para amarla, para aprender de su cultura de la vida<\/strong>, para practicar la comuni\u00f3n y la reciprocidad. Y para construir juntos un nuevo modelo de desarrollo y una nueva econom\u00eda. Pero juntos y en la mutua estima. En la fiesta de los pueblos.<\/p>\n<p>Luigino Bruni<\/p>\n<p><strong>Fuente:<\/strong> <a href=\"http:\/\/www.edc-online.org\/es\/\" target=\"_blank\" rel=\"noopener\">EdC online <\/a><\/p>\n<p><strong>Inscripciones:<\/strong><a href=\"http:\/\/www.eoc-nairobi-2015.info\" target=\"_blank\" rel=\"noopener\">www.eoc-nairobi-2015.info<\/a><\/p>\n<p><strong>Info:<\/strong> info@eoc-nairobi-2015.info<\/p><\/p>\n","protected":false},"excerpt":{"rendered":"<p>La difusi\u00f3n de la Econom\u00eda de Comuni\u00f3n en el continente africano ha estimulado la idea de realizar en Kenia el pr\u00f3ximo congreso internacional. Luigino Bruni: \u00abLa EdC quiere ir a Africa para amarla\u00bb.<\/p>\n","protected":false},"author":34,"featured_media":0,"comment_status":"open","ping_status":"open","sticky":false,"template":"","format":"standard","meta":{"give_campaign_id":0,"_seopress_robots_primary_cat":"","_seopress_titles_title":"","_seopress_titles_desc":"","_seopress_robots_index":"","_et_pb_use_builder":"","_et_pb_old_content":"","_et_gb_content_width":"","footnotes":""},"categories":[904],"tags":[],"class_list":["post-323924","post","type-post","status-publish","format-standard","hentry","category-focolare-worldwide-2-2"],"_links":{"self":[{"href":"https:\/\/www.focolare.org\/es\/wp-json\/wp\/v2\/posts\/323924","targetHints":{"allow":["GET"]}}],"collection":[{"href":"https:\/\/www.focolare.org\/es\/wp-json\/wp\/v2\/posts"}],"about":[{"href":"https:\/\/www.focolare.org\/es\/wp-json\/wp\/v2\/types\/post"}],"author":[{"embeddable":true,"href":"https:\/\/www.focolare.org\/es\/wp-json\/wp\/v2\/users\/34"}],"replies":[{"embeddable":true,"href":"https:\/\/www.focolare.org\/es\/wp-json\/wp\/v2\/comments?post=323924"}],"version-history":[{"count":0,"href":"https:\/\/www.focolare.org\/es\/wp-json\/wp\/v2\/posts\/323924\/revisions"}],"wp:attachment":[{"href":"https:\/\/www.focolare.org\/es\/wp-json\/wp\/v2\/media?parent=323924"}],"wp:term":[{"taxonomy":"category","embeddable":true,"href":"https:\/\/www.focolare.org\/es\/wp-json\/wp\/v2\/categories?post=323924"},{"taxonomy":"post_tag","embeddable":true,"href":"https:\/\/www.focolare.org\/es\/wp-json\/wp\/v2\/tags?post=323924"}],"curies":[{"name":"wp","href":"https:\/\/api.w.org\/{rel}","templated":true}]}}