{"id":323926,"date":"2015-02-24T05:00:43","date_gmt":"2015-02-24T04:00:43","guid":{"rendered":"https:\/\/www.focolare.org\/chiara-lubich-libertad-igualdad-que-fin-tuvo-la-fraternidad\/"},"modified":"2024-05-16T14:49:16","modified_gmt":"2024-05-16T12:49:16","slug":"chiara-lubich-libertad-igualdad-que-fin-tuvo-la-fraternidad","status":"publish","type":"post","link":"https:\/\/www.focolare.org\/es\/chiara-lubich-libertad-igualdad-que-fin-tuvo-la-fraternidad\/","title":{"rendered":"Chiara Lubich: Libertad, igualdad&#8230; \u00bfqu\u00e9 fin tuvo la fraternidad?"},"content":{"rendered":"<p>&lt;p<\/p>\n<p>\u00ab<strong>Pocas veces como en este tiempo <\/strong>nuestro planeta ha sido y es atravesado por la desconfianza, por el temor, incluso por el terror: basta recordar el 11 de septiembre de 2001 e, incluso m\u00e1s cerca, el 11 de marzo de 2004, sin olvidar los cientos de atentados que en estos \u00faltimos a\u00f1os han nutrido la cr\u00f3nica cotidiana.<\/p>\n<p>El terrorismo: una calamidad tan grave como -por lo menos- las decenas de guerras que siguen ensangrentando nuestro planeta.<\/p>\n<p><strong>\u00bfY cu\u00e1les son sus causas? Muchas.<\/strong> Pero no se puede dejar de reconocer que una de las m\u00e1s profundas es el desequilibrio econ\u00f3mico y social que existe en el mundo entre los Pa\u00edses ricos y los Pa\u00edses pobres. Desequilibrio que genera resentimiento, hostilidad, venganza, favoreciendo de este modo el fundamentalismo que germina m\u00e1s f\u00e1cilmente en un terreno semejante.<\/p>\n<p>Ahora bien, si las cosas est\u00e1n as\u00ed, <strong>para que el terrorismo se apague y desaparezca<\/strong>, la guerra ciertamente no es una respuesta, es necesario buscar los caminos del di\u00e1logo, caminos pol\u00edticos y diplom\u00e1ticos. Pero no es suficiente; hace falta generar m\u00e1s solidaridad entre todos en el mundo, y una comuni\u00f3n de bienes m\u00e1s equilibrada. Sin dejar de lado que son a\u00fan m\u00e1s numerosos los temas candentes que interpelan la pol\u00edtica, tanto en la dimensi\u00f3n nacional como en la internacional. Incluso en el mundo occidental el modelo mismo de desarrollo econ\u00f3mico est\u00e1 ahora indudablemente en crisis, una crisis que exige no solamente algunos limitados ajustes, sino un replanteo global para superar la recesi\u00f3n en curso.<\/p>\n<p><strong>El avance irrefrenable de la investigaci\u00f3n cient\u00edfica<\/strong> no puede continuar sin que se garanticen la integridad y la salud de la especie humana y de todo el ecosistema.<\/p>\n<p>El reconocimiento de la <strong>funci\u00f3n esencial de los medios de comunicaci\u00f3n<\/strong> en el mundo moderno debe encontrar reglas eficaces frente a las exigencias espec\u00edficas de promoci\u00f3n de los valores y de la defensa de las personas, de los grupos y de los pueblos.<\/p>\n<p>Otra cuesti\u00f3n fundamental surge de la necesidad de defender y valorizar <strong>la riqueza que se origina por las<\/strong> <strong>distintas proveniencias \u00e9tnicas<\/strong>, religiosas, culturales, incluso en el horizonte de los irreversibles procesos de la globalizaci\u00f3n en acto.<\/p>\n<p>Estos desaf\u00edos, que se nos presentan como algunos de los m\u00e1s grandes de la actualidad, reclaman con insistencia la idea y la pr\u00e1ctica de la fraternidad, y teniendo en cuenta la extensi\u00f3n del problema, de una fraternidad universal\u00bb.<\/p>\n<p>Centro Chiara Lubich: <a href=\"http:\/\/www.centrochiaralubich.org\/es\/documentos\/textos\/147-scritto-es\/993-libertad-igualdad-que-fin-tuvo-la-fraternidad.html\" target=\"_blank\" rel=\"noopener\">Discurso integral\u00a0<\/a><\/p><\/p>\n","protected":false},"excerpt":{"rendered":"<p>De un extracto del discurso en la C\u00e1mara Municipal de Westminster, Londres, el 22 de junio de 2004. #politics4unity<\/p>\n","protected":false},"author":34,"featured_media":0,"comment_status":"open","ping_status":"open","sticky":false,"template":"","format":"standard","meta":{"give_campaign_id":0,"_seopress_robots_primary_cat":"","_seopress_titles_title":"","_seopress_titles_desc":"","_seopress_robots_index":"","_et_pb_use_builder":"","_et_pb_old_content":"","_et_gb_content_width":"","footnotes":""},"categories":[46],"tags":[],"class_list":["post-323926","post","type-post","status-publish","format-standard","hentry","category-sin-categorizar"],"_links":{"self":[{"href":"https:\/\/www.focolare.org\/es\/wp-json\/wp\/v2\/posts\/323926","targetHints":{"allow":["GET"]}}],"collection":[{"href":"https:\/\/www.focolare.org\/es\/wp-json\/wp\/v2\/posts"}],"about":[{"href":"https:\/\/www.focolare.org\/es\/wp-json\/wp\/v2\/types\/post"}],"author":[{"embeddable":true,"href":"https:\/\/www.focolare.org\/es\/wp-json\/wp\/v2\/users\/34"}],"replies":[{"embeddable":true,"href":"https:\/\/www.focolare.org\/es\/wp-json\/wp\/v2\/comments?post=323926"}],"version-history":[{"count":0,"href":"https:\/\/www.focolare.org\/es\/wp-json\/wp\/v2\/posts\/323926\/revisions"}],"wp:attachment":[{"href":"https:\/\/www.focolare.org\/es\/wp-json\/wp\/v2\/media?parent=323926"}],"wp:term":[{"taxonomy":"category","embeddable":true,"href":"https:\/\/www.focolare.org\/es\/wp-json\/wp\/v2\/categories?post=323926"},{"taxonomy":"post_tag","embeddable":true,"href":"https:\/\/www.focolare.org\/es\/wp-json\/wp\/v2\/tags?post=323926"}],"curies":[{"name":"wp","href":"https:\/\/api.w.org\/{rel}","templated":true}]}}