{"id":323952,"date":"2015-03-07T05:00:02","date_gmt":"2015-03-07T04:00:02","guid":{"rendered":"https:\/\/www.focolare.org\/dechiara-lubich-das-land-des-anderen-wie-das-eigene-liebenfrchiara-lubich-aimer-la-patrie-de-lautre-comme-la-siennezh%e7%9b%a7%e5%98%89%e5%8b%92%ef%bc%9a%e3%80%8c%e6%84%9b%e5%88%a5\/"},"modified":"2024-05-16T14:49:20","modified_gmt":"2024-05-16T12:49:20","slug":"dechiara-lubich-das-land-des-anderen-wie-das-eigene-liebenfrchiara-lubich-aimer-la-patrie-de-lautre-comme-la-siennezh%e7%9b%a7%e5%98%89%e5%8b%92%ef%bc%9a%e3%80%8c%e6%84%9b%e5%88%a5","status":"publish","type":"post","link":"https:\/\/www.focolare.org\/es\/dechiara-lubich-das-land-des-anderen-wie-das-eigene-liebenfrchiara-lubich-aimer-la-patrie-de-lautre-comme-la-siennezh%e7%9b%a7%e5%98%89%e5%8b%92%ef%bc%9a%e3%80%8c%e6%84%9b%e5%88%a5\/","title":{"rendered":"[:de]Chiara Lubich: \u00abDas Land des anderen wie das eigene lieben\u00bb[:fr]Chiara Lubich : \u00abAimer la patrie de l&#8217;autre comme la sienne\u00bb[:zh]\u76e7\u5609\u52d2\uff1a\u300c\u611b\u5225\u4eba\u7684\u570b\u5bb6\u5982\u540c\u81ea\u5df1\u7684\u570b\u5bb6\uff01\u300d"},"content":{"rendered":"<p>&nbsp; <\/p>\n","protected":false},"excerpt":{"rendered":"<p>[:de]Ein kurzer Auszug aus einer Rede Chiara Lubichs vor den Vereinten Nationen am 28. November 1997 in New York. Auf dem Weg zur Einheit der Nationen und V\u00f6lker. #politics4unity[:fr]Un court extrait du discours de Chiara aux Nations Unies, le 28 novembre 1997 \u00e0 New York : Vers l&#8217;unit\u00e9 des Nations et des peuples. #politcs4unity[:zh]1997\u5e7411\u670828\u65e5\uff0c\u76e7\u5609\u52d2\u5728\u7f8e\u570b\u7d10\u7d04\u806f\u5408\u570b\u4e0a\u8b1b\u8a71\uff0c\u5e0c\u671b\u8d70\u5411\u6c11\u65cf\u7684\u5718\u7d50\uff0c\u7a2e\u65cf\u7684\u5408\u4e00\uff0c\u4e00\u7a2e\u70ba\u5408\u4e00\u800c\u63a8\u884c\u7684\u653f\u6cbb\u3002\u4ee5\u4e0b\u662f\u8b1b\u984c\u7684\u627c\u8981\u90e8\u4efd\u3002 #politcs4unity<\/p>\n","protected":false},"author":27,"featured_media":0,"comment_status":"open","ping_status":"open","sticky":false,"template":"","format":"standard","meta":{"give_campaign_id":0,"_seopress_robots_primary_cat":"","_seopress_titles_title":"","_seopress_titles_desc":"","_seopress_robots_index":"","_et_pb_use_builder":"","_et_pb_old_content":"","_et_gb_content_width":"","footnotes":""},"categories":[904],"tags":[],"class_list":["post-323952","post","type-post","status-publish","format-standard","hentry","category-focolare-worldwide-2-2"],"_links":{"self":[{"href":"https:\/\/www.focolare.org\/es\/wp-json\/wp\/v2\/posts\/323952","targetHints":{"allow":["GET"]}}],"collection":[{"href":"https:\/\/www.focolare.org\/es\/wp-json\/wp\/v2\/posts"}],"about":[{"href":"https:\/\/www.focolare.org\/es\/wp-json\/wp\/v2\/types\/post"}],"author":[{"embeddable":true,"href":"https:\/\/www.focolare.org\/es\/wp-json\/wp\/v2\/users\/27"}],"replies":[{"embeddable":true,"href":"https:\/\/www.focolare.org\/es\/wp-json\/wp\/v2\/comments?post=323952"}],"version-history":[{"count":0,"href":"https:\/\/www.focolare.org\/es\/wp-json\/wp\/v2\/posts\/323952\/revisions"}],"wp:attachment":[{"href":"https:\/\/www.focolare.org\/es\/wp-json\/wp\/v2\/media?parent=323952"}],"wp:term":[{"taxonomy":"category","embeddable":true,"href":"https:\/\/www.focolare.org\/es\/wp-json\/wp\/v2\/categories?post=323952"},{"taxonomy":"post_tag","embeddable":true,"href":"https:\/\/www.focolare.org\/es\/wp-json\/wp\/v2\/tags?post=323952"}],"curies":[{"name":"wp","href":"https:\/\/api.w.org\/{rel}","templated":true}]}}