{"id":323978,"date":"2015-03-14T05:00:45","date_gmt":"2015-03-14T04:00:45","guid":{"rendered":"https:\/\/www.focolare.org\/chiara-lubich-y-america-latina-politica-identidad-y-designio\/"},"modified":"2024-05-16T14:49:24","modified_gmt":"2024-05-16T12:49:24","slug":"chiara-lubich-y-america-latina-politica-identidad-y-designio","status":"publish","type":"post","link":"https:\/\/www.focolare.org\/es\/chiara-lubich-y-america-latina-politica-identidad-y-designio\/","title":{"rendered":"Chiara Lubich y Am\u00e9rica Latina: pol\u00edtica, identidad y designio"},"content":{"rendered":"<div id=\"attachment_120947\" style=\"width: 338px\" class=\"wp-caption alignright\"><a href=\"https:\/\/www.focolare.org\/wp-content\/uploads\/2015\/03\/Margarita-Stolbizer.jpg\"><img loading=\"lazy\" decoding=\"async\" aria-describedby=\"caption-attachment-120947\" class=\"wp-image-120947\" src=\"https:\/\/www.focolare.org\/wp-content\/uploads\/2015\/03\/Margarita-Stolbizer.jpg\" alt=\"Margarita-Stolbizer\" width=\"328\" height=\"218\" \/><\/a><p id=\"caption-attachment-120947\" class=\"wp-caption-text\">Margarita Stolbizer<\/p><\/div>\n<p>Am\u00e9rica Latina es unidad y diversidad y su camino a la integraci\u00f3n es la que la hace fuerte. Es un designio, a\u00fan no totalmente alcanzado, sin duda. En Am\u00e9rica Latina hay una com\u00fan-unidad de sentimientos, emociones, lazos de fraternidad sobre la base de una historia compartida. Esa es la mirada prof\u00e9tica que tuvo <a href=\"https:\/\/www.focolare.org\/es\/chiara-lubich\/\">Chiara Lubich<\/a> sobre la Regi\u00f3n y hacia donde fatigosamente nos vamos encaminando.<\/p>\n<p>Las democracias en Am\u00e9rica Latina, si bien se han ido consolidando tras los procesos democratizadores post-dictaduras y de integraci\u00f3n regional, no han continuado una l\u00ednea de mejora progresiva en cuanto a la calidad de la misma. Am\u00e9rica Latina debe afrontar un futuro incierto y complicado. El crecimiento econ\u00f3mico vivido en los \u00faltimos a\u00f1os no consigui\u00f3 erradicar completamente la pobreza y casi no modific\u00f3 la desigualdad social y mucho menos la inseguridad ciudadana.<\/p>\n<p>Y ac\u00e1 es donde entonces aparece el v\u00ednculo tan estrecho entre la pol\u00edtica y la idea de fraternidad. La idea de fraternidad, sobre todo en el testimonio y en la palabra de Chiara Lubich, tiene que ver con dos elementos centrales de la pol\u00edtica. Un elemento es la idea de la pol\u00edtica como proyecto colectivo de Am\u00e9rica Latina que transcienda a nuestras individualidades implica, sin duda, un acto de comuni\u00f3n, un acto de fraternidad, porque es el reconocimiento del otro y el instrumento principal para la construcci\u00f3n del proyecto colectivo, es el di\u00e1logo. El respeto de la diversidad. Y el otro elemento, es la perspectiva del mediano plazo. La idea de que se trabaja para acciones que tal vez uno ni siquiera llegue a ver es el mayor acto de grandeza que la pol\u00edtica tiene.<\/p>\n<p>En estos cuatro espacios: el Estado, las organizaciones sociales, el sector privado y en el sector del conocimiento, Chiara Lubich ha dado impulso a numerosas iniciativas y liderazgos, no s\u00f3lo en la Regi\u00f3n sino en todo el mundo.<\/p>\n<p>El acceso a los derechos b\u00e1sicos, a la educaci\u00f3n y el acceso al trabajo han sido y deben volver a ser los pilares fundamentales de la construcci\u00f3n de una identidad nacional. Y eso tiene que estar en la agenda, en la agenda de las prioridades, sobre todo sociales. Hay que recuperar las instituciones no pensadas como edificios, sino pensadas justamente como el \u00e1mbito en el cual se consagran, se aseguran los derechos de las personas y se hace operativo el ejercicio de esos derechos, para que esto no sea simplemente una cuesti\u00f3n declamatoria o ret\u00f3rica de los derechos que se tienen, sino que realmente se puedan ejercer.<\/p>\n<div id=\"attachment_120949\" style=\"width: 338px\" class=\"wp-caption alignleft\"><a href=\"https:\/\/www.focolare.org\/wp-content\/uploads\/2015\/03\/ChristinaCalvo-01.jpg\"><img loading=\"lazy\" decoding=\"async\" aria-describedby=\"caption-attachment-120949\" class=\"wp-image-120949\" src=\"https:\/\/www.focolare.org\/wp-content\/uploads\/2015\/03\/ChristinaCalvo-01.jpg\" alt=\"ChristinaCalvo\" width=\"328\" height=\"245\" \/><\/a><p id=\"caption-attachment-120949\" class=\"wp-caption-text\">Cristina Calvo<\/p><\/div>\n<p>Y el aporte de Chiara Lubich nos puso de relieve la dimensi\u00f3n \u00e9tica de la pol\u00edtica que tiene que ver con la transparencia y que est\u00e1 vinculada de manera directa con la idea de la fraternidad, que es la \u00e9tica que nos permite indignarnos de la misma manera frente a la corrupci\u00f3n que frente a la pobreza y a la desigualdad.<\/p>\n<p>Creemos que Am\u00e9rica Latina, desde la mirada de la pol\u00edtica, tiene que recuperar un modelo y un proyecto de desarrollo econ\u00f3mico productivo con inclusi\u00f3n social que asegure el acceso a la integralidad de los derechos humanos y a generar y mantener condiciones de vida digna. Necesitamos recuperar liderazgos confiables, liderazgos previsibles, liderazgos ejemplares. Sobre todo, la idea de la ejemplaridad que no disciplina ni con dinero ni con compra de voluntades, sino que lo hace con la conducta, con el ejemplo. Pero tambi\u00e9n una ejemplaridad que no basta que sea individual sino que construya liderazgos colectivos, participativos. No hay proyecto de desarrollo que no defina como prioritaria la soluci\u00f3n de la situaci\u00f3n de los sectores m\u00e1s vulnerables, de los sectores m\u00e1s pobres.<\/p>\n<p>Recuperar tambi\u00e9n la idea de la fraternidad como valor vinculado con las prioridades de esa agenda p\u00fablica. Necesitamos recuperar una pol\u00edtica de convicciones. Eso implica la aceptaci\u00f3n de la diversidad. Recuperar adem\u00e1s la confiabilidad, la previsibilidad, la representaci\u00f3n que tiene que ir de la mano de la confianza. En Argentina y en el resto de Am\u00e9rica Latina necesitamos recuperar la confianza y por sobre todas las cosas una cultura de valores, una cultura de valores \u00e9ticos encarnados en la pr\u00e1ctica y en el pensamiento pol\u00edtico. Y aqu\u00ed es donde vuelven a aparecer los principios y el testimonio de vida por el cual hoy estamos homenajeando a Chiara Lubich. Para Am\u00e9rica Latina, Chiara Lubich suma carisma, saber, liderazgo, acci\u00f3n y destino. En ese destino, en ese compromiso, estamos nosotros.<\/p>\n<p>Por Margarita Stolbizer (argentina, abogada, diputada nacional, presidenta del Partido Generaci\u00f3n para el Encuentro Nacional\u2013GEN y candidata 2015 a la Presidencia de la Rep\u00fablica, por el centro-izquierda) y Cristina Calvo (argentina, economista, dirigente en el Partido Generaci\u00f3n para el Encuentro Nacional\u2013GEN)<\/p>\n","protected":false},"excerpt":{"rendered":"<p>Recuperar la confianza y una cultura de valores. El auspicio de Margarita Stolbizer y Cristina Calvo, mujeres pol\u00edticas argentinas, a la luz de la visi\u00f3n prof\u00e9tica de Chiara Lubich sobre el continente Latinoamericano. #politics4unity.<\/p>\n","protected":false},"author":34,"featured_media":0,"comment_status":"open","ping_status":"open","sticky":false,"template":"","format":"standard","meta":{"give_campaign_id":0,"_seopress_robots_primary_cat":"","_seopress_titles_title":"","_seopress_titles_desc":"","_seopress_robots_index":"","_et_pb_use_builder":"","_et_pb_old_content":"","_et_gb_content_width":"","footnotes":""},"categories":[904],"tags":[],"class_list":["post-323978","post","type-post","status-publish","format-standard","hentry","category-focolare-worldwide-2-2"],"_links":{"self":[{"href":"https:\/\/www.focolare.org\/es\/wp-json\/wp\/v2\/posts\/323978","targetHints":{"allow":["GET"]}}],"collection":[{"href":"https:\/\/www.focolare.org\/es\/wp-json\/wp\/v2\/posts"}],"about":[{"href":"https:\/\/www.focolare.org\/es\/wp-json\/wp\/v2\/types\/post"}],"author":[{"embeddable":true,"href":"https:\/\/www.focolare.org\/es\/wp-json\/wp\/v2\/users\/34"}],"replies":[{"embeddable":true,"href":"https:\/\/www.focolare.org\/es\/wp-json\/wp\/v2\/comments?post=323978"}],"version-history":[{"count":0,"href":"https:\/\/www.focolare.org\/es\/wp-json\/wp\/v2\/posts\/323978\/revisions"}],"wp:attachment":[{"href":"https:\/\/www.focolare.org\/es\/wp-json\/wp\/v2\/media?parent=323978"}],"wp:term":[{"taxonomy":"category","embeddable":true,"href":"https:\/\/www.focolare.org\/es\/wp-json\/wp\/v2\/categories?post=323978"},{"taxonomy":"post_tag","embeddable":true,"href":"https:\/\/www.focolare.org\/es\/wp-json\/wp\/v2\/tags?post=323978"}],"curies":[{"name":"wp","href":"https:\/\/api.w.org\/{rel}","templated":true}]}}