{"id":324032,"date":"2015-04-08T04:00:32","date_gmt":"2015-04-08T02:00:32","guid":{"rendered":"https:\/\/www.focolare.org\/una-mirada-sobre-mexico-la-politica-y-los-jovenes\/"},"modified":"2024-05-16T14:49:34","modified_gmt":"2024-05-16T12:49:34","slug":"una-mirada-sobre-mexico-la-politica-y-los-jovenes","status":"publish","type":"post","link":"https:\/\/www.focolare.org\/es\/una-mirada-sobre-mexico-la-politica-y-los-jovenes\/","title":{"rendered":"Una mirada sobre M\u00e9xico: la pol\u00edtica y los j\u00f3venes"},"content":{"rendered":"<p><a href=\"https:\/\/www.focolare.org\/wp-content\/uploads\/2015\/04\/20150408-03.jpg\"><img loading=\"lazy\" decoding=\"async\" class=\"alignleft wp-image-122229\" src=\"https:\/\/www.focolare.org\/wp-content\/uploads\/2015\/04\/20150408-03.jpg\" alt=\"20150408-03\" width=\"328\" height=\"246\" \/><\/a>\u00ab\u00a1Hola! Soy Abraham, soy de M\u00e9xico, un pa\u00eds de personas nobles y de mucha fe; un pueblo que tiene los brazos abiertos al mundo\u00bb. Comienza as\u00ed su relato ante una platea de 300 j\u00f3venes reunidos en un aula del Parlamento italiano para recordar y su prof\u00e9tica visi\u00f3n de la pol\u00edtica. Abraham trae consigo el bagaje de un pa\u00eds devastado por el narcotr\u00e1fico y por los se\u00f1ores de la muerte. A \u00e9l mismo un polic\u00eda le apunt\u00f3 con una pistola en la cabeza, porque lo confundi\u00f3 con un traficante , que estaba a su lado y que la miseria hab\u00eda empujado por este camino. <strong>\u00abEn el 2006 \u2013 contin\u00faa- comenz\u00f3 la lucha contra el narcotr\u00e1fico, <\/strong>una guerra que en 8 a\u00f1os ha dejado m\u00e1s v\u00edctimas que la guerra de Vietnam, entre los cuales muchos inocentes y gente que lucha por un compromiso civil: periodistas, militantes, etc. A menudo el pueblo sale manifestar porque el Gobierno est\u00e1 perdiendo credibilidad dentro de una fuerte crisis econ\u00f3mica y social\u00bb <strong>\u00abVivo en la ciudad de M\u00e9xico<\/strong> donde cada d\u00eda se presenta un nuevo desaf\u00edo. A pesar de esto, creo en un mundo unido y en el ideal de la fraternidad universal. Pero s\u00e9 que el cambio debe comenzar por m\u00ed mismo, sin esperarlo de los dem\u00e1s, ni siquiera de las autoridades\u00bb.\u00a0<strong>\u00abSi fuese uno de ustedes que tienen en el coraz\u00f3n el bien com\u00fan de M\u00e9xico <\/strong>\u2013afirma <strong><a href=\"http:\/\/www.edc-online.org\/it\/pubblicazioni\/articoli-di\/luigino-bruni.html\">Luigino Bruni<\/a>, <\/strong>dirigi\u00e9ndose a los j\u00f3venes- tratar\u00eda de estudiar las causas de esta enfermedad, entre ellas el capitalismo financiero que aumenta las desigualdades. Son formas de riqueza que no son inclusivas\u00bb. <strong>\u00abEl primer paso a dar cuando se quiere cambiar un pa\u00eds es amarlo\u00bb, <\/strong>subraya nuevamente el economista impulsado por el testimonio de Abraham. \u00abCada pa\u00eds tiene una vocaci\u00f3n de belleza, tiene su genialidad, su identidad, con sus ambivalencias\u00bb. Adem\u00e1s les d un consejo: \u00a1estudiar m\u00e1s, aprender bien una profesi\u00f3n! \u00ab\u00bfSon minor\u00eda? No importa. Aunque sean pocos basta estar muy motivados. Al mundo lo cambian las minor\u00edas prof\u00e9ticas. Y no dejen de creer que un mundo distinto es posible. La primera lucha que hay que dar, cuando uno es joven, es la de no perder la fe en el ideal. <strong>Hay que creer en lo imposible para tener un posible bueno\u00bb<\/strong><strong>.<\/strong><\/p>\n<p><strong><a href=\"https:\/\/www.focolare.org\/wp-content\/uploads\/2015\/04\/20150408-01.jpg\"><img loading=\"lazy\" decoding=\"async\" class=\"alignright wp-image-122223\" src=\"https:\/\/www.focolare.org\/wp-content\/uploads\/2015\/04\/20150408-01.jpg\" alt=\"20150408-01\" width=\"380\" height=\"285\" \/><\/a>\u00abVarias veces me ofrecieron droga, <\/strong>tambi\u00e9n me robaron \u2013 contin\u00faa Abraham- Hace tiempo, cuando volv\u00eda a casa despu\u00e9s del liceo, se me acerc\u00f3 un muchacho para pedirme un cigarrillo. En ese momento lleg\u00f3 la polic\u00eda para capturarnos. El ten\u00eda la droga en el bolsillo y yo s\u00f3lo los libros en la mochila. Empezaron a pegarle, mientras que el otro polic\u00eda me apunt\u00f3 con una pistola en la cabeza y me preguntaba d\u00f3nde ten\u00eda la droga. Cuando los polic\u00edas se fueron, ayud\u00e9 a este muchacho a levantarse, le di el poco dinero que ten\u00eda. El me dio un abrazo y me dijo: \u00bfsabes que con este dinero hoy comer\u00e1 mi familia? Me di cuenta de que un peque\u00f1o acto de amor desata una fuerza grand\u00edsima que no sabemos hasta d\u00f3nde puede llegar. A pesar de la impotencia, quiero ver a mi vecino y a las personas que encuentro por la calle con ojos nuevos, y con otros amigos, dar un aporte concreto\u00bb.<\/p>\n<p>Con el deseo de un mayor compromiso por el bien del propio pa\u00eds y a pesar de las numerosas dificultades y el des\u00e1nimo de la mayor\u00eda, el 20 de marzo pasado, j\u00f3venes de diversas organizaciones se encontraron en la C\u00e1mara de Senadores Mexicana para tener una jornada sobre el d\u00edalogo, con los pol\u00edticos, algo muy importante en un mundo que espera respuestas a los desaf\u00edos m\u00e1s grandes.<\/p>\n<p>&nbsp;<\/p>\n","protected":false},"excerpt":{"rendered":"<p>Abraham, un joa pesar de las grandes desigualdades en que se \u00e9ste encuentra. En di\u00e1logo con Luigino Bruni. ven mexicano, comparte su experiencia de lucha pac\u00edfica por un pa\u00eds<\/p>\n","protected":false},"author":34,"featured_media":0,"comment_status":"open","ping_status":"open","sticky":false,"template":"","format":"standard","meta":{"give_campaign_id":0,"_seopress_robots_primary_cat":"","_seopress_titles_title":"","_seopress_titles_desc":"","_seopress_robots_index":"","_et_pb_use_builder":"","_et_pb_old_content":"","_et_gb_content_width":"","footnotes":""},"categories":[904],"tags":[],"class_list":["post-324032","post","type-post","status-publish","format-standard","hentry","category-focolare-worldwide-2-2"],"_links":{"self":[{"href":"https:\/\/www.focolare.org\/es\/wp-json\/wp\/v2\/posts\/324032","targetHints":{"allow":["GET"]}}],"collection":[{"href":"https:\/\/www.focolare.org\/es\/wp-json\/wp\/v2\/posts"}],"about":[{"href":"https:\/\/www.focolare.org\/es\/wp-json\/wp\/v2\/types\/post"}],"author":[{"embeddable":true,"href":"https:\/\/www.focolare.org\/es\/wp-json\/wp\/v2\/users\/34"}],"replies":[{"embeddable":true,"href":"https:\/\/www.focolare.org\/es\/wp-json\/wp\/v2\/comments?post=324032"}],"version-history":[{"count":0,"href":"https:\/\/www.focolare.org\/es\/wp-json\/wp\/v2\/posts\/324032\/revisions"}],"wp:attachment":[{"href":"https:\/\/www.focolare.org\/es\/wp-json\/wp\/v2\/media?parent=324032"}],"wp:term":[{"taxonomy":"category","embeddable":true,"href":"https:\/\/www.focolare.org\/es\/wp-json\/wp\/v2\/categories?post=324032"},{"taxonomy":"post_tag","embeddable":true,"href":"https:\/\/www.focolare.org\/es\/wp-json\/wp\/v2\/tags?post=324032"}],"curies":[{"name":"wp","href":"https:\/\/api.w.org\/{rel}","templated":true}]}}