{"id":324064,"date":"2015-04-22T08:04:29","date_gmt":"2015-04-22T06:04:29","guid":{"rendered":"https:\/\/www.focolare.org\/las-naciones-unidas-vistas-desde-los-ojos-de-un-joven\/"},"modified":"2024-05-16T14:49:41","modified_gmt":"2024-05-16T12:49:41","slug":"las-naciones-unidas-vistas-desde-los-ojos-de-un-joven","status":"publish","type":"post","link":"https:\/\/www.focolare.org\/es\/las-naciones-unidas-vistas-desde-los-ojos-de-un-joven\/","title":{"rendered":"Las Naciones Unidas vistas desde los ojos de un joven"},"content":{"rendered":"<p><img loading=\"lazy\" decoding=\"async\" class=\"alignleft wp-image-122891\" src=\"https:\/\/www.focolare.org\/wp-content\/uploads\/2015\/04\/unitednationsbuilding.jpg\" alt=\"unitednationsbuilding\" width=\"280\" height=\"373\" \/><strong>Sede general de las Naciones Unidas:<\/strong> millares de personas trabajan all\u00ed, importantes personalidades y jefes de estado \u2013 \u00bfhay alguien que nunca so\u00f1\u00f3 entrar ah\u00ed alg\u00fan d\u00eda? Ermanno Perotti, 25 a\u00f1os, estudiante de Econom\u00eda del desarrollo en Florencia\/Italia, se encuentra ah\u00ed, y no como uno de los numerosos visitantes que siguen a los gu\u00edas a lo largo de los inmensos pasillos. \u00c9l acompa\u00f1a a Mar\u00eda Voce, la presidenta del Movimiento de los Focolares, que ha sido <a href=\"https:\/\/www.focolare.org\/es\/news\/2015\/04\/21\/english-maria-voce-at-the-united-nations\/\">invitada con otros l\u00edderes religiosos<\/a> para intervenir en el <a href=\"https:\/\/www.focolare.org\/press\/files\/2015\/04\/20150415_MariaVoceONU_CS.pdf\">Debate de Alto Nivel<\/a> sobre \u201cPromoci\u00f3n de la Tolerancia y la Reconciliaci\u00f3n: favoreciendo sociedades pac\u00edficas, acogedoras y contrastando el extremismo violento\u201d.  Muchos comparten la impresi\u00f3n de Perotti: \u00abCada representante de un Estado da su contribuci\u00f3n, muchas palabras bonitas e iniciativas positivas, pero parecen estar aislados, <strong>cada uno ve la ONU como una plataforma para difundir sus propios pensamientos\u00bb.<\/strong>  <strong>\u00abLa cosa que un poco me molesta es precisamente la falta de escucha<\/strong>. Lo que en cambio me atrae es ver el esfuerzo de llenar esta falta con una escucha y un di\u00e1logo verdadero\u00bb. Con esta perspectiva, que ha heredado de la vida de los <a href=\"https:\/\/www.focolare.org\/es\/movimento-dei-focolari\/scelte-e-impegno\/gen\/\">j\u00f3venes de los Focolares<\/a>, ha sentido la atracci\u00f3n a comprometerse en la pol\u00edtica, para estimular relaciones m\u00e1s verdaderas.  Casi todos los interlocutores estaban de acuerdo sobre <strong>c\u00f3mo prevenir la violencia y el extremismo:<\/strong> no hay otro camino sino el di\u00e1logo entre las culturas. <strong>\u00abMe gustar\u00eda hacer surgir una escuela de di\u00e1logo precisamente en la ONU\u00bb <\/strong>dice Perotti. De hecho, el 90% de los relatores han subrayado la necesidad de formaci\u00f3n, y muchos han hablado de la necesidad de dar voz a las mujeres y luchar contra la pobreza.  <div id=\"attachment_122883\" style=\"width: 330px\" class=\"wp-caption alignright\"><a href=\"https:\/\/www.focolare.org\/wp-content\/uploads\/2015\/04\/IMG_1276.jpg\"><img loading=\"lazy\" decoding=\"async\" aria-describedby=\"caption-attachment-122883\" class=\"wp-image-122883\" src=\"https:\/\/www.focolare.org\/wp-content\/uploads\/2015\/04\/IMG_1276.jpg\" alt=\"IMG_1276\" width=\"320\" height=\"213\" \/><\/a><p id=\"caption-attachment-122883\" class=\"wp-caption-text\">Ermanno Perotti<\/p><\/div>  Adem\u00e1s muchos han expresado su esperanza en los j\u00f3venes. Dijeron que se deber\u00eda empezar por ellos. Perotti no comparte plenamente esta afirmaci\u00f3n: \u00abSon siempre los adultos que hablan de los j\u00f3venes. <strong>\u00bfD\u00f3nde est\u00e1n los j\u00f3venes que hablan de los j\u00f3venes?\u00bb <\/strong>se pregunta. Ve que su generaci\u00f3n est\u00e1 ya lista para un futuro multicultural: \u00abYo crec\u00ed as\u00ed: en mi sal\u00f3n de clases somos de 10 nacionalidades y 4 religiones distintas. Podemos mostrar al mundo c\u00f3mo vivimos cotidianamente y espont\u00e1neamente\u00bb.  <strong>El 22 de abril es el d\u00eda de la mesa redonda en las Naciones Unidas<\/strong>. Ermanno Perotti se la toma con calma: \u00abMe dije antes, tambi\u00e9n con Mar\u00eda Voce, de vivir estos d\u00edas antes que nada como una experiencia de Dios\u00bb. Tambi\u00e9n hoy, en la ONU, ser\u00e1 una experiencia de Dios. Como algunos oradores han dicho, \u201cal final todo se concentra en la regla de oro, \u2018amar al pr\u00f3jimo\u2019. De la misma manera tambi\u00e9n ir all\u00e1 con la Presidenta, al final es simple porque uno va para amar y para ser un cuerpo con todos los dem\u00e1s j\u00f3venes en el mundo\u00bb.  <em>Susanne Janssen, New York<\/em>  &nbsp;  <em>Conexi\u00f3n v\u00eda streaming en http:\/\/m.webtv.un.org<\/em><\/p>\n","protected":false},"excerpt":{"rendered":"<p>Italiano, 25 a\u00f1os, Master en Econom\u00eda del desarrollo. Ermanno Perotti se encuentra con Mar\u00eda Voce en la ONU: somos una generaci\u00f3n preparada para un futuro multicultural. Sue\u00f1o con una escuela de di\u00e1logo en el Palacio de Cristal.<\/p>\n","protected":false},"author":34,"featured_media":0,"comment_status":"open","ping_status":"open","sticky":false,"template":"","format":"standard","meta":{"give_campaign_id":0,"_seopress_robots_primary_cat":"","_seopress_titles_title":"","_seopress_titles_desc":"","_seopress_robots_index":"","_et_pb_use_builder":"","_et_pb_old_content":"","_et_gb_content_width":"","footnotes":""},"categories":[904],"tags":[],"class_list":["post-324064","post","type-post","status-publish","format-standard","hentry","category-focolare-worldwide-2-2"],"_links":{"self":[{"href":"https:\/\/www.focolare.org\/es\/wp-json\/wp\/v2\/posts\/324064","targetHints":{"allow":["GET"]}}],"collection":[{"href":"https:\/\/www.focolare.org\/es\/wp-json\/wp\/v2\/posts"}],"about":[{"href":"https:\/\/www.focolare.org\/es\/wp-json\/wp\/v2\/types\/post"}],"author":[{"embeddable":true,"href":"https:\/\/www.focolare.org\/es\/wp-json\/wp\/v2\/users\/34"}],"replies":[{"embeddable":true,"href":"https:\/\/www.focolare.org\/es\/wp-json\/wp\/v2\/comments?post=324064"}],"version-history":[{"count":0,"href":"https:\/\/www.focolare.org\/es\/wp-json\/wp\/v2\/posts\/324064\/revisions"}],"wp:attachment":[{"href":"https:\/\/www.focolare.org\/es\/wp-json\/wp\/v2\/media?parent=324064"}],"wp:term":[{"taxonomy":"category","embeddable":true,"href":"https:\/\/www.focolare.org\/es\/wp-json\/wp\/v2\/categories?post=324064"},{"taxonomy":"post_tag","embeddable":true,"href":"https:\/\/www.focolare.org\/es\/wp-json\/wp\/v2\/tags?post=324064"}],"curies":[{"name":"wp","href":"https:\/\/api.w.org\/{rel}","templated":true}]}}