{"id":324074,"date":"2015-04-26T04:00:14","date_gmt":"2015-04-26T02:00:14","guid":{"rendered":"https:\/\/www.focolare.org\/giordani-historia-de-light\/"},"modified":"2024-05-16T14:49:42","modified_gmt":"2024-05-16T12:49:42","slug":"giordani-historia-de-light","status":"publish","type":"post","link":"https:\/\/www.focolare.org\/es\/giordani-historia-de-light\/","title":{"rendered":"Giordani: Historia de Light"},"content":{"rendered":"<p><p><a href=\"https:\/\/www.focolare.org\/wp-content\/uploads\/2015\/04\/Giordani-11.png\"><img loading=\"lazy\" decoding=\"async\" class=\"alignright  wp-image-123142\" src=\"https:\/\/www.focolare.org\/wp-content\/uploads\/2015\/04\/Giordani-11.png\" alt=\"Giordani-11\" width=\"333\" height=\"248\" \/><\/a><strong>\u00abLa cosa empez\u00f3, como las cosas de Dios, de una humilde semilla.<\/strong> Silvia Lubich era hija de un comerciante de vino, quien se hab\u00eda visto reducido a empleado municipal debido a la crisis econ\u00f3mica de la Segunda Guerra Mundial, y de una ama de casa de Trento, quien siendo joven hab\u00eda trabajado en la tipograf\u00eda de Cesare Battisti. Dos cristianos trentinos: sencillos, honestos, sin muchas historias. Ellos hab\u00edan tra\u00eddo al mundo cuatro hijos, un var\u00f3n, el primog\u00e9nito, y tres chicas, entre las cuales Silvia, que naci\u00f3 el 22 de enero de 1920, era la mayor. A todos les impartieron una educaci\u00f3n cristiana, la cual forj\u00f3 en Silvia una piedad lineal desde la infancia. Lineal, porque no permit\u00eda dobleces: no permit\u00eda que se dividiera el deseo entre Dios y el mundo, que se pensara en el bien y el mal, que se mostrara una cosa y se escondiera otra. Estaba Dios: Dios era todo y por lo tanto era necesario ser todos de Dios: hacer la voluntad de \u00c9l, siempre, como un rayo de sol que sale del cielo para posarse en la tierra\u00bb.<\/p>\n<p>Es el inicio de <em>Historia de Light, <\/em>es decir la historia de <a href=\"https:\/\/www.focolare.org\/es\/chiara-lubich\/chi-e-chiara\/\">Chiara Lubich<\/a> escrita por uno de los protagonistas de los acontecimientos descritos: <a href=\"https:\/\/www.focolare.org\/es\/chiara-lubich\/chi-e-chiara\/igino-giordani\/\">Igino Giordani<\/a>, personalidad insigne de la cultura y de la pol\u00edtica italiana, co-fundador del Movimiento de los Focolares.<\/p>\n<p><strong>\u00abSer una obra maestra no es nunca f\u00e1cil para ninguna obra\u00bb<\/strong>, escribe Alberto Lo Presti, director del<a href=\"http:\/\/www.iginogiordani.info\/\" target=\"_blank\" rel=\"noopener\"> Centro Igino Giordani<\/a>, al introducir el primer cap\u00edtulo. \u00abImaginen lo que ser\u00e1 para un libro que tiene que disputar esa primac\u00eda con otro centenar, todos los que escribi\u00f3 Giordani. <em>La historia de Light, <\/em>en cambio, nunca ha visto la luz. No s\u00f3lo: es un texto desconocido tambi\u00e9n para quienes \u2013en estos a\u00f1os- lo han custodiado. Fue el mismo Giordani quien pidi\u00f3 que esperaran, cuando \u2013en realidad- cualquier autor habr\u00eda preferido lo contrario, sobre todo por lo que se refiere a sus mejores trabajos\u00bb.<\/p>\n<p><strong>\u00ab<em>Historia de Light<\/em> no es una investigaci\u00f3n conducida seg\u00fan las normas y la metodolog\u00eda de la historiograf\u00eda. <\/strong>Podr\u00edamos definirla como la narraci\u00f3n de la prodigiosa intervenci\u00f3n suscitada por el Esp\u00edritu Santo \u2013que se hace visible en la figura y en las acciones de Chiara Lubich- en la historia del siglo XX. En otras palabras, est\u00e1 constituida por una serie de cuadros narrativos en donde la l\u00ednea biogr\u00e1fica de Chiara se entrelaza con el designio de Dios sobre la humanidad afligida, sin ideales y trastornada socialmente por las divisiones y las guerras mundiales. Por eso en la sutil trama de la <em>Historia de Light<\/em>, reconocemos algunos elementos b\u00e1sicos de la compleja personalidad de Giordani. \u00c9l vivi\u00f3, como protagonista, todos los principales dramas del siglo XX, recibi\u00f3 heridas de guerra, sufri\u00f3 persecuciones ideol\u00f3gicas, acept\u00f3 la marginaci\u00f3n civil. Fue un hombre de fe, trabaj\u00f3 para la Iglesia y la cultura, consciente de que el mal radical ser\u00eda vencido por un nuevo esp\u00edritu cristiano, que busc\u00f3 tenazmente. Encontr\u00f3 a Chiara Lubich, en septiembre de 1948, y percibi\u00f3 en ella la luz (light) que estaba buscando. Fue su disc\u00edpulo poniendo a disposici\u00f3n de la fundadora del <a href=\"https:\/\/www.focolare.org\/es\/movimento-dei-focolari\/\">Movimiento de los Focolares<\/a> toda su inteligencia y voluntad. Nunca tuvo dudas de la fuerza y de la preminencia de la figura de Chiara para la Iglesia, para la sociedad, para la historia contempor\u00e1nea y para el porvenir. Por lo tanto, Giordani no pod\u00eda, ni si lo hubiese querido, escribir una historia completa de Chiara Lubich, tomando distancia, con una metodolog\u00eda inexpugnable. Su vinculaci\u00f3n humana y espiritual no se lo pod\u00edan conceder\u00bb.<\/p>\n<p>\u00abEl Autor hab\u00eda escrito numerosos vol\u00famenes sobre las m\u00e1s grandes figuras espirituales: Catalina de Siena, Ignacio de Loyola, Magdalena de Canossa, Contardo Ferrini, Francisco de Paula, Vicente de Pa\u00fal, Francisco de Sales, Francisco de As\u00eds, s\u00f3lo para citar algunos trabajos monogr\u00e1ficos. Se trata de una galer\u00eda de personalidades extraordinarias, de \u00e9pocas y contextos diferentes. El lugar de honor, en esta rica secuela, ha sido asignado a Chiara Lubich, de cuya historia hizo su \u201cobra maestra\u201d. Cuando, con 54 a\u00f1os, la historia lo llam\u00f3 a la cita con Chiara, no lleg\u00f3 espiritualmente desarmando. Sab\u00eda evaluar la grandeza religiosa de un ideal, y ten\u00eda los instrumentos para medir la magnitud de una intuici\u00f3n m\u00edstica. Por dicha raz\u00f3n [\u2026] podemos creer que Giordani advirti\u00f3 una especie de supremo deber de dar testimonio de la verdad de qui\u00e9n fue realmente Chiara. Por otra parte, este papel \u00e9l lo asumi\u00f3 desde los primeros momentos en que empez\u00f3 a frecuentar a Chiara y al primer n\u00facleo de focolarinas. Con su erudici\u00f3n, estaba en grado de revelar la importancia y la novedad de la figura de Chiara a las j\u00f3venes que la segu\u00edan\u00bb.<\/p>\n<p><strong>\u00abGiordani vivi\u00f3 momentos dif\u00edciles en donde Chiara Lubich y los Focolares estuvieron bajo la lupa <\/strong>de la Congregaci\u00f3n del Santo Oficio. De dicho per\u00edodo \u2013estamos en los a\u00f1os Cincuenta- y todav\u00eda durante muchos a\u00f1os despu\u00e9s, se produjo una difusa actitud de prudencia que induc\u00eda a la m\u00e1xima discreci\u00f3n sobre la figura de Chiara. Si bien era necesario contener los sentimientos de afecto y de estima hacia Chiara, a Giordani no le cab\u00eda duda de que la verdad sobre ella se escribir\u00eda y se transmitir\u00eda. Por eso, <em>Historia de Light, <\/em>su \u201cobra de arte\u201d.<\/p>\n<p><a href=\"http:\/\/www.cittanuova.it\/FILE\/PDF\/NU_articolo26156.pdf\">Introducci\u00f3n a la <em>Historia de Light<\/em><\/a> (texto integral en italiano) \u2013 publicado en Nuova Umanit\u00e0, enero-marzo 2015<\/p><\/p>\n","protected":false},"excerpt":{"rendered":"<p>\u00ab\u00c9sta es mi obra maestra. Publ\u00edquenla s\u00f3lo despu\u00e9s de mi muerte\u00bb. Con estas palabras, probablemente hacia mediados de los a\u00f1os Setenta, Igino Giordani entreg\u00f3 a Giulia (Eli) Folonari, para que se lo diera a Chiara Lubich, el manuscrito que ahora se publica por cap\u00edtulos en Nueva Humanidad.<\/p>\n","protected":false},"author":34,"featured_media":0,"comment_status":"open","ping_status":"open","sticky":false,"template":"","format":"standard","meta":{"give_campaign_id":0,"_seopress_robots_primary_cat":"","_seopress_titles_title":"","_seopress_titles_desc":"","_seopress_robots_index":"","_et_pb_use_builder":"","_et_pb_old_content":"","_et_gb_content_width":"","footnotes":""},"categories":[46],"tags":[],"class_list":["post-324074","post","type-post","status-publish","format-standard","hentry","category-sin-categorizar"],"_links":{"self":[{"href":"https:\/\/www.focolare.org\/es\/wp-json\/wp\/v2\/posts\/324074","targetHints":{"allow":["GET"]}}],"collection":[{"href":"https:\/\/www.focolare.org\/es\/wp-json\/wp\/v2\/posts"}],"about":[{"href":"https:\/\/www.focolare.org\/es\/wp-json\/wp\/v2\/types\/post"}],"author":[{"embeddable":true,"href":"https:\/\/www.focolare.org\/es\/wp-json\/wp\/v2\/users\/34"}],"replies":[{"embeddable":true,"href":"https:\/\/www.focolare.org\/es\/wp-json\/wp\/v2\/comments?post=324074"}],"version-history":[{"count":0,"href":"https:\/\/www.focolare.org\/es\/wp-json\/wp\/v2\/posts\/324074\/revisions"}],"wp:attachment":[{"href":"https:\/\/www.focolare.org\/es\/wp-json\/wp\/v2\/media?parent=324074"}],"wp:term":[{"taxonomy":"category","embeddable":true,"href":"https:\/\/www.focolare.org\/es\/wp-json\/wp\/v2\/categories?post=324074"},{"taxonomy":"post_tag","embeddable":true,"href":"https:\/\/www.focolare.org\/es\/wp-json\/wp\/v2\/tags?post=324074"}],"curies":[{"name":"wp","href":"https:\/\/api.w.org\/{rel}","templated":true}]}}