{"id":324084,"date":"2015-04-29T04:00:44","date_gmt":"2015-04-29T02:00:44","guid":{"rendered":"https:\/\/www.focolare.org\/salvaguardia-de-lo-creado-sonreir-al-mundo\/"},"modified":"2024-05-16T14:49:44","modified_gmt":"2024-05-16T12:49:44","slug":"salvaguardia-de-lo-creado-sonreir-al-mundo","status":"publish","type":"post","link":"https:\/\/www.focolare.org\/es\/salvaguardia-de-lo-creado-sonreir-al-mundo\/","title":{"rendered":"Salvaguardia de lo creado: sonre\u00edr al mundo"},"content":{"rendered":"<p><img loading=\"lazy\" decoding=\"async\" class=\"alignright wp-image-123358\" src=\"https:\/\/www.focolare.org\/wp-content\/uploads\/2015\/04\/FotoAnsaPapaBanKimoon.jpg\" alt=\"FotoAnsaPapaBanKimoon\" width=\"350\" height=\"248\" \/><strong>No hubo ning\u00fan anticipo sobre la enc\u00edclica del papa Francisco sobre la Creaci\u00f3n, pero s\u00ed una gran expectativa <\/strong>por el documento que ser\u00e1 presentado al inicio de junio. \u201cEl mundo espera escuchar su ense\u00f1anza y lo que dir\u00e1 en la enc\u00edclica y en su discurso a la Asamblea de las Naciones Unidas el pr\u00f3ximo 25 de septiembre\u201d, declara Jeffrey Sachs, director de la agencia de la ONU para el desarrollo sostenible (UN sustainable Development Solutions Networks), entre los promotores de la cumbre, junto a la Academia Pontificia de las Ciencias participa \u2018Religiones por la Paz\u2019, de las cuales Mar\u00eda Voce es una de las co-presidentes. Est\u00e1 presente el secretario general de las Naciones Unidas Ban Ki-Moon, el presidente de la Rep\u00fablica italiana Sergio Mattarella y de la Rep\u00fablica de Ecuador, Rafael Vicente Correa.  <img loading=\"lazy\" decoding=\"async\" class=\"alignleft wp-image-123353\" src=\"https:\/\/www.focolare.org\/wp-content\/uploads\/2015\/04\/IMG_8049.jpg\" alt=\"IMG_8049\" width=\"350\" height=\"261\" \/><strong>Es un congreso que ha reunido a cient\u00edficos, ecologistas, premios Nobel, <\/strong>l\u00edderes pol\u00edticos y religiosos, para profundizar en el debate sobre los cambios clim\u00e1ticos y el desarrollo sostenible, precisamente en preparaci\u00f3n a la presentaci\u00f3n de la enc\u00edclica. El eje tem\u00e1tico de la jornada es la dimensi\u00f3n moral del compromiso a favor del desarrollo sostenible. Es por eso que el hecho de haber involucrado a las comunidades religiosas, muy distintas entre ellas; es una novedad recibida como un buen auspicio. Para Mar\u00eda Voce, de esta cumbre emerge una \u201cnueva conciencia de que para obtener algo positivo es necesario trabajar juntos, porque nadie, por s\u00ed solo, tiene la receta para salir de las m\u00e1s dram\u00e1ticas situaciones. Se\u00f1ala que la humanidad tiene en s\u00ed misma la capacidad de salir de las crisis, pero lo puede hacer s\u00f3lo en sinergia con todos los componentes. Est\u00e1 surgiendo la necesidad rec\u00edproca de escucharse y hacer las cosas juntos\u201d.  <img loading=\"lazy\" decoding=\"async\" class=\"alignright size-full wp-image-123354\" src=\"https:\/\/www.focolare.org\/wp-content\/uploads\/2015\/04\/TheEarthCube-1.jpg\" alt=\"TheEarthCube (1)\" width=\"291\" height=\"300\" \/><strong>Y las respuestas que se encuentran no pueden ser s\u00f3lo t\u00e9cnicas, <\/strong>sino que deben estar basadas en la dimensi\u00f3n moral, y orientadas al bienestar de la humanidad, como dijo el Card. Turkson, presidente del dicasterio Justicia y Paz. El progreso econ\u00f3mico, cient\u00edfico, tecnol\u00f3gico ha introducido estilos de vida inimaginables por nuestros predecesores, pero tambi\u00e9n tiene \u201clados oscuros y costes inaceptables\u201d. \u201cMientras la sociedad global se define sobre valores como el consumo y sobre indicadores econ\u00f3micos, el privilegiado de turno es torpe ante el grito de los pobres\u201d. \u201cSobre 7 mil millones de personas, 3 viven en condiciones de pobreza, mientras que una \u00e9lite consume una buena parte de los recursos\u201d. Y se termina inevitablemente con el tema de la comida, que ser\u00e1 el centro de la Expo mundial del 2015, y que ya est\u00e1 a las puertas. Tukson denuncia con fuerza la explotaci\u00f3n laboral, el tr\u00e1fico humano y las modernas formas de esclavitud. El papa Francisco deplora esta \u201ccultura del descarte\u201d y la \u201cglobalizaci\u00f3n de la indiferencia\u201d, record\u00f3 el cardenal. \u201cLa Iglesia no es experta en ciencia, ni en tecnolog\u00eda, ni en econom\u00eda\u201d. \u2013declara- \u201cpero es experta en humanidad\u201d. Para vencer el desaf\u00edo del desarrollo sostenible \u201ces necesaria la misma conversi\u00f3n, la transformaci\u00f3n personal y la renovaci\u00f3n que invoc\u00f3 hace 50 a\u00f1os Pablo VI y que hoy promueve el papa Francisco\u201d.  <strong>\u201cUna posibilidad para actuar concretamente se nos ofrece a trav\u00e9s de una iniciativa <\/strong>inspirada en el proyecto de Eco One\u201d, explica Mar\u00eda Voce en una entrevista. \u201cSe trata del <a href=\"http:\/\/theearthcube.org\/\" target=\"_blank\" rel=\"noopener\">\u2018Dado de la Tierra\u2019<\/a>. En las seis caras incluyen frases que ayudan a vivir la tutela del ambiente: \u00a1sonr\u00ede al mundo!, \u00a1descubre la belleza! Tambi\u00e9n ense\u00f1a a vivir la sobriedad, a tomar s\u00f3lo lo necesario, como hacen los \u00e1rboles. Se trata de gestos cotidianos, de actos concretos: no desperdiciar el agua, reciclar los desechos, reutilizar las cosas. La \u00faltima cara dice: ahora es el momento, no esperes a ma\u00f1ana. Estas sencillas iniciativas pueden sostener a quienes quieren poner en pr\u00e1ctica lo que dice el Papa, pero no saben c\u00f3mo hacer\u201d.<\/p>\n","protected":false},"excerpt":{"rendered":"<p>Cumbre sobre los cambios clim\u00e1ticos en el Vaticano en preparaci\u00f3n a la enc\u00edclica sobre el ambiente. Ban Ki-moon, quien se encontr\u00f3 con el papa Francisco, invita a cambiar el estilo de vida. Mar\u00eda Voce relanza el \u201cEarth Cube\u201d presentado en los Estados Unidos el 22 de abril, D\u00eda de la Tierra.<\/p>\n","protected":false},"author":34,"featured_media":0,"comment_status":"open","ping_status":"open","sticky":false,"template":"","format":"standard","meta":{"give_campaign_id":0,"_seopress_robots_primary_cat":"","_seopress_titles_title":"","_seopress_titles_desc":"","_seopress_robots_index":"","_et_pb_use_builder":"","_et_pb_old_content":"","_et_gb_content_width":"","footnotes":""},"categories":[46],"tags":[],"class_list":["post-324084","post","type-post","status-publish","format-standard","hentry","category-sin-categorizar"],"_links":{"self":[{"href":"https:\/\/www.focolare.org\/es\/wp-json\/wp\/v2\/posts\/324084","targetHints":{"allow":["GET"]}}],"collection":[{"href":"https:\/\/www.focolare.org\/es\/wp-json\/wp\/v2\/posts"}],"about":[{"href":"https:\/\/www.focolare.org\/es\/wp-json\/wp\/v2\/types\/post"}],"author":[{"embeddable":true,"href":"https:\/\/www.focolare.org\/es\/wp-json\/wp\/v2\/users\/34"}],"replies":[{"embeddable":true,"href":"https:\/\/www.focolare.org\/es\/wp-json\/wp\/v2\/comments?post=324084"}],"version-history":[{"count":0,"href":"https:\/\/www.focolare.org\/es\/wp-json\/wp\/v2\/posts\/324084\/revisions"}],"wp:attachment":[{"href":"https:\/\/www.focolare.org\/es\/wp-json\/wp\/v2\/media?parent=324084"}],"wp:term":[{"taxonomy":"category","embeddable":true,"href":"https:\/\/www.focolare.org\/es\/wp-json\/wp\/v2\/categories?post=324084"},{"taxonomy":"post_tag","embeddable":true,"href":"https:\/\/www.focolare.org\/es\/wp-json\/wp\/v2\/tags?post=324084"}],"curies":[{"name":"wp","href":"https:\/\/api.w.org\/{rel}","templated":true}]}}