{"id":324182,"date":"2015-06-08T12:17:52","date_gmt":"2015-06-08T10:17:52","guid":{"rendered":"https:\/\/www.focolare.org\/bruselas-living-together-and-disagreeing-well-vivir-juntos-y-aceptar-la-diversidad\/"},"modified":"2024-05-16T14:50:03","modified_gmt":"2024-05-16T12:50:03","slug":"bruselas-living-together-and-disagreeing-well-vivir-juntos-y-aceptar-la-diversidad","status":"publish","type":"post","link":"https:\/\/www.focolare.org\/es\/bruselas-living-together-and-disagreeing-well-vivir-juntos-y-aceptar-la-diversidad\/","title":{"rendered":"Bruselas &#8211; \u201cLiving together and disagreeing well\u201d (\u201cVivir juntos y aceptar la diversidad\u201d)"},"content":{"rendered":"<p>Ante los enormes desaf\u00edos que la sociedad europea tiene que afrontar \u2013este a\u00f1o en especial despu\u00e9s de los ataques de Par\u00eds y Copenhague- se advierte una creciente desconfianza dentro y entre las comunidades.  Ya desde el inicio de los a\u00f1os \u201990, por iniciativa del entonces presidente de la Comisi\u00f3n Europea, Jacques Delors, el di\u00e1logo con las Iglesias y las organizaciones no confesionales, ofrece la posibilidad de un intercambio de puntos de vista en las pol\u00edticas europeas, entre instituciones y actores de la sociedad civil.  \u00bfC\u00f3mo vivir juntos y construir una sociedad en la que toda persona y comunidad pueda sentirse en casa y segura? \u00bfC\u00f3mo encontrar la forma para acoger las diferencias cuando sustancialmente no estamos de acuerdo? Son algunas de las preguntas abiertas para confrontar con los l\u00edderes religiosos.  Entre los invitados, est\u00e1 tambi\u00e9n la presidente del Movimiento de los Focolares,<a href=\"https:\/\/www.focolare.org\/es\/news\/2014\/09\/15\/maria-voce\/\"> Mar\u00eda Voce<\/a> quien, al responder a la invitaci\u00f3n subray\u00f3 que es un compromiso prioritario de los Focolares el \u00abconstruir puentes mediante un di\u00e1logo respetuoso a distintos niveles, para contribuir a la convivencia pac\u00edfica y fraterna entre personas de distintos credos y de las m\u00e1s variadas proveniencias \u00e9tnicas y sociales\u00bb.  \u00a0<\/p>\n","protected":false},"excerpt":{"rendered":"<p>En la sede de la Comisi\u00f3n Europea, 15 l\u00edderes religiosos, junto a los representantes de la Uni\u00f3n Europea participar\u00e1n en un encuentro sobre los desaf\u00edos que plantea la convivencia pac\u00edfica entre diversas comunidades ante el crecimiento de las tensiones en el continente.<\/p>\n","protected":false},"author":27,"featured_media":0,"comment_status":"open","ping_status":"open","sticky":false,"template":"","format":"standard","meta":{"give_campaign_id":0,"_seopress_robots_primary_cat":"","_seopress_titles_title":"","_seopress_titles_desc":"","_seopress_robots_index":"","_et_pb_use_builder":"","_et_pb_old_content":"","_et_gb_content_width":"","footnotes":""},"categories":[46],"tags":[],"class_list":["post-324182","post","type-post","status-publish","format-standard","hentry","category-sin-categorizar"],"_links":{"self":[{"href":"https:\/\/www.focolare.org\/es\/wp-json\/wp\/v2\/posts\/324182","targetHints":{"allow":["GET"]}}],"collection":[{"href":"https:\/\/www.focolare.org\/es\/wp-json\/wp\/v2\/posts"}],"about":[{"href":"https:\/\/www.focolare.org\/es\/wp-json\/wp\/v2\/types\/post"}],"author":[{"embeddable":true,"href":"https:\/\/www.focolare.org\/es\/wp-json\/wp\/v2\/users\/27"}],"replies":[{"embeddable":true,"href":"https:\/\/www.focolare.org\/es\/wp-json\/wp\/v2\/comments?post=324182"}],"version-history":[{"count":0,"href":"https:\/\/www.focolare.org\/es\/wp-json\/wp\/v2\/posts\/324182\/revisions"}],"wp:attachment":[{"href":"https:\/\/www.focolare.org\/es\/wp-json\/wp\/v2\/media?parent=324182"}],"wp:term":[{"taxonomy":"category","embeddable":true,"href":"https:\/\/www.focolare.org\/es\/wp-json\/wp\/v2\/categories?post=324182"},{"taxonomy":"post_tag","embeddable":true,"href":"https:\/\/www.focolare.org\/es\/wp-json\/wp\/v2\/tags?post=324182"}],"curies":[{"name":"wp","href":"https:\/\/api.w.org\/{rel}","templated":true}]}}