{"id":324246,"date":"2015-07-02T04:00:44","date_gmt":"2015-07-02T02:00:44","guid":{"rendered":"https:\/\/www.focolare.org\/en-polonia-por-los-caminos-de-la-economia-de-comunion\/"},"modified":"2024-05-16T14:50:15","modified_gmt":"2024-05-16T12:50:15","slug":"en-polonia-por-los-caminos-de-la-economia-de-comunion","status":"publish","type":"post","link":"https:\/\/www.focolare.org\/es\/en-polonia-por-los-caminos-de-la-economia-de-comunion\/","title":{"rendered":"En Polonia, por los caminos de la Econom\u00eda de Comuni\u00f3n"},"content":{"rendered":"<p>https:\/\/vimeo.com\/132331626  <strong>Quienes experimentan los efectos de la <a href=\"http:\/\/www.edc-online.org\/es\">Econom\u00eda de Comuni\u00f3n<\/a> (EdC), afirman que se trata de una <em>forma de vivir<\/em><\/strong>, adem\u00e1s de ser una manera de administrar una empresa. Tal vez es precisamente por esto que las m\u00e1s variadas empresas deciden administrar la propia actividad seg\u00fan el esp\u00edritu de EdC. <a href=\"http:\/\/www.complexprojekt.pl\/\">Complex Projekt<\/a>, que se desempe\u00f1a en el dise\u00f1o y la construcci\u00f3n de carreteras, autopistas, puentes, es una de ellas.  <strong>Cuando, a principios de los a\u00f1os \u201990, naci\u00f3 en Brasil la EdC<\/strong>, la empresa polaca atravesaba una situaci\u00f3n muy dif\u00edcil. La ca\u00edda del r\u00e9gimen comunista generaba fuertes dudas e inseguridades y la transici\u00f3n al sistema capitalista suscitaba un sinn\u00famero de preguntas y mucha desconfianza. El concepto mismo de propiedad creaba en los empresarios inquietudes y desaz\u00f3n interior.  <strong>Andrzej Mi\u0142kowski, presidente de Complex Projekt<\/strong>, encontr\u00f3 en la EdC la respuesta a su necesidad de \u00abliberarse de la presi\u00f3n de la propiedad\u00bb, como \u00e9l mismo advert\u00eda. Gracias a la EdC descubri\u00f3 que era \u00absimplemente un administrador\u00bb y que \u2013sus palabras son, comprensibles en dicho contexto \u2013 \u00abel propietario de la empresa era Dios\u00bb.  <strong>As\u00ed que Milkowski se dio cuenta de que es el capital humano lo que m\u00e1s cuenta en la empresa<\/strong>. Una buena administraci\u00f3n, afirma, depende de los valores en los que se cree. En su caso se trataba de los valores evang\u00e9licos, puestos en pr\u00e1ctica aplicando la ense\u00f1anza de S. Juan Pablo II: \u201c<em>ser m\u00e1s que hablar<\/em>\u201d. \u00c9ste es un lenguaje que podr\u00eda parecer ajeno al mundo de la empresa, pero que a la larga ha marcado realmente la diferencia en Complex Project.  <strong>\u00abNuestro trabajo consiste en realizar proyectos complejos<\/strong> <strong>de infraestructura <\/strong>y esto comporta una <strong>elevada responsabilidad &#8211; <\/strong>explica Milkowski. En la propuesta de EdC encontr\u00e9 la necesaria libertad interior y la distancia de m\u00ed mismo, valores que me han llevado a tomar decisiones ya no s\u00f3lo m\u00edas, sino que eran fruto de objetivos compartidos. Decisiones que luego demostraban ser las correctas para el desarrollo de la empresa\u00bb. Milkowski cuenta que con los colegas y el personal tratan de vivir teniendo como fundamento el respeto rec\u00edproco, buscan difundir una atm\u00f3sfera de confianza y ponen en primer lugar las relaciones interpersonales. De hecho, en el reglamento interno se menciona la Regla de Oro presente en casi todos los textos sagrados de las distintas religiones: \u2018Todo lo que quieran que los hombres les hagan a ustedes, h\u00e1ganles de igual manera a ellos\u2019, \u00abes como una oportunidad &#8211; explica el presidente \u2013 para que cada empleado haga sus elecciones con libertad\u00bb.  <img loading=\"lazy\" decoding=\"async\" class=\"alignright size-full wp-image-126441\" src=\"https:\/\/www.focolare.org\/wp-content\/uploads\/2015\/07\/ComplexProjekt_PoloniaInt..jpg\" alt=\"CP_Polonia3\" width=\"400\" height=\"300\" \/>Hace 2 a\u00f1os Andrzej Mi\u0142kowski empez\u00f3 a pasar gradualmente la administraci\u00f3n de la empresa a su hijo Stanis\u0142aw. Tambi\u00e9n este <strong>cambio generacional<\/strong> se est\u00e1 dando a la luz de los valores adquiridos en estos a\u00f1os. \u00abPienso &#8211; reflexiona Andrzej &#8211; que \u00e9ste es el resultado del estilo de vida laboral que todos en la empresa, el personal y los administrativos, recibimos de Dios. <strong>Si cada d\u00eda hacemos el intento, aunque peque\u00f1o<\/strong>, de vivir los valores evang\u00e9licos, practicando la oraci\u00f3n y acerc\u00e1ndonos a la Eucarist\u00eda &#8211; concluye el empresario polaco &#8211; recibimos del Creador un \u2018algo m\u00e1s\u2019 de capacidad tambi\u00e9n ante los problemas que comporta el dise\u00f1o de los proyectos, como tambi\u00e9n en la resoluci\u00f3n de cuestiones profesionales y familiares; y para escuchar y hablar. As\u00ed construimos el Reino de Dios\u2026 y lo dem\u00e1s se nos dar\u00e1 por a\u00f1adidura. Esto lo experimentamos cada d\u00eda. En efecto, a pesar de la crisis, la empresa sigue desarroll\u00e1ndose y creciendo\u00bb.<\/p>\n","protected":false},"excerpt":{"rendered":"<p>En Katowice (Polonia), desde hace 30 a\u00f1os, la empresa Complex Projekt dise\u00f1a carreteras y puentes. El relato de un empresario que se adhiri\u00f3ha adherido a los principios de la Econom\u00eda de Comuni\u00f3n.<\/p>\n","protected":false},"author":34,"featured_media":0,"comment_status":"open","ping_status":"open","sticky":false,"template":"","format":"standard","meta":{"give_campaign_id":0,"_seopress_robots_primary_cat":"","_seopress_titles_title":"","_seopress_titles_desc":"","_seopress_robots_index":"","_et_pb_use_builder":"","_et_pb_old_content":"","_et_gb_content_width":"","footnotes":""},"categories":[904],"tags":[],"class_list":["post-324246","post","type-post","status-publish","format-standard","hentry","category-focolare-worldwide-2-2"],"_links":{"self":[{"href":"https:\/\/www.focolare.org\/es\/wp-json\/wp\/v2\/posts\/324246","targetHints":{"allow":["GET"]}}],"collection":[{"href":"https:\/\/www.focolare.org\/es\/wp-json\/wp\/v2\/posts"}],"about":[{"href":"https:\/\/www.focolare.org\/es\/wp-json\/wp\/v2\/types\/post"}],"author":[{"embeddable":true,"href":"https:\/\/www.focolare.org\/es\/wp-json\/wp\/v2\/users\/34"}],"replies":[{"embeddable":true,"href":"https:\/\/www.focolare.org\/es\/wp-json\/wp\/v2\/comments?post=324246"}],"version-history":[{"count":0,"href":"https:\/\/www.focolare.org\/es\/wp-json\/wp\/v2\/posts\/324246\/revisions"}],"wp:attachment":[{"href":"https:\/\/www.focolare.org\/es\/wp-json\/wp\/v2\/media?parent=324246"}],"wp:term":[{"taxonomy":"category","embeddable":true,"href":"https:\/\/www.focolare.org\/es\/wp-json\/wp\/v2\/categories?post=324246"},{"taxonomy":"post_tag","embeddable":true,"href":"https:\/\/www.focolare.org\/es\/wp-json\/wp\/v2\/tags?post=324246"}],"curies":[{"name":"wp","href":"https:\/\/api.w.org\/{rel}","templated":true}]}}